{"id":3653,"date":"2025-11-20T08:05:33","date_gmt":"2025-11-20T08:05:33","guid":{"rendered":"https:\/\/altisk-mlak.edu.hu\/?p=3653"},"modified":"2025-11-24T12:22:55","modified_gmt":"2025-11-24T12:22:55","slug":"szent-erzsebet-napjan-2","status":"publish","type":"post","link":"https:\/\/altisk-mlak.edu.hu\/index.php\/szent-erzsebet-napjan-2\/","title":{"rendered":"Szent Erzs\u00e9bet napj\u00e1n"},"content":{"rendered":"<p align=\"justify\"><img fetchpriority=\"high\" decoding=\"async\" class=\"aligncenter size-full wp-image-3654\" src=\"https:\/\/altisk-mlak.edu.hu\/wp-content\/uploads\/2025\/11\/CJ0.jpg\" alt=\"\" width=\"1230\" height=\"923\" srcset=\"https:\/\/altisk-mlak.edu.hu\/wp-content\/uploads\/2025\/11\/CJ0.jpg 1230w, https:\/\/altisk-mlak.edu.hu\/wp-content\/uploads\/2025\/11\/CJ0-300x225.jpg 300w, https:\/\/altisk-mlak.edu.hu\/wp-content\/uploads\/2025\/11\/CJ0-1024x768.jpg 1024w, https:\/\/altisk-mlak.edu.hu\/wp-content\/uploads\/2025\/11\/CJ0-768x576.jpg 768w, https:\/\/altisk-mlak.edu.hu\/wp-content\/uploads\/2025\/11\/CJ0-600x450.jpg 600w\" sizes=\"(max-width: 1230px) 100vw, 1230px\" \/><\/p>\n<p align=\"justify\">November 19-\u00e9n a Szent Antal Karit\u00e1szcsoport \u00e9s iskol\u00e1nk Caritas Junior csoportja k\u00f6z\u00f6sen eml\u00e9kezett meg \u00c1rp\u00e1d-h\u00e1zi Szent Erzs\u00e9betr\u0151l. A cs\u00f6r\u00f6tneki Mih\u00f3k Mini K\u00e9zm\u0171ves P\u00e9ks\u00e9g Kft. tulajdonosai, Mih\u00f3k Erna \u00e9s Mih\u00f3k Zolt\u00e1n gy\u00f6ny\u00f6r\u0171, friss fonott kal\u00e1ccsal aj\u00e1nd\u00e9kozt\u00e1k meg a szeretetszolg\u00e1latot.<\/p>\n<p align=\"justify\">\n<p align=\"justify\">Az \u00f6t\u00f6dik oszt\u00e1lyos tanul\u00f3k szorgalmasan becsomagolt\u00e1k a p\u00e9k\u00e1rut, \u00e9s minden aj\u00e1nd\u00e9kba egy im\u00e1t tartalmaz\u00f3 szentk\u00e9pet is elhelyeztek. Ezut\u00e1n telep\u00fcl\u00e9senk\u00e9nt rendezt\u00e9k a csomagokat, el\u0151k\u00e9sz\u00edtve azokat a kisz\u00e1ll\u00edt\u00e1shoz.<\/p>\n<p align=\"justify\">H\u00e9t di\u00e1kunk \u2013 Benczik Botond, Doncsecz Vanda, Horv\u00e1th Lilla, Horv\u00e1th Zita, Mezei J\u00e1zmin, T\u00f3th Enik\u0151 \u00e9s Vad\u00e1sz Ad\u00e9l \u2013 feln\u0151tt \u00f6nk\u00e9ntesek k\u00eds\u00e9ret\u00e9ben ell\u00e1togattak egyed\u00fcl \u00e9l\u0151, id\u0151s emberekhez. Mindenhol nagy \u00f6r\u00f6mmel, szeretettel \u00e9s meghatotts\u00e1ggal fogadt\u00e1k \u0151ket, a gyermekek pedig Szent Erzs\u00e9bet lelk\u00fclet\u00e9nek h\u0171 k\u00f6vet\u0151ik\u00e9nt szolg\u00e1ltak ezen a napon.<\/p>\n<table style=\"border-collapse: collapse; width: 100%;\">\n<tbody>\n<tr>\n<td style=\"width: 50%;\"><img decoding=\"async\" class=\"aligncenter size-full wp-image-3655\" src=\"https:\/\/altisk-mlak.edu.hu\/wp-content\/uploads\/2025\/11\/CJ1.jpg\" alt=\"\" width=\"1230\" height=\"923\" srcset=\"https:\/\/altisk-mlak.edu.hu\/wp-content\/uploads\/2025\/11\/CJ1.jpg 1230w, https:\/\/altisk-mlak.edu.hu\/wp-content\/uploads\/2025\/11\/CJ1-300x225.jpg 300w, https:\/\/altisk-mlak.edu.hu\/wp-content\/uploads\/2025\/11\/CJ1-1024x768.jpg 1024w, https:\/\/altisk-mlak.edu.hu\/wp-content\/uploads\/2025\/11\/CJ1-768x576.jpg 768w, https:\/\/altisk-mlak.edu.hu\/wp-content\/uploads\/2025\/11\/CJ1-600x450.jpg 600w\" sizes=\"(max-width: 1230px) 100vw, 1230px\" \/><\/td>\n<td style=\"width: 50%;\"><img decoding=\"async\" class=\"aligncenter size-full wp-image-3656\" src=\"https:\/\/altisk-mlak.edu.hu\/wp-content\/uploads\/2025\/11\/CJ3.jpg\" alt=\"\" width=\"1230\" height=\"923\" srcset=\"https:\/\/altisk-mlak.edu.hu\/wp-content\/uploads\/2025\/11\/CJ3.jpg 1230w, https:\/\/altisk-mlak.edu.hu\/wp-content\/uploads\/2025\/11\/CJ3-300x225.jpg 300w, https:\/\/altisk-mlak.edu.hu\/wp-content\/uploads\/2025\/11\/CJ3-1024x768.jpg 1024w, https:\/\/altisk-mlak.edu.hu\/wp-content\/uploads\/2025\/11\/CJ3-768x576.jpg 768w, https:\/\/altisk-mlak.edu.hu\/wp-content\/uploads\/2025\/11\/CJ3-600x450.jpg 600w\" sizes=\"(max-width: 1230px) 100vw, 1230px\" \/><\/td>\n<\/tr>\n<tr>\n<td style=\"width: 50%;\"><img loading=\"lazy\" decoding=\"async\" class=\"aligncenter size-full wp-image-3657\" src=\"https:\/\/altisk-mlak.edu.hu\/wp-content\/uploads\/2025\/11\/CJ4.jpg\" alt=\"\" width=\"1230\" height=\"923\" srcset=\"https:\/\/altisk-mlak.edu.hu\/wp-content\/uploads\/2025\/11\/CJ4.jpg 1230w, https:\/\/altisk-mlak.edu.hu\/wp-content\/uploads\/2025\/11\/CJ4-300x225.jpg 300w, https:\/\/altisk-mlak.edu.hu\/wp-content\/uploads\/2025\/11\/CJ4-1024x768.jpg 1024w, https:\/\/altisk-mlak.edu.hu\/wp-content\/uploads\/2025\/11\/CJ4-768x576.jpg 768w, https:\/\/altisk-mlak.edu.hu\/wp-content\/uploads\/2025\/11\/CJ4-600x450.jpg 600w\" sizes=\"(max-width: 1230px) 100vw, 1230px\" \/><\/td>\n<td style=\"width: 50%;\"><img loading=\"lazy\" decoding=\"async\" class=\"aligncenter size-full wp-image-3658\" src=\"https:\/\/altisk-mlak.edu.hu\/wp-content\/uploads\/2025\/11\/CJ5.jpg\" alt=\"\" width=\"1230\" height=\"923\" srcset=\"https:\/\/altisk-mlak.edu.hu\/wp-content\/uploads\/2025\/11\/CJ5.jpg 1230w, https:\/\/altisk-mlak.edu.hu\/wp-content\/uploads\/2025\/11\/CJ5-300x225.jpg 300w, https:\/\/altisk-mlak.edu.hu\/wp-content\/uploads\/2025\/11\/CJ5-1024x768.jpg 1024w, https:\/\/altisk-mlak.edu.hu\/wp-content\/uploads\/2025\/11\/CJ5-768x576.jpg 768w, https:\/\/altisk-mlak.edu.hu\/wp-content\/uploads\/2025\/11\/CJ5-600x450.jpg 600w\" sizes=\"(max-width: 1230px) 100vw, 1230px\" \/><\/td>\n<\/tr>\n<\/tbody>\n<\/table>\n<p align=\"justify\">A jeles nap \u00fczenete arra h\u00edv minket, hogy k\u00f6vess\u00fck Szent Erzs\u00e9bet p\u00e9ld\u00e1j\u00e1t: legy\u00fcnk \u00f6nzetlenek, j\u00f3s\u00e1gosak \u00e9s figyelmesek m\u00e1sok ir\u00e1nt. Arra eml\u00e9keztet, hogy a szeretet nem csup\u00e1n szavakban, hanem tettekben is megnyilv\u00e1nul, \u00e9s minden apr\u00f3 j\u00f3cselekedet sz\u00e1m\u00edt. A Szent Erzs\u00e9bet-nap arra \u00f6szt\u00f6n\u00f6z, hogy forduljunk a seg\u00edts\u00e9gre szorul\u00f3 embert\u00e1rsaink fel\u00e9, ny\u00fajtsunk t\u00e1mogat\u00e1st k\u00f6z\u00f6ss\u00e9g\u00fcnk tagjainak, \u00e9s a mindennapok sor\u00e1n is pr\u00f3b\u00e1ljunk a szeretet k\u00f6veteiv\u00e9 v\u00e1lni. \u00cdgy gyermekeink \u00e9s feln\u0151ttek egyar\u00e1nt megtapasztalhatj\u00e1k a m\u00e1sok\u00e9rt \u00e9l\u00e9s \u00f6r\u00f6m\u00e9t \u00e9s a k\u00f6z\u00f6ss\u00e9gi \u00f6sszefog\u00e1s erej\u00e9t.<\/p>\n<p style=\"text-align: right;\"><i>Mezein\u00e9 Kiss Katalin<\/i><\/p>\n<p align=\"justify\">\n","protected":false},"excerpt":{"rendered":"<p>November 19-\u00e9n a Szent Antal Karit\u00e1szcsoport \u00e9s iskol\u00e1nk Caritas Junior csoportja k\u00f6z\u00f6sen eml\u00e9kezett meg \u00c1rp\u00e1d-h\u00e1zi Szent Erzs\u00e9betr\u0151l. A cs\u00f6r\u00f6tneki Mih\u00f3k Mini K\u00e9zm\u0171ves P\u00e9ks\u00e9g Kft. tulajdonosai, Mih\u00f3k Erna \u00e9s Mih\u00f3k Zolt\u00e1n gy\u00f6ny\u00f6r\u0171, friss<a class=\"moretag\" href=\"https:\/\/altisk-mlak.edu.hu\/index.php\/szent-erzsebet-napjan-2\/\">Read More&#8230;<\/a><\/p>\n","protected":false},"author":3,"featured_media":0,"comment_status":"closed","ping_status":"closed","sticky":false,"template":"","format":"standard","meta":{"two_page_speed":[],"footnotes":""},"categories":[1],"tags":[],"class_list":["post-3653","post","type-post","status-publish","format-standard","hentry","category-egyeb"],"_links":{"self":[{"href":"https:\/\/altisk-mlak.edu.hu\/index.php\/wp-json\/wp\/v2\/posts\/3653","targetHints":{"allow":["GET"]}}],"collection":[{"href":"https:\/\/altisk-mlak.edu.hu\/index.php\/wp-json\/wp\/v2\/posts"}],"about":[{"href":"https:\/\/altisk-mlak.edu.hu\/index.php\/wp-json\/wp\/v2\/types\/post"}],"author":[{"embeddable":true,"href":"https:\/\/altisk-mlak.edu.hu\/index.php\/wp-json\/wp\/v2\/users\/3"}],"replies":[{"embeddable":true,"href":"https:\/\/altisk-mlak.edu.hu\/index.php\/wp-json\/wp\/v2\/comments?post=3653"}],"version-history":[{"count":1,"href":"https:\/\/altisk-mlak.edu.hu\/index.php\/wp-json\/wp\/v2\/posts\/3653\/revisions"}],"predecessor-version":[{"id":3659,"href":"https:\/\/altisk-mlak.edu.hu\/index.php\/wp-json\/wp\/v2\/posts\/3653\/revisions\/3659"}],"wp:attachment":[{"href":"https:\/\/altisk-mlak.edu.hu\/index.php\/wp-json\/wp\/v2\/media?parent=3653"}],"wp:term":[{"taxonomy":"category","embeddable":true,"href":"https:\/\/altisk-mlak.edu.hu\/index.php\/wp-json\/wp\/v2\/categories?post=3653"},{"taxonomy":"post_tag","embeddable":true,"href":"https:\/\/altisk-mlak.edu.hu\/index.php\/wp-json\/wp\/v2\/tags?post=3653"}],"curies":[{"name":"wp","href":"https:\/\/api.w.org\/{rel}","templated":true}]}}