{"id":3697,"date":"2025-12-01T08:22:19","date_gmt":"2025-12-01T08:22:19","guid":{"rendered":"https:\/\/altisk-mlak.edu.hu\/?p=3697"},"modified":"2025-12-02T07:10:22","modified_gmt":"2025-12-02T07:10:22","slug":"adventi-gyertyagyujtas-1-2","status":"publish","type":"post","link":"https:\/\/altisk-mlak.edu.hu\/index.php\/adventi-gyertyagyujtas-1-2\/","title":{"rendered":"Adventi gyertyagy\u00fajt\u00e1s 1."},"content":{"rendered":"<p align=\"justify\">Az els\u0151 adventi gyertyagy\u00fajt\u00e1s alkalm\u00e1val dr. Tak\u00e1cs Gyula pl\u00e9b\u00e1nos, iskolalelk\u00e9sz osztotta meg gondolatait az iskola k\u00f6z\u00f6ss\u00e9g\u00e9vel. Besz\u00e9d\u00e9ben hangs\u00falyozta, hogy az advent v\u00e1rakoz\u00e1sa arr\u00f3l sz\u00f3l, hogy valaki elj\u00f6n hozz\u00e1nk. \u0150 J\u00e9zus, aki csak akkor tud bel\u00e9pni az \u00e9let\u00fcnkbe, ha megnyitjuk sz\u00e1m\u00e1ra sz\u00edv\u00fcnk ajtaj\u00e1t. Ugyanakkor nek\u00fcnk is t\u00f6rekedn\u00fcnk kell fel\u00e9: apr\u00f3, mindennapi j\u00f3tettekkel k\u00f6zel\u00edthet\u00fcnk hozz\u00e1. A r\u00f6vid elm\u00e9lked\u00e9st k\u00f6vet\u0151en a pl\u00e9b\u00e1nos meggy\u00fajtotta az els\u0151 gyerty\u00e1t, a hit gyerty\u00e1j\u00e1t. Az \u00fcnnepi alkalmat az iskolak\u00f6z\u00f6ss\u00e9g k\u00f6z\u00f6s \u00e9nekl\u00e9se tette teljess\u00e9.<\/p>\n<table style=\"border-collapse: collapse; width: 100%;\">\n<tbody>\n<tr>\n<td style=\"width: 50%;\"><img decoding=\"async\" class=\"aligncenter wp-image-3699\" src=\"https:\/\/altisk-mlak.edu.hu\/wp-content\/uploads\/2025\/12\/1000017626-225x300.jpg\" alt=\"\" width=\"188\" height=\"250\" srcset=\"https:\/\/altisk-mlak.edu.hu\/wp-content\/uploads\/2025\/12\/1000017626-225x300.jpg 225w, https:\/\/altisk-mlak.edu.hu\/wp-content\/uploads\/2025\/12\/1000017626-768x1024.jpg 768w, https:\/\/altisk-mlak.edu.hu\/wp-content\/uploads\/2025\/12\/1000017626-1152x1536.jpg 1152w, https:\/\/altisk-mlak.edu.hu\/wp-content\/uploads\/2025\/12\/1000017626-450x600.jpg 450w, https:\/\/altisk-mlak.edu.hu\/wp-content\/uploads\/2025\/12\/1000017626.jpg 1500w\" sizes=\"(max-width: 188px) 100vw, 188px\" \/><\/td>\n<td style=\"width: 50%;\"><img fetchpriority=\"high\" decoding=\"async\" class=\"alignleft wp-image-3698\" src=\"https:\/\/altisk-mlak.edu.hu\/wp-content\/uploads\/2025\/12\/1000017621-300x225.jpg\" alt=\"\" width=\"333\" height=\"250\" srcset=\"https:\/\/altisk-mlak.edu.hu\/wp-content\/uploads\/2025\/12\/1000017621-300x225.jpg 300w, https:\/\/altisk-mlak.edu.hu\/wp-content\/uploads\/2025\/12\/1000017621-1024x768.jpg 1024w, https:\/\/altisk-mlak.edu.hu\/wp-content\/uploads\/2025\/12\/1000017621-768x576.jpg 768w, https:\/\/altisk-mlak.edu.hu\/wp-content\/uploads\/2025\/12\/1000017621-1536x1152.jpg 1536w, https:\/\/altisk-mlak.edu.hu\/wp-content\/uploads\/2025\/12\/1000017621-2048x1536.jpg 2048w, https:\/\/altisk-mlak.edu.hu\/wp-content\/uploads\/2025\/12\/1000017621-600x450.jpg 600w\" sizes=\"(max-width: 333px) 100vw, 333px\" \/><\/td>\n<\/tr>\n<\/tbody>\n<\/table>\n<p style=\"text-align: right;\"><em>Mezein\u00e9 Kiss Katalin<\/em><\/p>\n","protected":false},"excerpt":{"rendered":"<p>Az els\u0151 adventi gyertyagy\u00fajt\u00e1s alkalm\u00e1val dr. Tak\u00e1cs Gyula pl\u00e9b\u00e1nos, iskolalelk\u00e9sz osztotta meg gondolatait az iskola k\u00f6z\u00f6ss\u00e9g\u00e9vel. Besz\u00e9d\u00e9ben hangs\u00falyozta, hogy az advent v\u00e1rakoz\u00e1sa arr\u00f3l sz\u00f3l, hogy valaki elj\u00f6n hozz\u00e1nk. \u0150 J\u00e9zus, aki csak<a class=\"moretag\" href=\"https:\/\/altisk-mlak.edu.hu\/index.php\/adventi-gyertyagyujtas-1-2\/\">Read More&#8230;<\/a><\/p>\n","protected":false},"author":3,"featured_media":0,"comment_status":"closed","ping_status":"closed","sticky":false,"template":"","format":"standard","meta":{"two_page_speed":[],"footnotes":""},"categories":[1],"tags":[],"class_list":["post-3697","post","type-post","status-publish","format-standard","hentry","category-egyeb"],"_links":{"self":[{"href":"https:\/\/altisk-mlak.edu.hu\/index.php\/wp-json\/wp\/v2\/posts\/3697","targetHints":{"allow":["GET"]}}],"collection":[{"href":"https:\/\/altisk-mlak.edu.hu\/index.php\/wp-json\/wp\/v2\/posts"}],"about":[{"href":"https:\/\/altisk-mlak.edu.hu\/index.php\/wp-json\/wp\/v2\/types\/post"}],"author":[{"embeddable":true,"href":"https:\/\/altisk-mlak.edu.hu\/index.php\/wp-json\/wp\/v2\/users\/3"}],"replies":[{"embeddable":true,"href":"https:\/\/altisk-mlak.edu.hu\/index.php\/wp-json\/wp\/v2\/comments?post=3697"}],"version-history":[{"count":1,"href":"https:\/\/altisk-mlak.edu.hu\/index.php\/wp-json\/wp\/v2\/posts\/3697\/revisions"}],"predecessor-version":[{"id":3700,"href":"https:\/\/altisk-mlak.edu.hu\/index.php\/wp-json\/wp\/v2\/posts\/3697\/revisions\/3700"}],"wp:attachment":[{"href":"https:\/\/altisk-mlak.edu.hu\/index.php\/wp-json\/wp\/v2\/media?parent=3697"}],"wp:term":[{"taxonomy":"category","embeddable":true,"href":"https:\/\/altisk-mlak.edu.hu\/index.php\/wp-json\/wp\/v2\/categories?post=3697"},{"taxonomy":"post_tag","embeddable":true,"href":"https:\/\/altisk-mlak.edu.hu\/index.php\/wp-json\/wp\/v2\/tags?post=3697"}],"curies":[{"name":"wp","href":"https:\/\/api.w.org\/{rel}","templated":true}]}}