{"id":3703,"date":"2025-12-02T07:14:23","date_gmt":"2025-12-02T07:14:23","guid":{"rendered":"https:\/\/altisk-mlak.edu.hu\/?p=3703"},"modified":"2025-12-03T06:59:57","modified_gmt":"2025-12-03T06:59:57","slug":"uj-lako-a-gyumolcsoskertben","status":"publish","type":"post","link":"https:\/\/altisk-mlak.edu.hu\/index.php\/uj-lako-a-gyumolcsoskertben\/","title":{"rendered":"\u00daj lak\u00f3 a gy\u00fcm\u00f6lcs\u00f6skertben"},"content":{"rendered":"<p style=\"text-align: justify;\"><img decoding=\"async\" class=\"alignleft wp-image-3718 size-thumbnail\" src=\"https:\/\/altisk-mlak.edu.hu\/wp-content\/uploads\/2025\/12\/1000017882-150x150.jpg\" alt=\"\" width=\"150\" height=\"150\" \/>November 28-\u00e1n a \u201eFogadj \u00f6r\u00f6kbe egy gy\u00fcm\u00f6lcsf\u00e1t!\u201d elnevez\u00e9s\u0171 iskolai akci\u00f3napra ker\u00fclt sor az \u0150rs\u00e9gi Nemzeti Park munkat\u00e1rsainak k\u00f6zrem\u0171k\u00f6d\u00e9s\u00e9vel. Als\u00f3s tanul\u00f3ink \u0150r-Hoffmann Eszter vez\u00e9nylet\u00e9vel egy izgalmas \u00e1llatos activity j\u00e1t\u00e9kot j\u00e1tszottak. T\u00fcske-Cs\u00e1ky J\u00falia pedig interakt\u00edv el\u0151ad\u00e1st tartott, melyen a kasz\u00e1l\u00f3gy\u00fcm\u00f6lcs\u00f6s\u00f6k \u00e9l\u0151vil\u00e1g\u00e1ba nyerhett\u00fcnk betekint\u00e9st. <img decoding=\"async\" class=\"alignright wp-image-3715 size-thumbnail\" src=\"https:\/\/altisk-mlak.edu.hu\/wp-content\/uploads\/2025\/12\/1000017879-150x150.jpg\" alt=\"\" width=\"150\" height=\"150\" \/>A tantermi foglalkoz\u00e1sokat k\u00f6vet\u0151en az iskola gy\u00fcm\u00f6lcs\u00f6skertj\u00e9t gyarap\u00edtva k\u00f6z\u00f6sen el\u00fcltett\u00fcnk egy batul gy\u00fcm\u00f6lcsfa csemet\u00e9t. Meg\u00edg\u00e9rt\u00fck, hogy \u00fajdons\u00fclt csemet\u00e9nket \u00f3vjuk, v\u00e9dj\u00fck, gondozzuk \u00e9s fejl\u0151d\u00e9s\u00e9t figyelemmel k\u00eds\u00e9rj\u00fck. A fa\u00fcltet\u00e9s ut\u00e1n Tibi b\u00e1csi seg\u00edts\u00e9g\u00e9vel gy\u00fcm\u00f6lcs\u00f6skert\u00fcnk egyik id\u0151sebb lak\u00f3j\u00e1n \u00f6r\u00f6mmel helyezt\u00fck el az aj\u00e1nd\u00e9kba kapott mad\u00e1rod\u00fat, mely \u00e9nekes mad\u00e1rfajoknak szolg\u00e1l ide\u00e1lis k\u00f6lt\u0151hely\u00fcl.<\/p>\n<table style=\"border-collapse: collapse; width: 100%;\">\n<tbody>\n<tr>\n<td style=\"width: 50%;\"><img fetchpriority=\"high\" decoding=\"async\" class=\"aligncenter size-medium wp-image-3717\" src=\"https:\/\/altisk-mlak.edu.hu\/wp-content\/uploads\/2025\/12\/1000017880-225x300.jpg\" alt=\"\" width=\"225\" height=\"300\" srcset=\"https:\/\/altisk-mlak.edu.hu\/wp-content\/uploads\/2025\/12\/1000017880-225x300.jpg 225w, https:\/\/altisk-mlak.edu.hu\/wp-content\/uploads\/2025\/12\/1000017880-768x1024.jpg 768w, https:\/\/altisk-mlak.edu.hu\/wp-content\/uploads\/2025\/12\/1000017880-1152x1536.jpg 1152w, https:\/\/altisk-mlak.edu.hu\/wp-content\/uploads\/2025\/12\/1000017880-450x600.jpg 450w, https:\/\/altisk-mlak.edu.hu\/wp-content\/uploads\/2025\/12\/1000017880.jpg 1286w\" sizes=\"(max-width: 225px) 100vw, 225px\" \/><\/td>\n<td style=\"width: 50%;\"><img loading=\"lazy\" decoding=\"async\" class=\"aligncenter size-medium wp-image-3716\" src=\"https:\/\/altisk-mlak.edu.hu\/wp-content\/uploads\/2025\/12\/1000017881-225x300.jpg\" alt=\"\" width=\"225\" height=\"300\" srcset=\"https:\/\/altisk-mlak.edu.hu\/wp-content\/uploads\/2025\/12\/1000017881-225x300.jpg 225w, https:\/\/altisk-mlak.edu.hu\/wp-content\/uploads\/2025\/12\/1000017881-450x600.jpg 450w, https:\/\/altisk-mlak.edu.hu\/wp-content\/uploads\/2025\/12\/1000017881.jpg 720w\" sizes=\"(max-width: 225px) 100vw, 225px\" \/><\/td>\n<\/tr>\n<\/tbody>\n<\/table>\n<p style=\"text-align: right;\"><em>Zak\u00f3cs Veronika<\/em><\/p>\n","protected":false},"excerpt":{"rendered":"<p>November 28-\u00e1n a \u201eFogadj \u00f6r\u00f6kbe egy gy\u00fcm\u00f6lcsf\u00e1t!\u201d elnevez\u00e9s\u0171 iskolai akci\u00f3napra ker\u00fclt sor az \u0150rs\u00e9gi Nemzeti Park munkat\u00e1rsainak k\u00f6zrem\u0171k\u00f6d\u00e9s\u00e9vel. Als\u00f3s tanul\u00f3ink \u0150r-Hoffmann Eszter vez\u00e9nylet\u00e9vel egy izgalmas \u00e1llatos activity j\u00e1t\u00e9kot j\u00e1tszottak. T\u00fcske-Cs\u00e1ky J\u00falia pedig<a class=\"moretag\" href=\"https:\/\/altisk-mlak.edu.hu\/index.php\/uj-lako-a-gyumolcsoskertben\/\">Read More&#8230;<\/a><\/p>\n","protected":false},"author":3,"featured_media":0,"comment_status":"closed","ping_status":"closed","sticky":false,"template":"","format":"standard","meta":{"two_page_speed":[],"footnotes":""},"categories":[1],"tags":[],"class_list":["post-3703","post","type-post","status-publish","format-standard","hentry","category-egyeb"],"_links":{"self":[{"href":"https:\/\/altisk-mlak.edu.hu\/index.php\/wp-json\/wp\/v2\/posts\/3703","targetHints":{"allow":["GET"]}}],"collection":[{"href":"https:\/\/altisk-mlak.edu.hu\/index.php\/wp-json\/wp\/v2\/posts"}],"about":[{"href":"https:\/\/altisk-mlak.edu.hu\/index.php\/wp-json\/wp\/v2\/types\/post"}],"author":[{"embeddable":true,"href":"https:\/\/altisk-mlak.edu.hu\/index.php\/wp-json\/wp\/v2\/users\/3"}],"replies":[{"embeddable":true,"href":"https:\/\/altisk-mlak.edu.hu\/index.php\/wp-json\/wp\/v2\/comments?post=3703"}],"version-history":[{"count":3,"href":"https:\/\/altisk-mlak.edu.hu\/index.php\/wp-json\/wp\/v2\/posts\/3703\/revisions"}],"predecessor-version":[{"id":3720,"href":"https:\/\/altisk-mlak.edu.hu\/index.php\/wp-json\/wp\/v2\/posts\/3703\/revisions\/3720"}],"wp:attachment":[{"href":"https:\/\/altisk-mlak.edu.hu\/index.php\/wp-json\/wp\/v2\/media?parent=3703"}],"wp:term":[{"taxonomy":"category","embeddable":true,"href":"https:\/\/altisk-mlak.edu.hu\/index.php\/wp-json\/wp\/v2\/categories?post=3703"},{"taxonomy":"post_tag","embeddable":true,"href":"https:\/\/altisk-mlak.edu.hu\/index.php\/wp-json\/wp\/v2\/tags?post=3703"}],"curies":[{"name":"wp","href":"https:\/\/api.w.org\/{rel}","templated":true}]}}