{"id":3758,"date":"2025-12-09T07:54:30","date_gmt":"2025-12-09T07:54:30","guid":{"rendered":"https:\/\/altisk-mlak.edu.hu\/?p=3758"},"modified":"2025-12-10T07:58:21","modified_gmt":"2025-12-10T07:58:21","slug":"adventi-gyertyagyujtas-2","status":"publish","type":"post","link":"https:\/\/altisk-mlak.edu.hu\/index.php\/adventi-gyertyagyujtas-2\/","title":{"rendered":"Adventi gyertyagy\u00fajt\u00e1s 2."},"content":{"rendered":"<p align=\"justify\">Advent csendes id\u0151szak\u00e1ban k\u00fcl\u00f6n\u00f6sen fontos sz\u00e1munkra, hogy k\u00f6z\u00f6ss\u00e9gk\u00e9nt is meg\u00e1lljunk egy pillanatra, \u00e9s egy\u00fctt hangol\u00f3djunk a k\u00f6zeled\u0151 \u00fcnnepre. Gyula atya adventi gondolatai arra eml\u00e9keztettek benn\u00fcnket, hogy a v\u00e1rakoz\u00e1s napjai nem csup\u00e1n a k\u00fcls\u0151 k\u00e9sz\u00fcl\u0151d\u00e9sr\u0151l sz\u00f3lnak, hanem arr\u00f3l is, hogy a sz\u00edv\u00fcnkben teremts\u00fcnk helyet a szeretetnek, az odafigyel\u00e9snek \u00e9s az igazi kar\u00e1csonyi \u00f6r\u00f6mnek. Az iskolalelk\u00e9sz utalt arra, hogy az adventi koszor\u00fa m\u00e1sodik gyerty\u00e1j\u00e1nak meggy\u00fajt\u00e1sa fontos pillanat sz\u00e1munkra. A 2. vas\u00e1rnap f\u00e9ny\u00e9vel m\u00e9g k\u00f6zelebb ker\u00fclt\u00fcnk J\u00e9zushoz \u00e9s a kar\u00e1csonyhoz, hiszen a l\u00e1ng nemcsak a rem\u00e9ny n\u00f6veked\u00e9s\u00e9t jelk\u00e9pezi, hanem azt is, hogy egyre vil\u00e1gosabban l\u00e1tjuk az \u00fcnnep val\u00f3di \u00e9rtelm\u00e9t: Isten szeretet\u00e9nek megsz\u00fclet\u00e9s\u00e9t a vil\u00e1gban \u00e9s a mi \u00e9let\u00fcnkben. A k\u00f6z\u00f6sen \u00e1t\u00e9lt reggel nemcsak hagyom\u00e1nyainkat er\u0151s\u00edtette, hanem lelki \u00fatraval\u00f3t is adott, amely seg\u00edt benn\u00fcnket abban, hogy m\u00e9lt\u00f3 m\u00f3don k\u00e9sz\u00fclj\u00fcnk a kar\u00e1csony \u00f6r\u00f6mh\u00edr\u00e9nek befogad\u00e1s\u00e1ra.<\/p>\n<p style=\"text-align: right;\"><em>Mezein\u00e9 Kiss Katalin<\/em><\/p>\n","protected":false},"excerpt":{"rendered":"<p>Advent csendes id\u0151szak\u00e1ban k\u00fcl\u00f6n\u00f6sen fontos sz\u00e1munkra, hogy k\u00f6z\u00f6ss\u00e9gk\u00e9nt is meg\u00e1lljunk egy pillanatra, \u00e9s egy\u00fctt hangol\u00f3djunk a k\u00f6zeled\u0151 \u00fcnnepre. Gyula atya adventi gondolatai arra eml\u00e9keztettek benn\u00fcnket, hogy a v\u00e1rakoz\u00e1s napjai nem csup\u00e1n a<a class=\"moretag\" href=\"https:\/\/altisk-mlak.edu.hu\/index.php\/adventi-gyertyagyujtas-2\/\">Read More&#8230;<\/a><\/p>\n","protected":false},"author":3,"featured_media":0,"comment_status":"closed","ping_status":"closed","sticky":false,"template":"","format":"standard","meta":{"two_page_speed":[],"footnotes":""},"categories":[1],"tags":[],"class_list":["post-3758","post","type-post","status-publish","format-standard","hentry","category-egyeb"],"_links":{"self":[{"href":"https:\/\/altisk-mlak.edu.hu\/index.php\/wp-json\/wp\/v2\/posts\/3758","targetHints":{"allow":["GET"]}}],"collection":[{"href":"https:\/\/altisk-mlak.edu.hu\/index.php\/wp-json\/wp\/v2\/posts"}],"about":[{"href":"https:\/\/altisk-mlak.edu.hu\/index.php\/wp-json\/wp\/v2\/types\/post"}],"author":[{"embeddable":true,"href":"https:\/\/altisk-mlak.edu.hu\/index.php\/wp-json\/wp\/v2\/users\/3"}],"replies":[{"embeddable":true,"href":"https:\/\/altisk-mlak.edu.hu\/index.php\/wp-json\/wp\/v2\/comments?post=3758"}],"version-history":[{"count":1,"href":"https:\/\/altisk-mlak.edu.hu\/index.php\/wp-json\/wp\/v2\/posts\/3758\/revisions"}],"predecessor-version":[{"id":3759,"href":"https:\/\/altisk-mlak.edu.hu\/index.php\/wp-json\/wp\/v2\/posts\/3758\/revisions\/3759"}],"wp:attachment":[{"href":"https:\/\/altisk-mlak.edu.hu\/index.php\/wp-json\/wp\/v2\/media?parent=3758"}],"wp:term":[{"taxonomy":"category","embeddable":true,"href":"https:\/\/altisk-mlak.edu.hu\/index.php\/wp-json\/wp\/v2\/categories?post=3758"},{"taxonomy":"post_tag","embeddable":true,"href":"https:\/\/altisk-mlak.edu.hu\/index.php\/wp-json\/wp\/v2\/tags?post=3758"}],"curies":[{"name":"wp","href":"https:\/\/api.w.org\/{rel}","templated":true}]}}