{"id":378,"date":"2018-08-31T11:02:34","date_gmt":"2018-08-31T11:02:34","guid":{"rendered":"http:\/\/altisk-mlak.sulinet.hu\/?p=378"},"modified":"2021-05-30T13:15:03","modified_gmt":"2021-05-30T13:15:03","slug":"tanevnyito-unnepely","status":"publish","type":"post","link":"https:\/\/altisk-mlak.edu.hu\/index.php\/tanevnyito-unnepely\/","title":{"rendered":"Tan\u00e9vnyit\u00f3 \u00fcnnep\u00e9ly"},"content":{"rendered":"<p>A Szentgotth\u00e1rd \u00e9s T\u00e9rs\u00e9ge Iskola Magyarlak- Cs\u00f6r\u00f6tnek \u00c1ltal\u00e1nos Iskol\u00e1ja \u00a0<strong>\u00fcnnep\u00e9lyes tan\u00e9vnyit\u00f3j\u00e1nak<\/strong> id\u0151pontja: <strong>szeptember 3. <\/strong><strong>8 \u00f3ra<\/strong>.<!--more--><\/p>\n<p><img decoding=\"async\" class=\"size-full wp-image-379 alignleft\" src=\"http:\/\/altisk-mlak.sulinet.hu\/wp-content\/uploads\/2018\/08\/000.jpg\" alt=\"\" width=\"181\" height=\"187\" \/>Mindenkit szeretettel v\u00e1runk!<\/p>\n<p>A tan\u00e9vnyit\u00f3 ut\u00e1n vehetik \u00e1t tanul\u00f3ink a tank\u00f6nyveket, majd oszt\u00e1lyf\u0151n\u00f6ki \u00f3r\u00e1kkal folytat\u00f3dik a tan\u00edt\u00e1s. Ezen a napon \u00e9tkez\u00e9s lesz, napk\u00f6zis ell\u00e1t\u00e1st ig\u00e9ny szerint biztos\u00edtunk.<\/p>\n<p>A gyerekek t\u00e1sk\u00e1t, \u00edr\u00f3eszk\u00f6zt, jegyzetf\u00fczetet, \u00f3rarendet hozzanak magukkal!<\/p>\n","protected":false},"excerpt":{"rendered":"<p>A Szentgotth\u00e1rd \u00e9s T\u00e9rs\u00e9ge Iskola Magyarlak- Cs\u00f6r\u00f6tnek \u00c1ltal\u00e1nos Iskol\u00e1ja \u00a0\u00fcnnep\u00e9lyes tan\u00e9vnyit\u00f3j\u00e1nak id\u0151pontja: szeptember 3. 8 \u00f3ra.<\/p>\n","protected":false},"author":1,"featured_media":0,"comment_status":"closed","ping_status":"closed","sticky":false,"template":"","format":"standard","meta":{"two_page_speed":[],"footnotes":""},"categories":[23,22],"tags":[],"class_list":["post-378","post","type-post","status-publish","format-standard","hentry","category-esemeny","category-oktatas"],"_links":{"self":[{"href":"https:\/\/altisk-mlak.edu.hu\/index.php\/wp-json\/wp\/v2\/posts\/378","targetHints":{"allow":["GET"]}}],"collection":[{"href":"https:\/\/altisk-mlak.edu.hu\/index.php\/wp-json\/wp\/v2\/posts"}],"about":[{"href":"https:\/\/altisk-mlak.edu.hu\/index.php\/wp-json\/wp\/v2\/types\/post"}],"author":[{"embeddable":true,"href":"https:\/\/altisk-mlak.edu.hu\/index.php\/wp-json\/wp\/v2\/users\/1"}],"replies":[{"embeddable":true,"href":"https:\/\/altisk-mlak.edu.hu\/index.php\/wp-json\/wp\/v2\/comments?post=378"}],"version-history":[{"count":2,"href":"https:\/\/altisk-mlak.edu.hu\/index.php\/wp-json\/wp\/v2\/posts\/378\/revisions"}],"predecessor-version":[{"id":381,"href":"https:\/\/altisk-mlak.edu.hu\/index.php\/wp-json\/wp\/v2\/posts\/378\/revisions\/381"}],"wp:attachment":[{"href":"https:\/\/altisk-mlak.edu.hu\/index.php\/wp-json\/wp\/v2\/media?parent=378"}],"wp:term":[{"taxonomy":"category","embeddable":true,"href":"https:\/\/altisk-mlak.edu.hu\/index.php\/wp-json\/wp\/v2\/categories?post=378"},{"taxonomy":"post_tag","embeddable":true,"href":"https:\/\/altisk-mlak.edu.hu\/index.php\/wp-json\/wp\/v2\/tags?post=378"}],"curies":[{"name":"wp","href":"https:\/\/api.w.org\/{rel}","templated":true}]}}