{"id":3803,"date":"2026-01-06T07:38:49","date_gmt":"2026-01-06T07:38:49","guid":{"rendered":"https:\/\/altisk-mlak.edu.hu\/?p=3803"},"modified":"2026-01-12T08:29:04","modified_gmt":"2026-01-12T08:29:04","slug":"iskolank-reszvetele-a-spacebuzz-nemzetkozi-projektben","status":"publish","type":"post","link":"https:\/\/altisk-mlak.edu.hu\/index.php\/iskolank-reszvetele-a-spacebuzz-nemzetkozi-projektben\/","title":{"rendered":"Iskol\u00e1nk r\u00e9szv\u00e9tele a SpaceBuzz nemzetk\u00f6zi projektben"},"content":{"rendered":"<p align=\"justify\"><img fetchpriority=\"high\" decoding=\"async\" class=\"aligncenter size-large wp-image-3804\" src=\"https:\/\/altisk-mlak.edu.hu\/wp-content\/uploads\/2026\/01\/spacebuzz-logo2-1024x558.png\" alt=\"\" width=\"604\" height=\"329\" srcset=\"https:\/\/altisk-mlak.edu.hu\/wp-content\/uploads\/2026\/01\/spacebuzz-logo2-1024x558.png 1024w, https:\/\/altisk-mlak.edu.hu\/wp-content\/uploads\/2026\/01\/spacebuzz-logo2-300x163.png 300w, https:\/\/altisk-mlak.edu.hu\/wp-content\/uploads\/2026\/01\/spacebuzz-logo2-768x418.png 768w, https:\/\/altisk-mlak.edu.hu\/wp-content\/uploads\/2026\/01\/spacebuzz-logo2-1536x837.png 1536w, https:\/\/altisk-mlak.edu.hu\/wp-content\/uploads\/2026\/01\/spacebuzz-logo2-600x327.png 600w, https:\/\/altisk-mlak.edu.hu\/wp-content\/uploads\/2026\/01\/spacebuzz-logo2.png 1621w\" sizes=\"(max-width: 604px) 100vw, 604px\" \/><\/p>\n<p align=\"justify\"><span style=\"font-family: arial, helvetica, sans-serif;\"><span style=\"font-size: medium;\">\u00d6r\u00f6mmel sz\u00e1molunk be arr\u00f3l, hogy iskol\u00e1nk <\/span><span style=\"font-size: medium;\">r\u00e9szv\u00e9teli lehet\u0151s\u00e9get nyert a SpaceBuzz nemzetk\u00f6zi oktat\u00e1si projektben<\/span><span style=\"font-size: medium;\">. A program orsz\u00e1gos szinten mind\u00f6ssze <\/span><span style=\"font-size: medium;\">28 iskol\u00e1t<\/span><span style=\"font-size: medium;\"> v\u00e1lasztott ki, \u00edgy k\u00fcl\u00f6n megtiszteltet\u00e9s sz\u00e1munkra, hogy kistelep\u00fcl\u00e9si iskol\u00e1nk is beker\u00fclt ebbe az el\u0151remutat\u00f3 kezdem\u00e9nyez\u00e9sbe.<\/span><\/span><\/p>\n<p align=\"justify\"><span style=\"font-family: arial, helvetica, sans-serif;\"><span style=\"font-size: medium;\">A <\/span><span style=\"font-size: medium;\">SpaceBuzz Project<\/span><span style=\"font-size: medium;\"> egy <\/span><span style=\"font-size: medium;\">innovat\u00edv oktat\u00e1si program<\/span><span style=\"font-size: medium;\">, amely a <\/span><span style=\"font-size: medium;\">STE(A)M szeml\u00e9letet<\/span><span style=\"font-size: medium;\"> alkalmazva k\u00edn\u00e1l a gyerekek sz\u00e1m\u00e1ra egyed\u00fcl\u00e1ll\u00f3 tanul\u00e1si \u00e9lm\u00e9nyt. A program sor\u00e1n a r\u00e9sztvev\u0151knek 12 k\u00fcldet\u00e9st kell teljes\u00edteni\u00fck, s\u0151t egy <\/span><span style=\"font-size: medium;\">virtu\u00e1lis \u0171rutaz\u00e1son<\/span><span style=\"font-size: medium;\"> is r\u00e9szt vehetnek egy idetelep\u00edtett szimul\u00e1tor seg\u00edts\u00e9g\u00e9vel, amely nemcsak leny\u0171g\u00f6z\u0151 \u00e9lm\u00e9nyt ny\u00fajt, hanem seg\u00edt tudatos\u00edtani a <\/span><span style=\"font-size: medium;\">kl\u00edma- \u00e9s k\u00f6rnyezetv\u00e9delem<\/span><span style=\"font-size: medium;\">, valamint a <\/span><span style=\"font-size: medium;\">term\u00e9szettudom\u00e1nyok<\/span><span style=\"font-size: medium;\"> kiemelt jelent\u0151s\u00e9g\u00e9t is. A projekt c\u00e9lja, hogy a tanul\u00f3k \u00e9lm\u00e9nyszer\u0171 form\u00e1ban \u00e9rts\u00e9k meg: bolyg\u00f3nk v\u00e9delme k\u00f6z\u00f6s felel\u0151ss\u00e9g\u00fcnk, \u00e9s a tudom\u00e1ny kulcsszerepet j\u00e1tszik a j\u00f6v\u0151 alak\u00edt\u00e1s\u00e1ban. A modern technol\u00f3gia \u00e9s az oktat\u00e1s tal\u00e1lkoz\u00e1sa k\u00fcl\u00f6n\u00f6sen nagy hat\u00e1ssal van a gyerekek motiv\u00e1ci\u00f3j\u00e1ra \u00e9s k\u00edv\u00e1ncsis\u00e1g\u00e1ra. A program v\u00e9dn\u00f6ke <\/span><span style=\"font-size: medium;\">Dr. Ferencz Orsolya Ildik\u00f3<\/span><span style=\"font-size: medium;\">, \u0171rkutat\u00e1s\u00e9rt felel\u0151s miniszteri biztos, ami tov\u00e1bb er\u0151s\u00edti a kezdem\u00e9nyez\u00e9s szakmai hiteless\u00e9g\u00e9t \u00e9s rangj\u00e1t.<\/span><\/span><\/p>\n<p align=\"justify\"><span style=\"font-family: arial, helvetica, sans-serif;\"><span style=\"font-size: medium;\">Iskol\u00e1nkban a SpaceBuzzhoz kapcsol\u00f3d\u00f3 foglalkoz\u00e1s <\/span><span style=\"font-size: medium;\">term\u00e9szettudom\u00e1ny-\u00f3r\u00e1k keret\u00e9ben val\u00f3sult meg<\/span> <span style=\"font-size: medium;\">19 tanul\u00f3 \u00e9s 4 pedag\u00f3gus<\/span><span style=\"font-size: medium;\"> k\u00f6zrem\u0171k\u00f6d\u00e9s\u00e9vel.<\/span><\/span><\/p>\n<p align=\"justify\"><span style=\"font-family: arial, helvetica, sans-serif;\"><span style=\"font-size: medium;\">B\u00edzunk benne, hogy a SpaceBuzz program nemcsak inspir\u00e1ci\u00f3t ad tanul\u00f3inknak, hanem hossz\u00fa t\u00e1von is hozz\u00e1j\u00e1rul ahhoz, hogy nyitott, tudatos \u00e9s felel\u0151ss\u00e9gteljes gondolkod\u00e1s\u00fa fiatalokk\u00e1 v\u00e1ljanak.<\/span><\/span><\/p>\n<p style=\"text-align: right;\"><em><span style=\"font-family: arial, helvetica, sans-serif;\"><span style=\"font-size: medium;\">Mezein\u00e9 Kiss Katalin<\/span><\/span><\/em><\/p>\n","protected":false},"excerpt":{"rendered":"<p>\u00d6r\u00f6mmel sz\u00e1molunk be arr\u00f3l, hogy iskol\u00e1nk r\u00e9szv\u00e9teli lehet\u0151s\u00e9get nyert a SpaceBuzz nemzetk\u00f6zi oktat\u00e1si projektben. A program orsz\u00e1gos szinten mind\u00f6ssze 28 iskol\u00e1t v\u00e1lasztott ki, \u00edgy k\u00fcl\u00f6n megtiszteltet\u00e9s sz\u00e1munkra, hogy kistelep\u00fcl\u00e9si iskol\u00e1nk is beker\u00fclt<a class=\"moretag\" href=\"https:\/\/altisk-mlak.edu.hu\/index.php\/iskolank-reszvetele-a-spacebuzz-nemzetkozi-projektben\/\">Read More&#8230;<\/a><\/p>\n","protected":false},"author":3,"featured_media":0,"comment_status":"closed","ping_status":"closed","sticky":false,"template":"","format":"standard","meta":{"two_page_speed":[],"footnotes":""},"categories":[1],"tags":[],"class_list":["post-3803","post","type-post","status-publish","format-standard","hentry","category-egyeb"],"_links":{"self":[{"href":"https:\/\/altisk-mlak.edu.hu\/index.php\/wp-json\/wp\/v2\/posts\/3803","targetHints":{"allow":["GET"]}}],"collection":[{"href":"https:\/\/altisk-mlak.edu.hu\/index.php\/wp-json\/wp\/v2\/posts"}],"about":[{"href":"https:\/\/altisk-mlak.edu.hu\/index.php\/wp-json\/wp\/v2\/types\/post"}],"author":[{"embeddable":true,"href":"https:\/\/altisk-mlak.edu.hu\/index.php\/wp-json\/wp\/v2\/users\/3"}],"replies":[{"embeddable":true,"href":"https:\/\/altisk-mlak.edu.hu\/index.php\/wp-json\/wp\/v2\/comments?post=3803"}],"version-history":[{"count":1,"href":"https:\/\/altisk-mlak.edu.hu\/index.php\/wp-json\/wp\/v2\/posts\/3803\/revisions"}],"predecessor-version":[{"id":3805,"href":"https:\/\/altisk-mlak.edu.hu\/index.php\/wp-json\/wp\/v2\/posts\/3803\/revisions\/3805"}],"wp:attachment":[{"href":"https:\/\/altisk-mlak.edu.hu\/index.php\/wp-json\/wp\/v2\/media?parent=3803"}],"wp:term":[{"taxonomy":"category","embeddable":true,"href":"https:\/\/altisk-mlak.edu.hu\/index.php\/wp-json\/wp\/v2\/categories?post=3803"},{"taxonomy":"post_tag","embeddable":true,"href":"https:\/\/altisk-mlak.edu.hu\/index.php\/wp-json\/wp\/v2\/tags?post=3803"}],"curies":[{"name":"wp","href":"https:\/\/api.w.org\/{rel}","templated":true}]}}