{"id":3814,"date":"2026-01-12T08:41:56","date_gmt":"2026-01-12T08:41:56","guid":{"rendered":"https:\/\/altisk-mlak.edu.hu\/?p=3814"},"modified":"2026-01-23T10:50:19","modified_gmt":"2026-01-23T10:50:19","slug":"vizkereszt-unnepe-iskolankban","status":"publish","type":"post","link":"https:\/\/altisk-mlak.edu.hu\/index.php\/vizkereszt-unnepe-iskolankban\/","title":{"rendered":"V\u00edzkereszt \u00fcnnepe iskol\u00e1nkban"},"content":{"rendered":"<p align=\"justify\"><img fetchpriority=\"high\" decoding=\"async\" class=\"aligncenter size-large wp-image-3815\" src=\"https:\/\/altisk-mlak.edu.hu\/wp-content\/uploads\/2026\/01\/IMG_20260112_092530-1024x754.jpg\" alt=\"\" width=\"604\" height=\"445\" srcset=\"https:\/\/altisk-mlak.edu.hu\/wp-content\/uploads\/2026\/01\/IMG_20260112_092530-1024x754.jpg 1024w, https:\/\/altisk-mlak.edu.hu\/wp-content\/uploads\/2026\/01\/IMG_20260112_092530-300x221.jpg 300w, https:\/\/altisk-mlak.edu.hu\/wp-content\/uploads\/2026\/01\/IMG_20260112_092530-768x565.jpg 768w, https:\/\/altisk-mlak.edu.hu\/wp-content\/uploads\/2026\/01\/IMG_20260112_092530-600x442.jpg 600w, https:\/\/altisk-mlak.edu.hu\/wp-content\/uploads\/2026\/01\/IMG_20260112_092530.jpg 1500w\" sizes=\"(max-width: 604px) 100vw, 604px\" \/><\/p>\n<p align=\"justify\"><span lang=\"hu-HU\">Iskol\u00e1nk 2026. janu\u00e1r 6-\u00e1n, kedden tartotta az \u00e9v els\u0151 iskolamis\u00e9j\u00e9t. A t\u00e9li hideg miatt nem a templomba ment\u00fcnk, hanem az iskola aul\u00e1j\u00e1t rendezt\u00fck be a szentmise sz\u00e1m\u00e1ra. A tornapadokat \u00f6sszegy\u0171jt\u00f6tt\u00fck az iskola folyos\u00f3ir\u00f3l, \u00e9s elrendezt\u00fck templomhaj\u00f3k\u00e9nt n\u00e9h\u00e1ny sz\u00e9kkel kieg\u00e9sz\u00edtve. Olt\u00e1rnak &#8211; mint eddig mindig &#8211; az egyik technika\u00f3r\u00e1n haszn\u00e1latos satupad szolg\u00e1lt, amelyet Kati n\u00e9ni gy\u00f6ny\u00f6r\u0171 vir\u00e1gai d\u00edsz\u00edtettek. A szentmis\u00e9re \u00e9rkez\u0151 sz\u00fcl\u0151k, nagysz\u00fcl\u0151k \u00e9s p\u00e1rtol\u00f3 h\u00edvek a tanul\u00f3kkal, tan\u00edt\u00f3kkal, tan\u00e1rokkal megt\u00f6lt\u00f6tt\u00e9k a r\u00f6gt\u00f6nz\u00f6tt alkalmi templomot. A gyerekek m\u00e1r eg\u00e9szen otthonosan viselkedtek az iskola e k\u00fcl\u00f6nleges funkci\u00f3t bet\u00f6lt\u0151 ter\u00e9ben, \u00e9s k\u00fcl\u00f6n felsz\u00f3l\u00edt\u00e1s n\u00e9lk\u00fcl elhelyezkedtek a padokon. \u00dajdons\u00e1g tal\u00e1n az volt, hogy a rendszeresen szentmis\u00e9re j\u00e1r\u00f3 tanul\u00f3k \u00f6nk\u00e9nt jelentkeztek a ministr\u00e1l\u00e1s szolg\u00e1lat\u00e1ra. <\/span><\/p>\n<table style=\"border-collapse: collapse; width: 100%;\">\n<tbody>\n<tr>\n<td style=\"width: 50%;\"><img decoding=\"async\" class=\"aligncenter size-medium wp-image-3817\" src=\"https:\/\/altisk-mlak.edu.hu\/wp-content\/uploads\/2026\/01\/IMG_20260112_092638-300x225.jpg\" alt=\"\" width=\"300\" height=\"225\" srcset=\"https:\/\/altisk-mlak.edu.hu\/wp-content\/uploads\/2026\/01\/IMG_20260112_092638-300x225.jpg 300w, https:\/\/altisk-mlak.edu.hu\/wp-content\/uploads\/2026\/01\/IMG_20260112_092638-1024x769.jpg 1024w, https:\/\/altisk-mlak.edu.hu\/wp-content\/uploads\/2026\/01\/IMG_20260112_092638-768x577.jpg 768w, https:\/\/altisk-mlak.edu.hu\/wp-content\/uploads\/2026\/01\/IMG_20260112_092638-600x450.jpg 600w, https:\/\/altisk-mlak.edu.hu\/wp-content\/uploads\/2026\/01\/IMG_20260112_092638.jpg 1500w\" sizes=\"(max-width: 300px) 100vw, 300px\" \/><\/td>\n<td style=\"width: 50%;\"><img decoding=\"async\" class=\"aligncenter size-medium wp-image-3816\" src=\"https:\/\/altisk-mlak.edu.hu\/wp-content\/uploads\/2026\/01\/IMG_20260112_092611-300x232.jpg\" alt=\"\" width=\"300\" height=\"232\" srcset=\"https:\/\/altisk-mlak.edu.hu\/wp-content\/uploads\/2026\/01\/IMG_20260112_092611-300x232.jpg 300w, https:\/\/altisk-mlak.edu.hu\/wp-content\/uploads\/2026\/01\/IMG_20260112_092611-1024x792.jpg 1024w, https:\/\/altisk-mlak.edu.hu\/wp-content\/uploads\/2026\/01\/IMG_20260112_092611-768x594.jpg 768w, https:\/\/altisk-mlak.edu.hu\/wp-content\/uploads\/2026\/01\/IMG_20260112_092611-600x464.jpg 600w, https:\/\/altisk-mlak.edu.hu\/wp-content\/uploads\/2026\/01\/IMG_20260112_092611.jpg 1500w\" sizes=\"(max-width: 300px) 100vw, 300px\" \/><\/td>\n<\/tr>\n<\/tbody>\n<\/table>\n<p align=\"justify\"><span lang=\"hu-HU\">Gyula atya pr\u00e9dik\u00e1ci\u00f3j\u00e1ban a napkeleti b\u00f6lcsek \u00fatj\u00e1r\u00f3l, l\u00e1togat\u00e1s\u00e1r\u00f3l besz\u00e9lt. V\u00e9g\u00fcl megsz\u00f3l\u00edtotta a gyerekeket, hogy mit gondolnak, nekik milyen kincseik vannak, amit a kis J\u00e9zusnak adhatn\u00e1nak aj\u00e1nd\u00e9kba. A csal\u00e1dias, oldott hangulatot jelzi, hogy a legkisebbek k\u00f6z\u00fcl r\u00f6gt\u00f6n megj\u00f6tt a v\u00e1lasz: \u201eHogy szeretj\u00fck egym\u00e1st\u201d. A szentmis\u00e9n kar\u00e1csonyi \u00e9nekeket \u00e9nekelt\u00fcnk. A mise v\u00e9g\u00e9n Gyula atya meg\u00e1ldotta az iskola \u00e9p\u00fclet\u00e9t. <\/span><\/p>\n<p style=\"text-align: right;\" align=\"justify\"><em>\u00c1gnes n\u0151v\u00e9r<\/em><\/p>\n","protected":false},"excerpt":{"rendered":"<p>Iskol\u00e1nk 2026. janu\u00e1r 6-\u00e1n, kedden tartotta az \u00e9v els\u0151 iskolamis\u00e9j\u00e9t. A t\u00e9li hideg miatt nem a templomba ment\u00fcnk, hanem az iskola aul\u00e1j\u00e1t rendezt\u00fck be a szentmise sz\u00e1m\u00e1ra. A tornapadokat \u00f6sszegy\u0171jt\u00f6tt\u00fck az iskola<a class=\"moretag\" href=\"https:\/\/altisk-mlak.edu.hu\/index.php\/vizkereszt-unnepe-iskolankban\/\">Read More&#8230;<\/a><\/p>\n","protected":false},"author":3,"featured_media":0,"comment_status":"closed","ping_status":"closed","sticky":false,"template":"","format":"standard","meta":{"two_page_speed":[],"footnotes":""},"categories":[1],"tags":[],"class_list":["post-3814","post","type-post","status-publish","format-standard","hentry","category-egyeb"],"_links":{"self":[{"href":"https:\/\/altisk-mlak.edu.hu\/index.php\/wp-json\/wp\/v2\/posts\/3814","targetHints":{"allow":["GET"]}}],"collection":[{"href":"https:\/\/altisk-mlak.edu.hu\/index.php\/wp-json\/wp\/v2\/posts"}],"about":[{"href":"https:\/\/altisk-mlak.edu.hu\/index.php\/wp-json\/wp\/v2\/types\/post"}],"author":[{"embeddable":true,"href":"https:\/\/altisk-mlak.edu.hu\/index.php\/wp-json\/wp\/v2\/users\/3"}],"replies":[{"embeddable":true,"href":"https:\/\/altisk-mlak.edu.hu\/index.php\/wp-json\/wp\/v2\/comments?post=3814"}],"version-history":[{"count":1,"href":"https:\/\/altisk-mlak.edu.hu\/index.php\/wp-json\/wp\/v2\/posts\/3814\/revisions"}],"predecessor-version":[{"id":3818,"href":"https:\/\/altisk-mlak.edu.hu\/index.php\/wp-json\/wp\/v2\/posts\/3814\/revisions\/3818"}],"wp:attachment":[{"href":"https:\/\/altisk-mlak.edu.hu\/index.php\/wp-json\/wp\/v2\/media?parent=3814"}],"wp:term":[{"taxonomy":"category","embeddable":true,"href":"https:\/\/altisk-mlak.edu.hu\/index.php\/wp-json\/wp\/v2\/categories?post=3814"},{"taxonomy":"post_tag","embeddable":true,"href":"https:\/\/altisk-mlak.edu.hu\/index.php\/wp-json\/wp\/v2\/tags?post=3814"}],"curies":[{"name":"wp","href":"https:\/\/api.w.org\/{rel}","templated":true}]}}