{"id":3820,"date":"2026-01-23T10:54:33","date_gmt":"2026-01-23T10:54:33","guid":{"rendered":"https:\/\/altisk-mlak.edu.hu\/?p=3820"},"modified":"2026-01-31T07:13:04","modified_gmt":"2026-01-31T07:13:04","slug":"a-magyar-kultura-napja","status":"publish","type":"post","link":"https:\/\/altisk-mlak.edu.hu\/index.php\/a-magyar-kultura-napja\/","title":{"rendered":"A magyar kult\u00fara napja"},"content":{"rendered":"<p align=\"justify\">Iskol\u00e1nkban a hagyom\u00e1nyoknak megfelel\u0151en ma is m\u00e9lt\u00f3k\u00e9ppen meg\u00fcnnepelt\u00fck a magyar kult\u00fara napj\u00e1t. A fels\u0151 tagozatos di\u00e1kjaink egy irodalmi kv\u00edzt t\u00f6lt\u00f6ttek ki. A k\u00e9t nagy im\u00e1ds\u00e1gos m\u0171v\u00fcnkkel kapcsolatos k\u00e9rd\u00e9sekre kellett v\u00e1laszolniuk. A Himnusz \u00e9s a Sz\u00f3zat szorosan hozz\u00e1tartozik magyars\u00e1gunkhoz, nemzeti jelk\u00e9pp\u00e9 is v\u00e1lt.<\/p>\n<p align=\"justify\">A Himnusz (K\u00f6lcsey Ferenc) \u00e9s a Sz\u00f3zat (V\u00f6r\u00f6smarty Mih\u00e1ly) Magyarorsz\u00e1g k\u00e9t legfontosabb nemzeti jelk\u00e9pe, a magyar nemzet \u00f6sszetartoz\u00e1s\u00e1t, identit\u00e1s\u00e1t, t\u00f6rt\u00e9nelm\u00e9t \u00e9s j\u00f6v\u0151j\u00e9t szimboliz\u00e1lj\u00e1k; a Himnusz im\u00e1ds\u00e1g, a Sz\u00f3zat pedig buzd\u00edt\u00e1s, mindkett\u0151 az \u00fcnnepi alkalmak nyit\u00e1nya, illetve z\u00e1r\u00e1sa, melyeket k\u00f6z\u00f6sen, \u00e1llva \u00e9nekel a nemzet.<\/p>\n<p align=\"justify\">A Himnusz 1989-t\u0151l hivatalosan is az \u00e1llam alkotm\u00e1nyos jelk\u00e9pe, m\u00edg a Sz\u00f3zat a nemzeti \u00e9rz\u00fclet m\u00e9ly\u00edt\u00e9s\u00e9nek kulcsfontoss\u00e1g\u00fa eleme a romantikus nemzettudat kor\u00e1ban, melyben a j\u00f6v\u0151 a mi kez\u00fcnkben van.<\/p>\n<p align=\"justify\">A Nemzeti dalt, nemzet\u00fcnk indul\u00f3j\u00e1t is megeml\u00edtett\u00fck.<\/p>\n<p align=\"justify\">El\u0151sz\u00f6r k\u00f6z\u00f6sen elszavaltuk a Himnusz els\u0151 versszak\u00e1t, majd az \u00fcnnep\u00e9lyes eredm\u00e9nyhirdet\u00e9s k\u00f6vetkezett. Minden fels\u0151s oszt\u00e1lyban a legjobbak jutalomban r\u00e9szes\u00fcltek. Az 5. oszt\u00e1lyosokn\u00e1l Varga \u00c1rmin, a hatodikasokn\u00e1l Magyar Levente, a 7. oszt\u00e1lyosok k\u00f6z\u00fcl Horv\u00e1th Lilla \u00e9s Balogh M\u00e1t\u00e9, a legid\u0151sebbekn\u00e9l Csicsai Emma \u00e9s Mesits Patr\u00edcia Em\u00edlia \u00e9rte el a legjobb eredm\u00e9nyt.<\/p>\n<p align=\"justify\"><img fetchpriority=\"high\" decoding=\"async\" class=\"alignright size-medium wp-image-3821\" src=\"https:\/\/altisk-mlak.edu.hu\/wp-content\/uploads\/2026\/01\/CAXoAvI6-225x300.jpeg\" alt=\"\" width=\"225\" height=\"300\" srcset=\"https:\/\/altisk-mlak.edu.hu\/wp-content\/uploads\/2026\/01\/CAXoAvI6-225x300.jpeg 225w, https:\/\/altisk-mlak.edu.hu\/wp-content\/uploads\/2026\/01\/CAXoAvI6-768x1024.jpeg 768w, https:\/\/altisk-mlak.edu.hu\/wp-content\/uploads\/2026\/01\/CAXoAvI6-1152x1536.jpeg 1152w, https:\/\/altisk-mlak.edu.hu\/wp-content\/uploads\/2026\/01\/CAXoAvI6-450x600.jpeg 450w, https:\/\/altisk-mlak.edu.hu\/wp-content\/uploads\/2026\/01\/CAXoAvI6.jpeg 1536w\" sizes=\"(max-width: 225px) 100vw, 225px\" \/>Lez\u00e1r\u00e1sk\u00e9ppen Erkel Ferencr\u0151l is megeml\u00e9kezt\u00fcnk, \u00e9s el\u00e9nekelt\u00fck k\u00f6z\u00f6sen ezt a gy\u00f6ny\u00f6r\u0171 dalt.<\/p>\n<p align=\"justify\">Ezzel m\u00e9g nem \u00e9rt v\u00e9get az \u00fcnnepl\u00e9s, hiszen nagy \u00f6r\u00f6mmel t\u00f6lt\u00f6tt el benn\u00fcnket az a h\u00edr, amir\u0151l k\u00e9s\u0151bb \u00e9rtes\u00fclt\u00fcnk. Racker Elizabet 8. oszt\u00e1lyos tanul\u00f3nk tegnap Szombathelyen a vers\u00edr\u00f3 versenyen 3. helyez\u00e9st \u00e9rt el, ma pedig a K\u00f6lcsey Ferenc Gimn\u00e1zium \u00e1ltal szervezett mese\u00edr\u00f3 versenyen 1. helyez\u00e9st kapott. Sajnos a d\u00edjkioszt\u00f3n ma a betegs\u00e9ge miatt nem vehetett r\u00e9szt, ez\u00e9rt miel\u0151bbi gy\u00f3gyul\u00e1st \u00e9s tov\u00e1bbi sikereket k\u00edv\u00e1nunk neki. Felk\u00e9sz\u00edt\u0151 tan\u00e1ra: T\u00f3thn\u00e9 Tak\u00e1cs Hajnalka.<\/p>\n<p style=\"text-align: right;\" align=\"justify\"><em>T\u00f3thn\u00e9 Tak\u00e1cs Hajnalka<\/em><\/p>\n<p style=\"text-align: right;\" align=\"justify\">\n","protected":false},"excerpt":{"rendered":"<p>Iskol\u00e1nkban a hagyom\u00e1nyoknak megfelel\u0151en ma is m\u00e9lt\u00f3k\u00e9ppen meg\u00fcnnepelt\u00fck a magyar kult\u00fara napj\u00e1t. A fels\u0151 tagozatos di\u00e1kjaink egy irodalmi kv\u00edzt t\u00f6lt\u00f6ttek ki. A k\u00e9t nagy im\u00e1ds\u00e1gos m\u0171v\u00fcnkkel kapcsolatos k\u00e9rd\u00e9sekre kellett v\u00e1laszolniuk. A Himnusz<a class=\"moretag\" href=\"https:\/\/altisk-mlak.edu.hu\/index.php\/a-magyar-kultura-napja\/\">Read More&#8230;<\/a><\/p>\n","protected":false},"author":3,"featured_media":0,"comment_status":"closed","ping_status":"closed","sticky":false,"template":"","format":"standard","meta":{"two_page_speed":[],"footnotes":""},"categories":[1],"tags":[],"class_list":["post-3820","post","type-post","status-publish","format-standard","hentry","category-egyeb"],"_links":{"self":[{"href":"https:\/\/altisk-mlak.edu.hu\/index.php\/wp-json\/wp\/v2\/posts\/3820","targetHints":{"allow":["GET"]}}],"collection":[{"href":"https:\/\/altisk-mlak.edu.hu\/index.php\/wp-json\/wp\/v2\/posts"}],"about":[{"href":"https:\/\/altisk-mlak.edu.hu\/index.php\/wp-json\/wp\/v2\/types\/post"}],"author":[{"embeddable":true,"href":"https:\/\/altisk-mlak.edu.hu\/index.php\/wp-json\/wp\/v2\/users\/3"}],"replies":[{"embeddable":true,"href":"https:\/\/altisk-mlak.edu.hu\/index.php\/wp-json\/wp\/v2\/comments?post=3820"}],"version-history":[{"count":1,"href":"https:\/\/altisk-mlak.edu.hu\/index.php\/wp-json\/wp\/v2\/posts\/3820\/revisions"}],"predecessor-version":[{"id":3822,"href":"https:\/\/altisk-mlak.edu.hu\/index.php\/wp-json\/wp\/v2\/posts\/3820\/revisions\/3822"}],"wp:attachment":[{"href":"https:\/\/altisk-mlak.edu.hu\/index.php\/wp-json\/wp\/v2\/media?parent=3820"}],"wp:term":[{"taxonomy":"category","embeddable":true,"href":"https:\/\/altisk-mlak.edu.hu\/index.php\/wp-json\/wp\/v2\/categories?post=3820"},{"taxonomy":"post_tag","embeddable":true,"href":"https:\/\/altisk-mlak.edu.hu\/index.php\/wp-json\/wp\/v2\/tags?post=3820"}],"curies":[{"name":"wp","href":"https:\/\/api.w.org\/{rel}","templated":true}]}}