{"id":383,"date":"2019-03-08T10:55:53","date_gmt":"2019-03-08T10:55:53","guid":{"rendered":"http:\/\/altisk-mlak.sulinet.hu\/?p=383"},"modified":"2021-05-30T13:14:56","modified_gmt":"2021-05-30T13:14:56","slug":"383","status":"publish","type":"post","link":"https:\/\/altisk-mlak.edu.hu\/index.php\/383\/","title":{"rendered":"Tagint\u00e9zm\u00e9nyvezet\u0151i p\u00e1ly\u00e1zat"},"content":{"rendered":"<p><strong>Szombathelyi Tanker\u00fcleti K\u00f6zpont<\/strong> a K\u00f6zalkalmazottak jog\u00e1ll\u00e1s\u00e1r\u00f3l sz\u00f3l\u00f3 1992. \u00e9vi XXXIII. t\u00f6rv\u00e9ny 20\/A. \u00a7 alapj\u00e1n p\u00e1ly\u00e1zatot hirdet<\/p>\n<p><strong>Szentgotth\u00e1rd \u00e9s T\u00e9rs\u00e9ge Iskola Magyarlak-Cs\u00f6r\u00f6tnek \u00c1ltal\u00e1nos Iskol\u00e1ja<br \/>\n<\/strong><strong>tagint\u00e9zm\u00e9nyvezet\u0151<\/strong><strong> (magasabb vezet\u0151) <\/strong><\/p>\n<p>beoszt\u00e1s ell\u00e1t\u00e1s\u00e1ra.<!--more--><\/p>\n<p><strong>A k\u00f6zalkalmazotti jogviszony id\u0151tartama:<br \/>\n<\/strong>hat\u00e1rozatlan idej\u0171 k\u00f6zalkalmazotti jogviszony<\/p>\n<p><strong>Foglalkoztat\u00e1s jellege:<br \/>\n<\/strong>Teljes munkaid\u0151<\/p>\n<p><strong>A vezet\u0151i megb\u00edz\u00e1s id\u0151tartama:<\/strong><br \/>\nA vezet\u0151i megb\u00edz\u00e1s hat\u00e1rozott id\u0151re, 2019.08.16.-2024.08.15.-ig sz\u00f3l.<\/p>\n<p><strong>A munkav\u00e9gz\u00e9s helye:<br \/>\n<\/strong>Vas megye, 9963 Magyarlak, Kossuth Lajos utca 236.<\/p>\n<p><strong>A beoszt\u00e1shoz tartoz\u00f3, illetve a vezet\u0151i megb\u00edz\u00e1ssal j\u00e1r\u00f3 l\u00e9nyeges feladatok:<br \/>\n<\/strong>Tagint\u00e9zm\u00e9ny-vezet\u0151i feladatok ell\u00e1t\u00e1sa a hat\u00e1lyos jogszab\u00e1lyok \u00e9s az int\u00e9zm\u00e9ny bels\u0151 szab\u00e1lyzatai szerint.<\/p>\n<p style=\"text-align: justify;\"><strong>Illetm\u00e9ny \u00e9s juttat\u00e1sok:<br \/>\n<\/strong>Az illetm\u00e9ny meg\u00e1llap\u00edt\u00e1s\u00e1ra \u00e9s a juttat\u00e1sokra a K\u00f6zalkalmazottak jog\u00e1ll\u00e1s\u00e1r\u00f3l sz\u00f3l\u00f3 1992. \u00e9vi XXXIII. t\u00f6rv\u00e9ny rendelkez\u00e9sei , valamint a(z) nemzeti k\u00f6znevel\u00e9sr\u0151l sz\u00f3l\u00f3 2011. \u00e9vi CXC. t\u00f6rv\u00e9ny, a pedag\u00f3gusok el\u0151meneteli rendszer\u00e9r\u0151l \u00e9s a k\u00f6zalkalmazottak jog\u00e1ll\u00e1s\u00e1r\u00f3l sz\u00f3l\u00f3 1992. \u00e9vi XXXIII. t\u00f6rv\u00e9ny k\u00f6znevel\u00e9si int\u00e9zm\u00e9nyekben t\u00f6rt\u00e9n\u0151 v\u00e9grehajt\u00e1s\u00e1r\u00f3l sz\u00f3l\u00f3 326\/2013. (VIII.30.) Korm.rendelet az ir\u00e1nyad\u00f3k.<\/p>\n<p><strong>\u00a0 \u00a0 \u00a0 \u00a0 \u00a0 \u00a0 \u00a0 \u00a0 \u00a0 \u00a0 \u00a0 \u00a0 <\/strong><\/p>\n<p><strong>P\u00e1ly\u00e1zati felt\u00e9telek:<\/strong><\/p>\n<ul>\n<li>F\u0151iskola, \/egyetemi szint\u0171 v\u00e9gzetts\u00e9g \u00e9s tan\u00edt\u00f3i\/tan\u00e1ri szakk\u00e9pzetts\u00e9g a nemzeti k\u00f6znevel\u00e9sr\u0151l sz\u00f3l\u00f3 2011. CXC. t\u00f6rv\u00e9ny 98. \u00a7 (8) bekezd\u00e9s\u00e9ben foglaltakat is figyelembe v\u00e9ve,<\/li>\n<li>legal\u00e1bb \u00f6t \u00e9v pedag\u00f3gus-munkak\u00f6rben vagy heti t\u00edz tan\u00f3ra vagy foglalkoz\u00e1s megtart\u00e1s\u00e1ra vonatkoz\u00f3 \u00f3raad\u00f3i megb\u00edz\u00e1s ell\u00e1t\u00e1sa sor\u00e1n szerzett szakmai gyakorlat,<\/li>\n<li>\u00a0cselekv\u0151k\u00e9pess\u00e9g<\/li>\n<li>b\u00fcntetlen el\u0151\u00e9let \u00e9s annak igazol\u00e1sa, hogy a k\u00f6zalkalmazott nem \u00e1ll a tev\u00e9kenys\u00e9g folytat\u00e1s\u00e1t kiz\u00e1r\u00f3 foglalkoz\u00e1st\u00f3l eltilt\u00e1s hat\u00e1lya alatt,<\/li>\n<li>a nevel\u00e9si-oktat\u00e1si int\u00e9zm\u00e9nyben pedag\u00f3gus-munkak\u00f6rben fenn\u00e1ll\u00f3, hat\u00e1rozatlan id\u0151re, teljes munkaid\u0151re sz\u00f3l\u00f3 alkalmaz\u00e1s vagy a megb\u00edz\u00e1ssal egyidej\u0171leg pedag\u00f3gus-munkak\u00f6rben t\u00f6rt\u00e9n\u0151, hat\u00e1rozatlan id\u0151re teljes munkaid\u0151re sz\u00f3l\u00f3 alkalmaz\u00e1s,<\/li>\n<li>pedag\u00f3gus-szakvizsga keret\u00e9ben szerzett int\u00e9zm\u00e9nyvezet\u0151i szakk\u00e9pzetts\u00e9g.<\/li>\n<\/ul>\n<p><strong>A p\u00e1ly\u00e1zat r\u00e9szek\u00e9nt beny\u00fajtand\u00f3 iratok, igazol\u00e1sok:<\/strong><\/p>\n<ul>\n<li>a tagint\u00e9zm\u00e9ny vezet\u00e9s\u00e9re vonatkoz\u00f3 program, amely tartalmazza a szakmai helyzetelemz\u00e9sre \u00e9p\u00fcl\u0151 fejleszt\u00e9si elk\u00e9pzel\u00e9seket,<\/li>\n<li>az \u00e1ll\u00e1shely bet\u00f6lt\u00e9s\u00e9hez sz\u00fcks\u00e9ges v\u00e9gzetts\u00e9g, szakk\u00e9pzetts\u00e9g megl\u00e9t\u00e9t igazol\u00f3 okm\u00e1nyok m\u00e1solata,<\/li>\n<li>pedag\u00f3gus-szakvizsga keret\u00e9ben szerzett int\u00e9zm\u00e9nyvezet\u0151i szakk\u00e9pzetts\u00e9g megl\u00e9t\u00e9t igazol\u00f3 oklev\u00e9l m\u00e1solata,<\/li>\n<li>a p\u00e1ly\u00e1z\u00f3 legal\u00e1bb \u00f6t \u00e9v pedag\u00f3gus munkak\u00f6rben vagy heti t\u00edz tan\u00f3ra vagy foglalkoz\u00e1s megtart\u00e1s\u00e1ra vonatkoz\u00f3 \u00f3raad\u00f3i megb\u00edz\u00e1s ell\u00e1t\u00e1sa sor\u00e1n szerzett szakmai gyakorlat\u00e1t igazol\u00f3, munk\u00e1ltat\u00f3 \u00e1ltal ki\u00e1ll\u00edtott dokumentum (munk\u00e1ltat\u00f3i igazol\u00e1s munkak\u00f6r, illetve \u00f3raad\u00f3 eset\u00e9n az ell\u00e1tott szakos tan\u00e1ri feladatok 90 napn\u00e1l nem r\u00e9gebbi hat\u00f3s\u00e1gi bizony\u00edtv\u00e1ny a b\u00fcntetlen el\u0151\u00e9let \u00e9s annak igazol\u00e1s\u00e1ra, hogy a k\u00f6zalkalmazott nem \u00e1ll a tev\u00e9kenys\u00e9g folytat\u00e1s\u00e1t kiz\u00e1r\u00f3 foglalkoz\u00e1st\u00f3l eltilt\u00e1s hat\u00e1lya alatt,<\/li>\n<li>a p\u00e1ly\u00e1z\u00f3 szakmai \u00f6n\u00e9letrajza,<\/li>\n<li>a p\u00e1ly\u00e1z\u00f3 al\u00e1\u00edrt nyilatkozata arr\u00f3l, hogy hozz\u00e1j\u00e1rul a teljes p\u00e1ly\u00e1zati anyag\u00e1nak sokszoros\u00edt\u00e1s\u00e1hoz, tov\u00e1bb\u00edt\u00e1s\u00e1hoz (harmadik szem\u00e9llyel k\u00f6zl\u00e9s\u00e9hez),<\/li>\n<li>a p\u00e1ly\u00e1z\u00f3 al\u00e1\u00edrt nyilatkozata arr\u00f3l, hogy hozz\u00e1j\u00e1rul szem\u00e9lyes adatainak p\u00e1ly\u00e1zattal kapcsolatos kezel\u00e9s\u00e9hez, tov\u00e1bb\u00edt\u00e1s\u00e1hoz.<\/li>\n<li>Hi\u00e1nyp\u00f3tl\u00e1sra a p\u00e1ly\u00e1zat bead\u00e1si hat\u00e1ridej\u00e9t k\u00f6vet\u0151en nincs lehet\u0151s\u00e9g.<\/li>\n<\/ul>\n<p><strong>A beoszt\u00e1s bet\u00f6lthet\u0151s\u00e9g\u00e9nek id\u0151pontja:<br \/>\n<\/strong>A beoszt\u00e1s legkor\u00e1bban 2019. augusztus 16. napj\u00e1t\u00f3l t\u00f6lthet\u0151 be.<\/p>\n<p><strong>A p\u00e1ly\u00e1zat beny\u00fajt\u00e1s\u00e1nak hat\u00e1rideje:<br \/>\n<\/strong>2019. \u00e1prilis 11.<\/p>\n<p>A p\u00e1ly\u00e1zati ki\u00edr\u00e1ssal kapcsolatosan tov\u00e1bbi inform\u00e1ci\u00f3t Dar\u00e1zs Dorottya ny\u00fajt, a 06 94 795 203 -os telefonsz\u00e1mon.<\/p>\n<p style=\"text-align: justify;\"><strong>A p\u00e1ly\u00e1zatok beny\u00fajt\u00e1s\u00e1nak m\u00f3dja:<br \/>\n<\/strong>Postai \u00faton, a p\u00e1ly\u00e1zatnak a Szombathelyi Tanker\u00fcleti K\u00f6zpont c\u00edm\u00e9re t\u00f6rt\u00e9n\u0151 megk\u00fcld\u00e9s\u00e9vel (9700 Szombathely, Kossuth Lajos utca 11. ). K\u00e9rj\u00fck a bor\u00edt\u00e9kon felt\u00fcntetni a p\u00e1ly\u00e1zati adatb\u00e1zisban szerepl\u0151 azonos\u00edt\u00f3 sz\u00e1mot: TK\/168\/1223-1\/2019 , valamint a beoszt\u00e1s megnevez\u00e9s\u00e9t: Szentgotth\u00e1rd \u00e9s T\u00e9rs\u00e9ge Iskola Magyarlak-Cs\u00f6r\u00f6tnek \u00c1ltal\u00e1nos Iskol\u00e1ja-tagint\u00e9zm\u00e9nyvezet\u0151.<\/p>\n<p><strong>A p\u00e1ly\u00e1zat elb\u00edr\u00e1l\u00e1s\u00e1nak m\u00f3dja, rendje:<br \/>\n<\/strong>A v\u00e9lem\u00e9nynyilv\u00e1n\u00edt\u00e1sra jogosultak v\u00e9lem\u00e9ny\u00e9nek kik\u00e9r\u00e9se ut\u00e1n a tanker\u00fcleti igazgat\u00f3 d\u00f6nt.<\/p>\n<p><strong>A p\u00e1ly\u00e1zat elb\u00edr\u00e1l\u00e1s\u00e1nak hat\u00e1rideje:<br \/>\n<\/strong>2019. m\u00e1jus 31.<\/p>\n<p><strong>A p\u00e1ly\u00e1zati ki\u00edr\u00e1s tov\u00e1bbi k\u00f6zz\u00e9t\u00e9tel\u00e9nek helye, ideje:<br \/>\n<\/strong> az int\u00e9zm\u00e9ny honlapj\u00e1n: https:\/\/altisk-mlak.sulinet.hu\/<\/p>\n<p style=\"text-align: justify;\"><strong>A munk\u00e1ltat\u00f3val kapcsolatos egy\u00e9b l\u00e9nyeges inform\u00e1ci\u00f3:<br \/>\n<\/strong>A p\u00e1ly\u00e1zatot \u00edr\u00e1sban, k\u00e9t azonos sz\u00f6veg\u0171 \u00e9s mell\u00e9klet\u0171 p\u00e9ld\u00e1nyban (egy lef\u0171z\u00f6tt, bek\u00f6t\u00f6tt \u00e9s egy f\u0171z\u00e9s n\u00e9lk\u00fcli p\u00e9ld\u00e1ny), z\u00e1rt bor\u00edt\u00e9kban k\u00e9rj\u00fck megk\u00fcldeni a Szombathelyi Tanker\u00fcleti K\u00f6zpont c\u00edm\u00e9re (9700 Szombathely, Kossuth Lajos u.11.). A bor\u00edt\u00e9kra k\u00e9rj\u00fck \u00edrj\u00e1k r\u00e1: &#8222;P\u00c1LY\u00c1ZAT &#8211; a Szentgotth\u00e1rd \u00e9s T\u00e9rs\u00e9ge Iskola Magyarlak-Cs\u00f6r\u00f6tnek \u00c1ltal\u00e1nos Iskol\u00e1ja tagint\u00e9zm\u00e9ny-vezet\u0151i beoszt\u00e1s\u00e1ra&#8221;. A p\u00e1ly\u00e1zatot ki\u00edr\u00f3 fenntartja mag\u00e1nak a jogot, hogy a p\u00e1ly\u00e1ztat\u00e1si folyamatot felf\u00fcggessze vagy megszak\u00edtsa vagy eredm\u00e9nytelennek nyilv\u00e1n\u00edtsa b\u00e1rmif\u00e9le jogi \u00e9s\/vagy anyagi k\u00f6vetkezm\u00e9ny n\u00e9lk\u00fcl. Az elj\u00e1r\u00e1s indokl\u00e1s n\u00e9lk\u00fcli eredm\u00e9nytelennek nyilv\u00e1n\u00edt\u00e1sa eset\u00e9n a P\u00e1ly\u00e1z\u00f3 k\u00e1rig\u00e9nyt semmilyen jogc\u00edmen nem \u00e9rv\u00e9nyes\u00edthet.<\/p>\n<p><strong>A munk\u00e1ltat\u00f3val kapcsolatban tov\u00e1bbi inform\u00e1ci\u00f3t a http:\/\/kk.gov.hu\/szombathely honlapon szerezhet. <\/strong><\/p>\n","protected":false},"excerpt":{"rendered":"<p>Szombathelyi Tanker\u00fcleti K\u00f6zpont a K\u00f6zalkalmazottak jog\u00e1ll\u00e1s\u00e1r\u00f3l sz\u00f3l\u00f3 1992. \u00e9vi XXXIII. t\u00f6rv\u00e9ny 20\/A. \u00a7 alapj\u00e1n p\u00e1ly\u00e1zatot hirdet Szentgotth\u00e1rd \u00e9s T\u00e9rs\u00e9ge Iskola Magyarlak-Cs\u00f6r\u00f6tnek \u00c1ltal\u00e1nos Iskol\u00e1ja tagint\u00e9zm\u00e9nyvezet\u0151 (magasabb vezet\u0151) beoszt\u00e1s ell\u00e1t\u00e1s\u00e1ra.<\/p>\n","protected":false},"author":1,"featured_media":0,"comment_status":"closed","ping_status":"closed","sticky":false,"template":"","format":"standard","meta":{"two_page_speed":[],"footnotes":""},"categories":[24],"tags":[],"class_list":["post-383","post","type-post","status-publish","format-standard","hentry","category-tajekoztatas"],"_links":{"self":[{"href":"https:\/\/altisk-mlak.edu.hu\/index.php\/wp-json\/wp\/v2\/posts\/383","targetHints":{"allow":["GET"]}}],"collection":[{"href":"https:\/\/altisk-mlak.edu.hu\/index.php\/wp-json\/wp\/v2\/posts"}],"about":[{"href":"https:\/\/altisk-mlak.edu.hu\/index.php\/wp-json\/wp\/v2\/types\/post"}],"author":[{"embeddable":true,"href":"https:\/\/altisk-mlak.edu.hu\/index.php\/wp-json\/wp\/v2\/users\/1"}],"replies":[{"embeddable":true,"href":"https:\/\/altisk-mlak.edu.hu\/index.php\/wp-json\/wp\/v2\/comments?post=383"}],"version-history":[{"count":3,"href":"https:\/\/altisk-mlak.edu.hu\/index.php\/wp-json\/wp\/v2\/posts\/383\/revisions"}],"predecessor-version":[{"id":386,"href":"https:\/\/altisk-mlak.edu.hu\/index.php\/wp-json\/wp\/v2\/posts\/383\/revisions\/386"}],"wp:attachment":[{"href":"https:\/\/altisk-mlak.edu.hu\/index.php\/wp-json\/wp\/v2\/media?parent=383"}],"wp:term":[{"taxonomy":"category","embeddable":true,"href":"https:\/\/altisk-mlak.edu.hu\/index.php\/wp-json\/wp\/v2\/categories?post=383"},{"taxonomy":"post_tag","embeddable":true,"href":"https:\/\/altisk-mlak.edu.hu\/index.php\/wp-json\/wp\/v2\/tags?post=383"}],"curies":[{"name":"wp","href":"https:\/\/api.w.org\/{rel}","templated":true}]}}