{"id":3850,"date":"2026-02-05T21:49:33","date_gmt":"2026-02-05T21:49:33","guid":{"rendered":"https:\/\/altisk-mlak.edu.hu\/?p=3850"},"modified":"2026-02-16T19:58:39","modified_gmt":"2026-02-16T19:58:39","slug":"februari-iskolamise-balazs-aldassal","status":"publish","type":"post","link":"https:\/\/altisk-mlak.edu.hu\/index.php\/februari-iskolamise-balazs-aldassal\/","title":{"rendered":"Febru\u00e1ri iskolamise Bal\u00e1zs-\u00e1ld\u00e1ssal"},"content":{"rendered":"<p align=\"justify\">Febru\u00e1ri iskolamis\u00e9nket Szent Bal\u00e1zs p\u00fcsp\u00f6k \u00e9s v\u00e9rtan\u00fa \u00fcnnep\u00e9n tartottuk iskol\u00e1nk aul\u00e1j\u00e1ban. A szentmis\u00e9t Dr. Tak\u00e1cs Gyula pl\u00e9b\u00e1nos, iskolalelk\u00e9sz celebr\u00e1lta. Gyula atya Bal\u00e1zs p\u00fcsp\u00f6k \u00e9let\u00e9b\u0151l egy igen l\u00e9nyeges tulajdons\u00e1got emelt ki, \u00e9s erre f\u0171zte szentbesz\u00e9d\u00e9t: Szent Bal\u00e1zs h\u0151s volt. H\u0151s volt, mert mindenn\u00e9l jobban szerette az \u00dar J\u00e9zust, hitvall\u00f3 b\u00e1tors\u00e1g\u00e1r\u00f3l tett tan\u00fas\u00e1got, nem volt hajland\u00f3 megtagadni hit\u00e9t, tov\u00e1bb\u00e1 gy\u00f3gy\u00edt\u00f3 \u00e9s v\u00e9delmez\u0151 tev\u00e9kenys\u00e9ge miatt is tisztelj\u00fck. Az atya arra buzd\u00edtott benn\u00fcnket, hogy mi is legy\u00fcnk h\u0151s\u00f6k a mindennapokban. H\u0151s\u00f6k lehet\u00fcnk akkor, amikor reggel j\u00f3kedv\u0171en iskol\u00e1ba megy\u00fcnk, ott szorgalmasan tanulunk, tisztelettud\u00f3an viselked\u00fcnk, seg\u00edt\u00fcnk otthon \u00e9s a t\u00e1rsunknak, de h\u0151s\u00f6kk\u00e9 v\u00e1lhatunk, ha h\u00e9tv\u00e9g\u00e9n buzg\u00f3s\u00e1ggal szentmis\u00e9re j\u00e1runk. Az olvasm\u00e1nyt Mesits Patr\u00edcia Em\u00edlia, 8. oszt\u00e1lyos tanul\u00f3 olvasta fel, az egyetemes k\u00f6ny\u00f6rg\u00e9seket pedig Czotter Gr\u00e9ta, Laki Szofia \u00e9s Sekulic Zo\u00e9, 3. oszt\u00e1lyos tanul\u00f3k.<\/p>\n<table style=\"border-collapse: collapse; width: 100%;\">\n<tbody>\n<tr>\n<td style=\"width: 50%;\"><img fetchpriority=\"high\" decoding=\"async\" class=\"aligncenter size-medium wp-image-3854\" src=\"https:\/\/altisk-mlak.edu.hu\/wp-content\/uploads\/2026\/02\/1000020810-300x177.jpg\" alt=\"\" width=\"300\" height=\"177\" srcset=\"https:\/\/altisk-mlak.edu.hu\/wp-content\/uploads\/2026\/02\/1000020810-300x177.jpg 300w, https:\/\/altisk-mlak.edu.hu\/wp-content\/uploads\/2026\/02\/1000020810-1024x606.jpg 1024w, https:\/\/altisk-mlak.edu.hu\/wp-content\/uploads\/2026\/02\/1000020810-768x454.jpg 768w, https:\/\/altisk-mlak.edu.hu\/wp-content\/uploads\/2026\/02\/1000020810-1536x908.jpg 1536w, https:\/\/altisk-mlak.edu.hu\/wp-content\/uploads\/2026\/02\/1000020810-2048x1211.jpg 2048w, https:\/\/altisk-mlak.edu.hu\/wp-content\/uploads\/2026\/02\/1000020810-600x355.jpg 600w\" sizes=\"(max-width: 300px) 100vw, 300px\" \/><\/td>\n<td style=\"width: 50%;\"><img decoding=\"async\" class=\"aligncenter wp-image-3851\" src=\"https:\/\/altisk-mlak.edu.hu\/wp-content\/uploads\/2026\/02\/1000020774-300x225.jpg\" alt=\"\" width=\"229\" height=\"172\" srcset=\"https:\/\/altisk-mlak.edu.hu\/wp-content\/uploads\/2026\/02\/1000020774-300x225.jpg 300w, https:\/\/altisk-mlak.edu.hu\/wp-content\/uploads\/2026\/02\/1000020774-1024x768.jpg 1024w, https:\/\/altisk-mlak.edu.hu\/wp-content\/uploads\/2026\/02\/1000020774-768x576.jpg 768w, https:\/\/altisk-mlak.edu.hu\/wp-content\/uploads\/2026\/02\/1000020774-1536x1152.jpg 1536w, https:\/\/altisk-mlak.edu.hu\/wp-content\/uploads\/2026\/02\/1000020774-600x450.jpg 600w, https:\/\/altisk-mlak.edu.hu\/wp-content\/uploads\/2026\/02\/1000020774.jpg 2000w\" sizes=\"(max-width: 229px) 100vw, 229px\" \/><\/td>\n<\/tr>\n<tr>\n<td style=\"width: 50%;\"><img decoding=\"async\" class=\"aligncenter size-medium wp-image-3853\" src=\"https:\/\/altisk-mlak.edu.hu\/wp-content\/uploads\/2026\/02\/1000020814-300x249.jpg\" alt=\"\" width=\"300\" height=\"249\" srcset=\"https:\/\/altisk-mlak.edu.hu\/wp-content\/uploads\/2026\/02\/1000020814-300x249.jpg 300w, https:\/\/altisk-mlak.edu.hu\/wp-content\/uploads\/2026\/02\/1000020814-1024x849.jpg 1024w, https:\/\/altisk-mlak.edu.hu\/wp-content\/uploads\/2026\/02\/1000020814-768x637.jpg 768w, https:\/\/altisk-mlak.edu.hu\/wp-content\/uploads\/2026\/02\/1000020814-1536x1273.jpg 1536w, https:\/\/altisk-mlak.edu.hu\/wp-content\/uploads\/2026\/02\/1000020814-600x497.jpg 600w, https:\/\/altisk-mlak.edu.hu\/wp-content\/uploads\/2026\/02\/1000020814.jpg 2000w\" sizes=\"(max-width: 300px) 100vw, 300px\" \/><\/td>\n<td style=\"width: 50%;\"><img loading=\"lazy\" decoding=\"async\" class=\"aligncenter wp-image-3852\" src=\"https:\/\/altisk-mlak.edu.hu\/wp-content\/uploads\/2026\/02\/1000020819-300x280.jpg\" alt=\"\" width=\"251\" height=\"234\" srcset=\"https:\/\/altisk-mlak.edu.hu\/wp-content\/uploads\/2026\/02\/1000020819-300x280.jpg 300w, https:\/\/altisk-mlak.edu.hu\/wp-content\/uploads\/2026\/02\/1000020819-1024x955.jpg 1024w, https:\/\/altisk-mlak.edu.hu\/wp-content\/uploads\/2026\/02\/1000020819-768x717.jpg 768w, https:\/\/altisk-mlak.edu.hu\/wp-content\/uploads\/2026\/02\/1000020819-1536x1433.jpg 1536w, https:\/\/altisk-mlak.edu.hu\/wp-content\/uploads\/2026\/02\/1000020819-600x560.jpg 600w, https:\/\/altisk-mlak.edu.hu\/wp-content\/uploads\/2026\/02\/1000020819.jpg 2000w\" sizes=\"(max-width: 251px) 100vw, 251px\" \/><\/td>\n<\/tr>\n<\/tbody>\n<\/table>\n<p align=\"justify\">A szentmise v\u00e9g\u00e9n Gyula atya Bal\u00e1zs-\u00e1ld\u00e1sban r\u00e9szes\u00edtette a gyermekeket, az iskola dolgoz\u00f3it \u00e9s a sz\u00e9p sz\u00e1mban megjelent h\u00edveket. A t\u00e9l v\u00e9g\u00e9hez k\u00f6zeledve, a szinte folyamatos influenzaj\u00e1rv\u00e1nyok idej\u00e9n ez az \u00e1ld\u00e1s k\u00fcl\u00f6n\u00f6sen aktu\u00e1lis: \u201eSzent Bal\u00e1zs p\u00fcsp\u00f6k \u00e9s v\u00e9rtan\u00fa k\u00f6zbenj\u00e1r\u00e1s\u00e1ra v\u00e9djen meg t\u00e9ged a mindenhat\u00f3 Isten a torokbajt\u00f3l \u00e9s minden m\u00e1s bajt\u00f3l!\u201d A Bal\u00e1zs-\u00e1ld\u00e1s oltalm\u00e1ban \u00edgy bizakodva tekinthet\u00fcnk a m\u00e9g el\u0151tt\u00fcnk \u00e1ll\u00f3 t\u00e9li hetek el\u00e9.<\/p>\n<p align=\"justify\">A szentmise bens\u0151s\u00e9ges hangulatban, \u0151szinte im\u00e1ds\u00e1gban telt el. A szertart\u00e1st k\u00f6vet\u0151en a f\u00e9l\u00e9v \u00e9rt\u00e9kel\u00e9se k\u00f6vetkezett. A tagint\u00e9zm\u00e9ny-igazgat\u00f3 dics\u00e9retben r\u00e9szes\u00edtette a sz\u00e9p tanulm\u00e1nyi eredm\u00e9nyt el\u00e9rt tanul\u00f3kat, valamint azokat a gyermekeket is, akik sokat tev\u00e9kenykedtek, fejl\u0151dtek, vagyis h\u0151s\u00f6kk\u00e9 v\u00e1ltak a mindennapokban.<\/p>\n<p align=\"justify\">\n","protected":false},"excerpt":{"rendered":"<p>Febru\u00e1ri iskolamis\u00e9nket Szent Bal\u00e1zs p\u00fcsp\u00f6k \u00e9s v\u00e9rtan\u00fa \u00fcnnep\u00e9n tartottuk iskol\u00e1nk aul\u00e1j\u00e1ban. A szentmis\u00e9t Dr. Tak\u00e1cs Gyula pl\u00e9b\u00e1nos, iskolalelk\u00e9sz celebr\u00e1lta. Gyula atya Bal\u00e1zs p\u00fcsp\u00f6k \u00e9let\u00e9b\u0151l egy igen l\u00e9nyeges tulajdons\u00e1got emelt ki, \u00e9s erre<a class=\"moretag\" href=\"https:\/\/altisk-mlak.edu.hu\/index.php\/februari-iskolamise-balazs-aldassal\/\">Read More&#8230;<\/a><\/p>\n","protected":false},"author":3,"featured_media":0,"comment_status":"closed","ping_status":"closed","sticky":false,"template":"","format":"standard","meta":{"two_page_speed":[],"footnotes":""},"categories":[1],"tags":[],"class_list":["post-3850","post","type-post","status-publish","format-standard","hentry","category-egyeb"],"_links":{"self":[{"href":"https:\/\/altisk-mlak.edu.hu\/index.php\/wp-json\/wp\/v2\/posts\/3850","targetHints":{"allow":["GET"]}}],"collection":[{"href":"https:\/\/altisk-mlak.edu.hu\/index.php\/wp-json\/wp\/v2\/posts"}],"about":[{"href":"https:\/\/altisk-mlak.edu.hu\/index.php\/wp-json\/wp\/v2\/types\/post"}],"author":[{"embeddable":true,"href":"https:\/\/altisk-mlak.edu.hu\/index.php\/wp-json\/wp\/v2\/users\/3"}],"replies":[{"embeddable":true,"href":"https:\/\/altisk-mlak.edu.hu\/index.php\/wp-json\/wp\/v2\/comments?post=3850"}],"version-history":[{"count":2,"href":"https:\/\/altisk-mlak.edu.hu\/index.php\/wp-json\/wp\/v2\/posts\/3850\/revisions"}],"predecessor-version":[{"id":3856,"href":"https:\/\/altisk-mlak.edu.hu\/index.php\/wp-json\/wp\/v2\/posts\/3850\/revisions\/3856"}],"wp:attachment":[{"href":"https:\/\/altisk-mlak.edu.hu\/index.php\/wp-json\/wp\/v2\/media?parent=3850"}],"wp:term":[{"taxonomy":"category","embeddable":true,"href":"https:\/\/altisk-mlak.edu.hu\/index.php\/wp-json\/wp\/v2\/categories?post=3850"},{"taxonomy":"post_tag","embeddable":true,"href":"https:\/\/altisk-mlak.edu.hu\/index.php\/wp-json\/wp\/v2\/tags?post=3850"}],"curies":[{"name":"wp","href":"https:\/\/api.w.org\/{rel}","templated":true}]}}