{"id":3867,"date":"2026-02-23T20:02:43","date_gmt":"2026-02-23T20:02:43","guid":{"rendered":"https:\/\/altisk-mlak.edu.hu\/?p=3867"},"modified":"2026-02-23T20:05:02","modified_gmt":"2026-02-23T20:05:02","slug":"hamvazkodas-az-iskolaban","status":"publish","type":"post","link":"https:\/\/altisk-mlak.edu.hu\/index.php\/hamvazkodas-az-iskolaban\/","title":{"rendered":"Hamvazkod\u00e1s az iskol\u00e1ban"},"content":{"rendered":"<p align=\"justify\"><img fetchpriority=\"high\" decoding=\"async\" class=\"alignleft size-medium wp-image-3868\" src=\"https:\/\/altisk-mlak.edu.hu\/wp-content\/uploads\/2026\/02\/1000021285-300x222.jpg\" alt=\"\" width=\"300\" height=\"222\" srcset=\"https:\/\/altisk-mlak.edu.hu\/wp-content\/uploads\/2026\/02\/1000021285-300x222.jpg 300w, https:\/\/altisk-mlak.edu.hu\/wp-content\/uploads\/2026\/02\/1000021285-1024x759.jpg 1024w, https:\/\/altisk-mlak.edu.hu\/wp-content\/uploads\/2026\/02\/1000021285-768x569.jpg 768w, https:\/\/altisk-mlak.edu.hu\/wp-content\/uploads\/2026\/02\/1000021285-1536x1138.jpg 1536w, https:\/\/altisk-mlak.edu.hu\/wp-content\/uploads\/2026\/02\/1000021285-600x445.jpg 600w, https:\/\/altisk-mlak.edu.hu\/wp-content\/uploads\/2026\/02\/1000021285.jpg 2000w\" sizes=\"(max-width: 300px) 100vw, 300px\" \/><\/p>\n<p align=\"justify\"><span lang=\"hu-HU\">A 2026. \u00e9vben hamvaz\u00f3szerda febru\u00e1r 16-ra esett. Mondhatjuk, hogy iskol\u00e1nkban m\u00e1r hagyom\u00e1ny, hogy Gyula atya ezen a napon kiszolg\u00e1ltatja a hamvazkod\u00e1s szentelm\u00e9ny\u00e9t az iskola k\u00f6z\u00f6ss\u00e9g\u00e9nek. A tan\u00edt\u00e1s kezdet\u00e9n az aul\u00e1ban gy\u0171lt\u00fcnk \u00f6ssze mindannyian. Gyula atya a keresztvet\u00e9s ut\u00e1n n\u00e9h\u00e1ny sz\u00f3val tan\u00edt\u00e1st adott arr\u00f3l, hogy a hamvazkod\u00e1s szavai \u00e9s szertart\u00e1sa ugyan a hal\u00e1lunkra eml\u00e9keztetnek minket, de mi m\u00e9g tov\u00e1bb gondolkodunk, \u00e9s az \u00f6r\u00f6k \u00e9let\u00fcnkre gondolunk, hogy nagyb\u00f6jti b\u0171nb\u00e1natunk a mennyorsz\u00e1gba juttasson minket, ahol \u00f6r\u00f6k boldogs\u00e1gban Istennel \u00e9s szeretteinkkel lehet\u00fcnk egy\u00fctt. Ezut\u00e1n a kicsikkel elkezdve oszt\u00e1lyonk\u00e9nt vett\u00fck a szentelm\u00e9nyt, mik\u00f6zben a \u201eTeremts bennem tiszta sz\u00edvet, \u00f3 Uram\u2026\u201d kezdet\u0171 \u00e9neket \u00e9nekelt\u00fck. <\/span><\/p>\n<table style=\"border-collapse: collapse; width: 100%;\">\n<tbody>\n<tr>\n<td style=\"width: 50%;\"><img decoding=\"async\" class=\"aligncenter size-medium wp-image-3872\" src=\"https:\/\/altisk-mlak.edu.hu\/wp-content\/uploads\/2026\/02\/1000021290-171x300.jpg\" alt=\"\" width=\"171\" height=\"300\" srcset=\"https:\/\/altisk-mlak.edu.hu\/wp-content\/uploads\/2026\/02\/1000021290-171x300.jpg 171w, https:\/\/altisk-mlak.edu.hu\/wp-content\/uploads\/2026\/02\/1000021290-583x1024.jpg 583w, https:\/\/altisk-mlak.edu.hu\/wp-content\/uploads\/2026\/02\/1000021290-768x1349.jpg 768w, https:\/\/altisk-mlak.edu.hu\/wp-content\/uploads\/2026\/02\/1000021290-874x1536.jpg 874w, https:\/\/altisk-mlak.edu.hu\/wp-content\/uploads\/2026\/02\/1000021290-1166x2048.jpg 1166w, https:\/\/altisk-mlak.edu.hu\/wp-content\/uploads\/2026\/02\/1000021290-341x600.jpg 341w, https:\/\/altisk-mlak.edu.hu\/wp-content\/uploads\/2026\/02\/1000021290-scaled.jpg 1457w\" sizes=\"(max-width: 171px) 100vw, 171px\" \/><\/td>\n<td style=\"width: 50%;\"><img decoding=\"async\" class=\"aligncenter size-medium wp-image-3871\" src=\"https:\/\/altisk-mlak.edu.hu\/wp-content\/uploads\/2026\/02\/1000021291-249x300.jpg\" alt=\"\" width=\"249\" height=\"300\" srcset=\"https:\/\/altisk-mlak.edu.hu\/wp-content\/uploads\/2026\/02\/1000021291-249x300.jpg 249w, https:\/\/altisk-mlak.edu.hu\/wp-content\/uploads\/2026\/02\/1000021291-851x1024.jpg 851w, https:\/\/altisk-mlak.edu.hu\/wp-content\/uploads\/2026\/02\/1000021291-768x924.jpg 768w, https:\/\/altisk-mlak.edu.hu\/wp-content\/uploads\/2026\/02\/1000021291-1276x1536.jpg 1276w, https:\/\/altisk-mlak.edu.hu\/wp-content\/uploads\/2026\/02\/1000021291-1702x2048.jpg 1702w, https:\/\/altisk-mlak.edu.hu\/wp-content\/uploads\/2026\/02\/1000021291-499x600.jpg 499w\" sizes=\"(max-width: 249px) 100vw, 249px\" \/><\/td>\n<\/tr>\n<tr>\n<td style=\"width: 50%;\"><img loading=\"lazy\" decoding=\"async\" class=\"aligncenter wp-image-3870 size-medium\" src=\"https:\/\/altisk-mlak.edu.hu\/wp-content\/uploads\/2026\/02\/1000021129-scaled-e1771876916549-300x241.jpg\" alt=\"\" width=\"300\" height=\"241\" srcset=\"https:\/\/altisk-mlak.edu.hu\/wp-content\/uploads\/2026\/02\/1000021129-scaled-e1771876916549-300x241.jpg 300w, https:\/\/altisk-mlak.edu.hu\/wp-content\/uploads\/2026\/02\/1000021129-scaled-e1771876916549-1024x821.jpg 1024w, https:\/\/altisk-mlak.edu.hu\/wp-content\/uploads\/2026\/02\/1000021129-scaled-e1771876916549-768x616.jpg 768w, https:\/\/altisk-mlak.edu.hu\/wp-content\/uploads\/2026\/02\/1000021129-scaled-e1771876916549-1536x1232.jpg 1536w, https:\/\/altisk-mlak.edu.hu\/wp-content\/uploads\/2026\/02\/1000021129-scaled-e1771876916549-600x481.jpg 600w, https:\/\/altisk-mlak.edu.hu\/wp-content\/uploads\/2026\/02\/1000021129-scaled-e1771876916549.jpg 1920w\" sizes=\"(max-width: 300px) 100vw, 300px\" \/><\/td>\n<td style=\"width: 50%;\"><img loading=\"lazy\" decoding=\"async\" class=\"aligncenter size-medium wp-image-3869\" src=\"https:\/\/altisk-mlak.edu.hu\/wp-content\/uploads\/2026\/02\/1000021124-300x225.jpg\" alt=\"\" width=\"300\" height=\"225\" srcset=\"https:\/\/altisk-mlak.edu.hu\/wp-content\/uploads\/2026\/02\/1000021124-300x225.jpg 300w, https:\/\/altisk-mlak.edu.hu\/wp-content\/uploads\/2026\/02\/1000021124-1024x768.jpg 1024w, https:\/\/altisk-mlak.edu.hu\/wp-content\/uploads\/2026\/02\/1000021124-768x576.jpg 768w, https:\/\/altisk-mlak.edu.hu\/wp-content\/uploads\/2026\/02\/1000021124-1536x1152.jpg 1536w, https:\/\/altisk-mlak.edu.hu\/wp-content\/uploads\/2026\/02\/1000021124-2048x1536.jpg 2048w, https:\/\/altisk-mlak.edu.hu\/wp-content\/uploads\/2026\/02\/1000021124-600x450.jpg 600w\" sizes=\"(max-width: 300px) 100vw, 300px\" \/><\/td>\n<\/tr>\n<\/tbody>\n<\/table>\n<p align=\"justify\"><span lang=\"hu-HU\">Adja meg nek\u00fcnk a j\u00f3 Isten, hogy a nagyb\u00f6jt napjait lelk\u00fcnk jav\u00e1ra haszn\u00e1ljuk!<\/span><\/p>\n<p style=\"text-align: right;\" align=\"justify\"><em>\u00c1gnes n\u0151v\u00e9r<\/em><\/p>\n","protected":false},"excerpt":{"rendered":"<p>A 2026. \u00e9vben hamvaz\u00f3szerda febru\u00e1r 16-ra esett. Mondhatjuk, hogy iskol\u00e1nkban m\u00e1r hagyom\u00e1ny, hogy Gyula atya ezen a napon kiszolg\u00e1ltatja a hamvazkod\u00e1s szentelm\u00e9ny\u00e9t az iskola k\u00f6z\u00f6ss\u00e9g\u00e9nek. A tan\u00edt\u00e1s kezdet\u00e9n az aul\u00e1ban gy\u0171lt\u00fcnk \u00f6ssze<a class=\"moretag\" href=\"https:\/\/altisk-mlak.edu.hu\/index.php\/hamvazkodas-az-iskolaban\/\">Read More&#8230;<\/a><\/p>\n","protected":false},"author":3,"featured_media":0,"comment_status":"closed","ping_status":"closed","sticky":false,"template":"","format":"standard","meta":{"two_page_speed":[],"footnotes":""},"categories":[1],"tags":[],"class_list":["post-3867","post","type-post","status-publish","format-standard","hentry","category-egyeb"],"_links":{"self":[{"href":"https:\/\/altisk-mlak.edu.hu\/index.php\/wp-json\/wp\/v2\/posts\/3867","targetHints":{"allow":["GET"]}}],"collection":[{"href":"https:\/\/altisk-mlak.edu.hu\/index.php\/wp-json\/wp\/v2\/posts"}],"about":[{"href":"https:\/\/altisk-mlak.edu.hu\/index.php\/wp-json\/wp\/v2\/types\/post"}],"author":[{"embeddable":true,"href":"https:\/\/altisk-mlak.edu.hu\/index.php\/wp-json\/wp\/v2\/users\/3"}],"replies":[{"embeddable":true,"href":"https:\/\/altisk-mlak.edu.hu\/index.php\/wp-json\/wp\/v2\/comments?post=3867"}],"version-history":[{"count":1,"href":"https:\/\/altisk-mlak.edu.hu\/index.php\/wp-json\/wp\/v2\/posts\/3867\/revisions"}],"predecessor-version":[{"id":3873,"href":"https:\/\/altisk-mlak.edu.hu\/index.php\/wp-json\/wp\/v2\/posts\/3867\/revisions\/3873"}],"wp:attachment":[{"href":"https:\/\/altisk-mlak.edu.hu\/index.php\/wp-json\/wp\/v2\/media?parent=3867"}],"wp:term":[{"taxonomy":"category","embeddable":true,"href":"https:\/\/altisk-mlak.edu.hu\/index.php\/wp-json\/wp\/v2\/categories?post=3867"},{"taxonomy":"post_tag","embeddable":true,"href":"https:\/\/altisk-mlak.edu.hu\/index.php\/wp-json\/wp\/v2\/tags?post=3867"}],"curies":[{"name":"wp","href":"https:\/\/api.w.org\/{rel}","templated":true}]}}