{"id":389,"date":"2019-03-12T11:04:02","date_gmt":"2019-03-12T11:04:02","guid":{"rendered":"http:\/\/altisk-mlak.sulinet.hu\/?p=389"},"modified":"2021-05-30T13:14:43","modified_gmt":"2021-05-30T13:14:43","slug":"felhivas-2019-2020-tanevre-torteno-beiratasra","status":"publish","type":"post","link":"https:\/\/altisk-mlak.edu.hu\/index.php\/felhivas-2019-2020-tanevre-torteno-beiratasra\/","title":{"rendered":"Felh\u00edv\u00e1s 2019\/2020. tan\u00e9vre t\u00f6rt\u00e9n\u0151 be\u00edrat\u00e1sra"},"content":{"rendered":"<p><strong>FELH\u00cdV\u00c1S<\/strong><br \/>\na Szombathelyi Tanker\u00fcleti K\u00f6zpont fenntart\u00e1s\u00e1ban m\u0171k\u00f6d\u0151 \u00e1ltal\u00e1nos iskol\u00e1kba,<br \/>\na 2019\/2020. tan\u00e9vre t\u00f6rt\u00e9n\u0151 be\u00edrat\u00e1sra.<\/p>\n<p style=\"text-align: justify;\">\u00c9rtes\u00edtj\u00fck az \u00e9rintett sz\u00fcl\u0151ket, hogy a 2019\/2020. tan\u00e9vre, az els\u0151 \u00e9vfolyamra t\u00f6rt\u00e9n\u0151 \u00e1ltal\u00e1nos iskolai beiskol\u00e1z\u00e1sra az al\u00e1bbi elj\u00e1r\u00e1srend szerint ker\u00fcl sor:<\/p>\n<p style=\"text-align: justify;\">\nTank\u00f6teles kor\u00fa, 2019. augusztus 31-ig a hatodik \u00e9let\u00e9v\u00e9t bet\u00f6lt\u00f6tt gyermek\u00e9t a sz\u00fcl\u0151 k\u00f6teles az \u00e9letvitelszer\u0171 lak\u00f3helye, ennek hi\u00e1ny\u00e1ban tart\u00f3zkod\u00e1si helye szerinti illet\u00e9kes, vagy a v\u00e1lasztott iskola els\u0151 \u00e9vfolyam\u00e1ra be\u00edratni.<\/p>\n<p style=\"text-align: justify;\">\nJelentkezni a <em>jelentkez\u00e9si lap kit\u00f6lt\u00e9s\u00e9vel \u00e9s a v\u00e1lasztott iskol\u00e1ban t\u00f6rt\u00e9n\u0151 lead\u00e1s\u00e1val<\/em><br \/>\nvagy<br \/>\na <em>https:\/\/eugyintezes.e-kreta.hu\/kezdolap fel\u00fcleten kereszt\u00fcl <\/em>\u2013 regisztr\u00e1ci\u00f3 ut\u00e1n lehet.<\/p>\n<p style=\"text-align: justify;\">\n<strong>Az elektronikus \u00faton t\u00f6rt\u00e9n\u0151 jelentkez\u00e9s nem helyettes\u00edti a szem\u00e9lyes megjelen\u00e9st.<\/strong><\/p>\n<p>A jelentkez\u00e9si lapok lead\u00e1s\u00e1nak \u00e9s az els\u0151 \u00e9vfolyamra t\u00f6rt\u00e9n\u0151 beiratkoz\u00e1snak az id\u0151pontja:<\/p>\n<p><strong><span style=\"color: #ff0000;\">2019. \u00e1prilis 11. (cs\u00fct\u00f6rt\u00f6k) 8.00 \u00f3r\u00e1t\u00f3l 19.00 \u00f3r\u00e1ig<\/span><\/strong><br \/>\n<strong><span style=\"color: #ff0000;\">2019. \u00e1prilis 12. (p\u00e9ntek) 8.00 \u00f3r\u00e1t\u00f3l 18.00 \u00f3r\u00e1ig<\/span><\/strong><\/p>\n<p style=\"text-align: justify;\">\nAz els\u0151 \u00e9vfolyamra t\u00f6rt\u00e9n\u0151 be\u00edrat\u00e1skor be kell mutatni a gyermek nev\u00e9re ki\u00e1ll\u00edtott szem\u00e9lyi azonos\u00edt\u00f3t tartalmaz\u00f3 \u00e9s a lakc\u00edmet igazol\u00f3 hat\u00f3s\u00e1gi igazolv\u00e1nyt, az iskol\u00e1ba l\u00e9p\u00e9shez sz\u00fcks\u00e9ges fejletts\u00e9g el\u00e9r\u00e9s\u00e9t tan\u00fas\u00edt\u00f3 igazol\u00e1st (\u00f3vodai szakv\u00e9lem\u00e9ny, saj\u00e1tos nevel\u00e9si ig\u00e9ny\u0171 gyermek eset\u00e9n a szak\u00e9rt\u0151i bizotts\u00e1g szakv\u00e9lem\u00e9nye), tov\u00e1bb\u00e1 a t\u00f6rv\u00e9nyes k\u00e9pviseletr\u0151l sz\u00f3l\u00f3 nyilatkozatot.<\/p>\n<p style=\"text-align: justify;\">\nA felv\u00e9telr\u0151l vagy a felv\u00e9tel elutas\u00edt\u00e1s\u00e1r\u00f3l az iskola igazgat\u00f3ja \u00e9rtes\u00edti a sz\u00fcl\u0151ket. A felv\u00e9telr\u0151l els\u0151 fokon az iskola igazgat\u00f3ja d\u00f6nt, elutas\u00edt\u00e1s eset\u00e9n a Szombathelyi Tanker\u00fcleti K\u00f6zpont igazgat\u00f3ja d\u00f6nt a fel\u00fclb\u00edr\u00e1lati k\u00e9relmekr\u0151l.<\/p>\n<p style=\"text-align: right;\">\n<em>Tanker\u00fcleti igazgat\u00f3<\/em><\/p>\n<p>A teljes dokumentum pdf form\u00e1tumban el\u00e9rhet\u0151 <a href=\"http:\/\/altisk-mlak.sulinet.hu\/wp-content\/uploads\/2019\/03\/FELH\u00cdV\u00c1S-2019-2020.-tan\u00e9v\u00e9re-t\u00f6rt\u00e9n\u0151-be\u00edrat\u00e1sra.pdf\" target=\"_blank\" rel=\"noopener\">ide kattintva<\/a>.<\/p>\n","protected":false},"excerpt":{"rendered":"<p>FELH\u00cdV\u00c1S a Szombathelyi Tanker\u00fcleti K\u00f6zpont fenntart\u00e1s\u00e1ban m\u0171k\u00f6d\u0151 \u00e1ltal\u00e1nos iskol\u00e1kba, a 2019\/2020. tan\u00e9vre t\u00f6rt\u00e9n\u0151 be\u00edrat\u00e1sra. \u00c9rtes\u00edtj\u00fck az \u00e9rintett sz\u00fcl\u0151ket, hogy a 2019\/2020. tan\u00e9vre, az els\u0151 \u00e9vfolyamra t\u00f6rt\u00e9n\u0151 \u00e1ltal\u00e1nos iskolai beiskol\u00e1z\u00e1sra az al\u00e1bbi elj\u00e1r\u00e1srend<a class=\"moretag\" href=\"https:\/\/altisk-mlak.edu.hu\/index.php\/felhivas-2019-2020-tanevre-torteno-beiratasra\/\">Read More&#8230;<\/a><\/p>\n","protected":false},"author":1,"featured_media":0,"comment_status":"closed","ping_status":"closed","sticky":false,"template":"","format":"standard","meta":{"two_page_speed":[],"footnotes":""},"categories":[22,24],"tags":[],"class_list":["post-389","post","type-post","status-publish","format-standard","hentry","category-oktatas","category-tajekoztatas"],"_links":{"self":[{"href":"https:\/\/altisk-mlak.edu.hu\/index.php\/wp-json\/wp\/v2\/posts\/389","targetHints":{"allow":["GET"]}}],"collection":[{"href":"https:\/\/altisk-mlak.edu.hu\/index.php\/wp-json\/wp\/v2\/posts"}],"about":[{"href":"https:\/\/altisk-mlak.edu.hu\/index.php\/wp-json\/wp\/v2\/types\/post"}],"author":[{"embeddable":true,"href":"https:\/\/altisk-mlak.edu.hu\/index.php\/wp-json\/wp\/v2\/users\/1"}],"replies":[{"embeddable":true,"href":"https:\/\/altisk-mlak.edu.hu\/index.php\/wp-json\/wp\/v2\/comments?post=389"}],"version-history":[{"count":1,"href":"https:\/\/altisk-mlak.edu.hu\/index.php\/wp-json\/wp\/v2\/posts\/389\/revisions"}],"predecessor-version":[{"id":391,"href":"https:\/\/altisk-mlak.edu.hu\/index.php\/wp-json\/wp\/v2\/posts\/389\/revisions\/391"}],"wp:attachment":[{"href":"https:\/\/altisk-mlak.edu.hu\/index.php\/wp-json\/wp\/v2\/media?parent=389"}],"wp:term":[{"taxonomy":"category","embeddable":true,"href":"https:\/\/altisk-mlak.edu.hu\/index.php\/wp-json\/wp\/v2\/categories?post=389"},{"taxonomy":"post_tag","embeddable":true,"href":"https:\/\/altisk-mlak.edu.hu\/index.php\/wp-json\/wp\/v2\/tags?post=389"}],"curies":[{"name":"wp","href":"https:\/\/api.w.org\/{rel}","templated":true}]}}