{"id":3891,"date":"2026-03-12T19:37:01","date_gmt":"2026-03-12T19:37:01","guid":{"rendered":"https:\/\/altisk-mlak.edu.hu\/?p=3891"},"modified":"2026-03-19T17:57:12","modified_gmt":"2026-03-19T17:57:12","slug":"nagybojti-iskolamise","status":"publish","type":"post","link":"https:\/\/altisk-mlak.edu.hu\/index.php\/nagybojti-iskolamise\/","title":{"rendered":"Nagyb\u00f6jti iskolamise"},"content":{"rendered":"<p align=\"justify\"><img fetchpriority=\"high\" decoding=\"async\" class=\"aligncenter size-full wp-image-3894\" src=\"https:\/\/altisk-mlak.edu.hu\/wp-content\/uploads\/2026\/03\/1000021378-scaled.jpg\" alt=\"\" width=\"2560\" height=\"1920\" srcset=\"https:\/\/altisk-mlak.edu.hu\/wp-content\/uploads\/2026\/03\/1000021378-scaled.jpg 2560w, https:\/\/altisk-mlak.edu.hu\/wp-content\/uploads\/2026\/03\/1000021378-300x225.jpg 300w, https:\/\/altisk-mlak.edu.hu\/wp-content\/uploads\/2026\/03\/1000021378-1024x768.jpg 1024w, https:\/\/altisk-mlak.edu.hu\/wp-content\/uploads\/2026\/03\/1000021378-768x576.jpg 768w, https:\/\/altisk-mlak.edu.hu\/wp-content\/uploads\/2026\/03\/1000021378-1536x1152.jpg 1536w, https:\/\/altisk-mlak.edu.hu\/wp-content\/uploads\/2026\/03\/1000021378-2048x1536.jpg 2048w, https:\/\/altisk-mlak.edu.hu\/wp-content\/uploads\/2026\/03\/1000021378-600x450.jpg 600w\" sizes=\"(max-width: 2560px) 100vw, 2560px\" \/><\/p>\n<p align=\"justify\"><span lang=\"hu-HU\">M\u00e1rciusi iskolamis\u00e9nk h\u00e9tf\u0151i napra esett, amelyet a 6. \u00f3r\u00e1ban tartott meg Gyula atya, \u00edgy a gyerekek hi\u00e1nytalanul tudtak r\u00e9szt venni a szentmis\u00e9n. A t\u00e9lies id\u0151 miatt az iskola aul\u00e1j\u00e1t rendezt\u00fck be m\u00e1r gyakorlottan, szinte p\u00e1r perc alatt a szentmis\u00e9hez a tornapadokkal \u00e9s sz\u00e9kekkel. Az olt\u00e1rk\u00e9nt szolg\u00e1l\u00f3 bark\u00e1cspad mellett sorakoztak a kis ministr\u00e1nsok, akik m\u00e1r teljesen \u00f6n\u00e1ll\u00f3an tudtak szolg\u00e1lni a szentmise alatt. A nagyb\u00f6jti id\u0151 miatt csak a kereszt \u00e9s a gyerty\u00e1k helyezkedtek el az olt\u00e1ron, a vir\u00e1gd\u00edsz\u00edt\u00e9s hi\u00e1nya a b\u0171nb\u00e1nat jele. A szentmise bevezet\u0151 \u00e9neke a \u201eTeremts bennem tiszta sz\u00edvet, \u00f3 Uram\u2026\u201d kezdet\u0171 \u00e9nek volt. <\/span><\/p>\n<p align=\"justify\"><img decoding=\"async\" class=\"aligncenter size-full wp-image-3895\" src=\"https:\/\/altisk-mlak.edu.hu\/wp-content\/uploads\/2026\/03\/1000021665-scaled.jpg\" alt=\"\" width=\"2560\" height=\"1955\" srcset=\"https:\/\/altisk-mlak.edu.hu\/wp-content\/uploads\/2026\/03\/1000021665-scaled.jpg 2560w, https:\/\/altisk-mlak.edu.hu\/wp-content\/uploads\/2026\/03\/1000021665-300x229.jpg 300w, https:\/\/altisk-mlak.edu.hu\/wp-content\/uploads\/2026\/03\/1000021665-1024x782.jpg 1024w, https:\/\/altisk-mlak.edu.hu\/wp-content\/uploads\/2026\/03\/1000021665-768x586.jpg 768w, https:\/\/altisk-mlak.edu.hu\/wp-content\/uploads\/2026\/03\/1000021665-1536x1173.jpg 1536w, https:\/\/altisk-mlak.edu.hu\/wp-content\/uploads\/2026\/03\/1000021665-2048x1564.jpg 2048w, https:\/\/altisk-mlak.edu.hu\/wp-content\/uploads\/2026\/03\/1000021665-600x458.jpg 600w\" sizes=\"(max-width: 2560px) 100vw, 2560px\" \/><\/p>\n<p align=\"justify\"><span lang=\"hu-HU\">Gyula atya pr\u00e9dik\u00e1ci\u00f3j\u00e1ban arr\u00f3l besz\u00e9lt, hogy Isten maga a J\u00f3s\u00e1g, \u00e9s amikor mi j\u00f3cselekedetekkel k\u00e9sz\u00fcl\u00fcnk h\u00fasv\u00e9tra, akkor vele vagyunk k\u00f6z\u00f6ss\u00e9gben, bel\u0151le r\u00e9szes\u00fcl\u00fcnk. Az olt\u00e1ron elhelyezett k\u00e9t kis cser\u00e9p az elvetett magokkal jelk\u00e9pezt\u00e9k az \u00faj vet\u00e9st, amelyeket Gyula atya meghintett szentelt v\u00edzzel, \u00e9s elmondta az \u00e1ld\u00e1st, majd p\u00e1r sz\u00f3val felid\u00e9zte J\u00e9zusnak a must\u00e1rmagr\u00f3l mondott p\u00e9ldabesz\u00e9d\u00e9t: ahogyan az elvetett mag \u00e9szrev\u00e9tlen\u00fcl n\u00f6vekszik, \u00fagy n\u00f6vekszik benn\u00fcnk is \u00e9szrev\u00e9tlen\u00fcl a j\u00f3s\u00e1g. <\/span><\/p>\n<p align=\"justify\"><img decoding=\"async\" class=\"aligncenter size-full wp-image-3893\" src=\"https:\/\/altisk-mlak.edu.hu\/wp-content\/uploads\/2026\/03\/1000021662.jpg\" alt=\"\" width=\"2361\" height=\"2000\" srcset=\"https:\/\/altisk-mlak.edu.hu\/wp-content\/uploads\/2026\/03\/1000021662.jpg 2361w, https:\/\/altisk-mlak.edu.hu\/wp-content\/uploads\/2026\/03\/1000021662-300x254.jpg 300w, https:\/\/altisk-mlak.edu.hu\/wp-content\/uploads\/2026\/03\/1000021662-1024x867.jpg 1024w, https:\/\/altisk-mlak.edu.hu\/wp-content\/uploads\/2026\/03\/1000021662-768x651.jpg 768w, https:\/\/altisk-mlak.edu.hu\/wp-content\/uploads\/2026\/03\/1000021662-1536x1301.jpg 1536w, https:\/\/altisk-mlak.edu.hu\/wp-content\/uploads\/2026\/03\/1000021662-2048x1735.jpg 2048w, https:\/\/altisk-mlak.edu.hu\/wp-content\/uploads\/2026\/03\/1000021662-600x508.jpg 600w\" sizes=\"(max-width: 2361px) 100vw, 2361px\" \/><\/p>\n<p align=\"justify\"><span lang=\"hu-HU\">Az egyetemes k\u00f6ny\u00f6rg\u00e9seket a 3. oszt\u00e1ly k\u00e9t tanul\u00f3ja, Czotter Gr\u00e9ta \u00e9s Laki Szofi olvast\u00e1k fel. <\/span><\/p>\n<p lang=\"hu-HU\" style=\"text-align: right;\" align=\"justify\"><em>\u00c1gnes n\u0151v\u00e9r<\/em><\/p>\n","protected":false},"excerpt":{"rendered":"<p>M\u00e1rciusi iskolamis\u00e9nk h\u00e9tf\u0151i napra esett, amelyet a 6. \u00f3r\u00e1ban tartott meg Gyula atya, \u00edgy a gyerekek hi\u00e1nytalanul tudtak r\u00e9szt venni a szentmis\u00e9n. A t\u00e9lies id\u0151 miatt az iskola aul\u00e1j\u00e1t rendezt\u00fck be m\u00e1r<a class=\"moretag\" href=\"https:\/\/altisk-mlak.edu.hu\/index.php\/nagybojti-iskolamise\/\">Read More&#8230;<\/a><\/p>\n","protected":false},"author":3,"featured_media":0,"comment_status":"closed","ping_status":"closed","sticky":false,"template":"","format":"standard","meta":{"two_page_speed":[],"footnotes":""},"categories":[1],"tags":[],"class_list":["post-3891","post","type-post","status-publish","format-standard","hentry","category-egyeb"],"_links":{"self":[{"href":"https:\/\/altisk-mlak.edu.hu\/index.php\/wp-json\/wp\/v2\/posts\/3891","targetHints":{"allow":["GET"]}}],"collection":[{"href":"https:\/\/altisk-mlak.edu.hu\/index.php\/wp-json\/wp\/v2\/posts"}],"about":[{"href":"https:\/\/altisk-mlak.edu.hu\/index.php\/wp-json\/wp\/v2\/types\/post"}],"author":[{"embeddable":true,"href":"https:\/\/altisk-mlak.edu.hu\/index.php\/wp-json\/wp\/v2\/users\/3"}],"replies":[{"embeddable":true,"href":"https:\/\/altisk-mlak.edu.hu\/index.php\/wp-json\/wp\/v2\/comments?post=3891"}],"version-history":[{"count":2,"href":"https:\/\/altisk-mlak.edu.hu\/index.php\/wp-json\/wp\/v2\/posts\/3891\/revisions"}],"predecessor-version":[{"id":3897,"href":"https:\/\/altisk-mlak.edu.hu\/index.php\/wp-json\/wp\/v2\/posts\/3891\/revisions\/3897"}],"wp:attachment":[{"href":"https:\/\/altisk-mlak.edu.hu\/index.php\/wp-json\/wp\/v2\/media?parent=3891"}],"wp:term":[{"taxonomy":"category","embeddable":true,"href":"https:\/\/altisk-mlak.edu.hu\/index.php\/wp-json\/wp\/v2\/categories?post=3891"},{"taxonomy":"post_tag","embeddable":true,"href":"https:\/\/altisk-mlak.edu.hu\/index.php\/wp-json\/wp\/v2\/tags?post=3891"}],"curies":[{"name":"wp","href":"https:\/\/api.w.org\/{rel}","templated":true}]}}