{"id":3899,"date":"2026-03-19T18:00:37","date_gmt":"2026-03-19T18:00:37","guid":{"rendered":"https:\/\/altisk-mlak.edu.hu\/?p=3899"},"modified":"2026-03-19T18:05:14","modified_gmt":"2026-03-19T18:05:14","slug":"iskolamozi","status":"publish","type":"post","link":"https:\/\/altisk-mlak.edu.hu\/index.php\/iskolamozi\/","title":{"rendered":"Iskolamozi"},"content":{"rendered":"<p align=\"justify\"><img fetchpriority=\"high\" decoding=\"async\" class=\"alignleft size-medium wp-image-3900\" src=\"https:\/\/altisk-mlak.edu.hu\/wp-content\/uploads\/2026\/03\/icsl-filmszinhaz-01.jpg-300x225.webp\" alt=\"\" width=\"300\" height=\"225\" srcset=\"https:\/\/altisk-mlak.edu.hu\/wp-content\/uploads\/2026\/03\/icsl-filmszinhaz-01.jpg-300x225.webp 300w, https:\/\/altisk-mlak.edu.hu\/wp-content\/uploads\/2026\/03\/icsl-filmszinhaz-01.jpg-768x576.webp 768w, https:\/\/altisk-mlak.edu.hu\/wp-content\/uploads\/2026\/03\/icsl-filmszinhaz-01.jpg-600x450.webp 600w, https:\/\/altisk-mlak.edu.hu\/wp-content\/uploads\/2026\/03\/icsl-filmszinhaz-01.jpg.webp 800w\" sizes=\"(max-width: 300px) 100vw, 300px\" \/>M\u00e1rcius 13-\u00e1n iskol\u00e1nk k\u00f6z\u00f6ss\u00e9ge ell\u00e1togatott a szentgotth\u00e1rdi Cs\u00e1k\u00e1nyi L\u00e1szl\u00f3 Filmsz\u00ednh\u00e1zba. Az als\u00f3 tagozatos di\u00e1kok a Kir\u00e1lyok kir\u00e1lya c\u00edm\u0171 alkot\u00e1st n\u00e9zt\u00e9k meg, amely J\u00e9zus \u00e9let\u00e9t mutatja be. A film szeml\u00e9letesen \u00e9s a kisgyermekek sz\u00e1m\u00e1ra \u00e9rthet\u0151 m\u00f3don mes\u00e9li el a t\u00f6rt\u00e9netet sz\u00fclet\u00e9s\u00e9t\u0151l kezdve eg\u00e9szen tan\u00edt\u00e1saiig \u00e9s csod\u00e1iig. A sz\u00ednes anim\u00e1ci\u00f3, a kedves karakterek \u00e9s a fordulatos esem\u00e9nyek lek\u00f6t\u00f6tt\u00e9k a gyerekek figyelm\u00e9t, mik\u00f6zben fontos erk\u00f6lcsi \u00e9s vall\u00e1si \u00fczeneteket k\u00f6zvet\u00edtettek: a szeretet, a seg\u00edt\u0151k\u00e9szs\u00e9g \u00e9s a b\u00e1tors\u00e1g \u00e9rt\u00e9keit.<\/p>\n<p align=\"justify\"><img decoding=\"async\" class=\"alignright size-medium wp-image-3901\" src=\"https:\/\/altisk-mlak.edu.hu\/wp-content\/uploads\/2026\/03\/Most_vagy_soha-300x216.png\" alt=\"\" width=\"300\" height=\"216\" srcset=\"https:\/\/altisk-mlak.edu.hu\/wp-content\/uploads\/2026\/03\/Most_vagy_soha-300x216.png 300w, https:\/\/altisk-mlak.edu.hu\/wp-content\/uploads\/2026\/03\/Most_vagy_soha-1024x739.png 1024w, https:\/\/altisk-mlak.edu.hu\/wp-content\/uploads\/2026\/03\/Most_vagy_soha-768x554.png 768w, https:\/\/altisk-mlak.edu.hu\/wp-content\/uploads\/2026\/03\/Most_vagy_soha-600x433.png 600w, https:\/\/altisk-mlak.edu.hu\/wp-content\/uploads\/2026\/03\/Most_vagy_soha.png 1296w\" sizes=\"(max-width: 300px) 100vw, 300px\" \/>A fels\u0151 tagozatos tanul\u00f3k a Most vagy soha! c\u00edm\u0171 filmet n\u00e9zt\u00e9k meg, amely az 1848. m\u00e1rcius 15-i forradalom esem\u00e9nyeit dolgozza fel. A film izgalmasan \u00e9s \u00e9letszer\u0171en mutatja be a t\u00f6rt\u00e9nelmi esem\u00e9nyeket, k\u00fcl\u00f6n\u00f6s hangs\u00falyt fektetve a fiatalok szerep\u00e9re, b\u00e1tors\u00e1g\u00e1ra \u00e9s az \u00f6sszefog\u00e1s fontoss\u00e1g\u00e1ra. A l\u00e1tv\u00e1nyos jelenetek \u00e9s dr\u00e1mai fordulatok seg\u00edtettek a di\u00e1koknak jobban \u00e1t\u00e9lni a korszak hangulat\u00e1t, mik\u00f6zben m\u00e9ly\u00edtett\u00e9k t\u00f6rt\u00e9nelmi ismereteikeA mozil\u00e1togat\u00e1s \u00edgy nemcsak sz\u00f3rakoztat\u00f3 \u00e9s tanuls\u00e1gos program volt, hanem k\u00f6z\u00f6ss\u00e9g\u00e9p\u00edt\u0151 \u00e9lm\u00e9ny is. A di\u00e1kok egy\u00fctt \u00e9lhett\u00e9k \u00e1t a t\u00f6rt\u00e9neteket, \u00e9s megoszthatt\u00e1k egym\u00e1ssal benyom\u00e1saikat. Mindez az Egy\u00fctt a Gyermekek\u00e9rt K\u00f6zalap\u00edtv\u00e1ny t\u00e1mogat\u00e1s\u00e1val val\u00f3sulhatott meg, amelynek seg\u00edts\u00e9g\u00e9vel eml\u00e9kezetes \u00e9s \u00e9rt\u00e9kes \u00e9lm\u00e9nnyel gazdagodott iskol\u00e1nk k\u00f6z\u00f6ss\u00e9ge. K\u00f6sz\u00f6nj\u00fck sz\u00e9pen az Alap\u00edtv\u00e1ny nagylelk\u0171 t\u00e1mogat\u00e1s\u00e1t, ugyanis a mozijegyeken t\u00fal a k\u00fcl\u00f6nj\u00e1rat k\u00f6lts\u00e9g\u00e9t is \u00e1tv\u00e1llalta! H\u00e1l\u00e1sak vagyunk Zak\u00f3cs Veronika tan\u00edt\u00f3n\u0151nek a szervez\u0151 munk\u00e1\u00e9rt \u00e9s Sz\u00e9p Ren\u00e1t\u00e1nak a seg\u00edt\u0151 k\u00f6zrem\u0171k\u00f6d\u00e9s\u00e9rt.<\/p>\n<p style=\"text-align: right;\"><em>Mezein\u00e9 Kiss Katalin<\/em><\/p>\n<p align=\"justify\">\n","protected":false},"excerpt":{"rendered":"<p>M\u00e1rcius 13-\u00e1n iskol\u00e1nk k\u00f6z\u00f6ss\u00e9ge ell\u00e1togatott a szentgotth\u00e1rdi Cs\u00e1k\u00e1nyi L\u00e1szl\u00f3 Filmsz\u00ednh\u00e1zba. Az als\u00f3 tagozatos di\u00e1kok a Kir\u00e1lyok kir\u00e1lya c\u00edm\u0171 alkot\u00e1st n\u00e9zt\u00e9k meg, amely J\u00e9zus \u00e9let\u00e9t mutatja be. A film szeml\u00e9letesen \u00e9s a kisgyermekek<a class=\"moretag\" href=\"https:\/\/altisk-mlak.edu.hu\/index.php\/iskolamozi\/\">Read More&#8230;<\/a><\/p>\n","protected":false},"author":3,"featured_media":0,"comment_status":"closed","ping_status":"closed","sticky":false,"template":"","format":"standard","meta":{"two_page_speed":[],"footnotes":""},"categories":[1],"tags":[],"class_list":["post-3899","post","type-post","status-publish","format-standard","hentry","category-egyeb"],"_links":{"self":[{"href":"https:\/\/altisk-mlak.edu.hu\/index.php\/wp-json\/wp\/v2\/posts\/3899","targetHints":{"allow":["GET"]}}],"collection":[{"href":"https:\/\/altisk-mlak.edu.hu\/index.php\/wp-json\/wp\/v2\/posts"}],"about":[{"href":"https:\/\/altisk-mlak.edu.hu\/index.php\/wp-json\/wp\/v2\/types\/post"}],"author":[{"embeddable":true,"href":"https:\/\/altisk-mlak.edu.hu\/index.php\/wp-json\/wp\/v2\/users\/3"}],"replies":[{"embeddable":true,"href":"https:\/\/altisk-mlak.edu.hu\/index.php\/wp-json\/wp\/v2\/comments?post=3899"}],"version-history":[{"count":1,"href":"https:\/\/altisk-mlak.edu.hu\/index.php\/wp-json\/wp\/v2\/posts\/3899\/revisions"}],"predecessor-version":[{"id":3902,"href":"https:\/\/altisk-mlak.edu.hu\/index.php\/wp-json\/wp\/v2\/posts\/3899\/revisions\/3902"}],"wp:attachment":[{"href":"https:\/\/altisk-mlak.edu.hu\/index.php\/wp-json\/wp\/v2\/media?parent=3899"}],"wp:term":[{"taxonomy":"category","embeddable":true,"href":"https:\/\/altisk-mlak.edu.hu\/index.php\/wp-json\/wp\/v2\/categories?post=3899"},{"taxonomy":"post_tag","embeddable":true,"href":"https:\/\/altisk-mlak.edu.hu\/index.php\/wp-json\/wp\/v2\/tags?post=3899"}],"curies":[{"name":"wp","href":"https:\/\/api.w.org\/{rel}","templated":true}]}}