{"id":3915,"date":"2026-03-24T16:48:25","date_gmt":"2026-03-24T16:48:25","guid":{"rendered":"https:\/\/altisk-mlak.edu.hu\/?p=3915"},"modified":"2026-03-27T16:35:25","modified_gmt":"2026-03-27T16:35:25","slug":"a-szent-gotthard-altalanos-iskola-es-gimnazium-magyarlak-csorotnek-altalanos-iskola-5-osztalyosainak-beszamoloja-a-furdokultura-palyazatrol","status":"publish","type":"post","link":"https:\/\/altisk-mlak.edu.hu\/index.php\/a-szent-gotthard-altalanos-iskola-es-gimnazium-magyarlak-csorotnek-altalanos-iskola-5-osztalyosainak-beszamoloja-a-furdokultura-palyazatrol\/","title":{"rendered":"A Szent Gotth\u00e1rd \u00c1ltal\u00e1nos Iskola \u00e9s Gimn\u00e1zium Magyarlak-Cs\u00f6r\u00f6tnek \u00c1ltal\u00e1nos Iskola 5. oszt\u00e1lyosainak besz\u00e1mol\u00f3ja a F\u00fcrd\u0151kult\u00fara p\u00e1ly\u00e1zatr\u00f3l"},"content":{"rendered":"<p align=\"justify\"><span style=\"font-family: Times New Roman, serif;\"><span style=\"font-size: medium;\">Mi is csatlakoztunk a 11. alkalommal megrendezett \u201eF\u00fcrd\u0151kult\u00fara fejleszt\u00e9s\u00e9\u00e9rt Vas v\u00e1rmegy\u00e9ben\u201d c\u00edm\u0171 programhoz, amelyhez minden alkalommal egy alkot\u00f3i p\u00e1ly\u00e1zat is kapcsol\u00f3dik. Nagy kih\u00edv\u00e1s el\u00e9 \u00e1ll\u00edtotta az oszt\u00e1lyunk tanul\u00f3it a p\u00e1lyam\u0171 elk\u00e9sz\u00edt\u00e9se, hiszen az el\u0151z\u0151 k\u00e9t tan\u00e9vben az iskol\u00e1nk akkori \u00f6t\u00f6dikesei \u00e1ltal k\u00e9sz\u00edtett alkot\u00e1sokat a zs\u0171ri jutalmaz\u00e1sra m\u00e9lt\u00f3nak tal\u00e1lta. Nem szerett\u00fck volna megszak\u00edtani ezt a sz\u00e9p sikersorozatot. \u00d6tletelt\u00fcnk mit is alkossunk. T\u00e1rsasj\u00e1t\u00e9kot k\u00e9sz\u00edts\u00fcnk? Ne! Az m\u00e1r k\u00e9sz\u00fclt az el\u0151z\u0151 tan\u00e9vben. K\u00e9preg\u00e9ny?<\/span><\/span><\/p>\n<p align=\"justify\"><img fetchpriority=\"high\" decoding=\"async\" class=\"aligncenter size-medium wp-image-3916\" src=\"https:\/\/altisk-mlak.edu.hu\/wp-content\/uploads\/2026\/03\/Jo-lett-300x225.jpg\" alt=\"\" width=\"300\" height=\"225\" srcset=\"https:\/\/altisk-mlak.edu.hu\/wp-content\/uploads\/2026\/03\/Jo-lett-300x225.jpg 300w, https:\/\/altisk-mlak.edu.hu\/wp-content\/uploads\/2026\/03\/Jo-lett-1024x768.jpg 1024w, https:\/\/altisk-mlak.edu.hu\/wp-content\/uploads\/2026\/03\/Jo-lett-768x576.jpg 768w, https:\/\/altisk-mlak.edu.hu\/wp-content\/uploads\/2026\/03\/Jo-lett-1536x1152.jpg 1536w, https:\/\/altisk-mlak.edu.hu\/wp-content\/uploads\/2026\/03\/Jo-lett-600x450.jpg 600w, https:\/\/altisk-mlak.edu.hu\/wp-content\/uploads\/2026\/03\/Jo-lett.jpg 2000w\" sizes=\"(max-width: 300px) 100vw, 300px\" \/><\/p>\n<p align=\"justify\"><span style=\"font-family: Times New Roman, serif;\"><span style=\"font-size: medium;\">J\u00f3 \u00f6tletnek indult, de a megval\u00f3s\u00edt\u00e1s sor\u00e1n az \u00f6tlet \u00e1talakult egy t\u00e9rbeli alkot\u00e1ss\u00e1, egy sokoldal\u00fa, n\u00e9gyzetekkel \u00e9s h\u00e1romsz\u00f6gekkel hat\u00e1rolt testt\u00e9, amelynek az oldallapjait a f\u00fcrd\u0151 haszn\u00e1lat szab\u00e1lyait bemutat\u00f3 rajzokkal, feliratokkal, a Szentgotth\u00e1rd Spa &amp; Wellness \u00e9lm\u00e9nyf\u00fcrd\u0151r\u0151l k\u00e9sz\u00fclt fot\u00f3kkal, \u00fasz\u00f3szem\u00fcveggel \u00e9s pap\u00edrb\u00f3l hajtogatott naperny\u0151kkel d\u00edsz\u00edtett\u00fck. Az alkot\u00e1sunkat a m\u00e9retei miatt nem volt egyszer\u0171 eljuttatni a b\u00edr\u00e1l\u00f3 bizotts\u00e1ghoz. A sz\u00e1ll\u00edt\u00e1st k\u00f6sz\u00f6nj\u00fck Mesics Tibornak. <\/span><\/span><\/p>\n<p align=\"justify\"><img decoding=\"async\" class=\"aligncenter size-medium wp-image-3917\" src=\"https:\/\/altisk-mlak.edu.hu\/wp-content\/uploads\/2026\/03\/A-mi-alkotasunk-300x225.jpg\" alt=\"\" width=\"300\" height=\"225\" srcset=\"https:\/\/altisk-mlak.edu.hu\/wp-content\/uploads\/2026\/03\/A-mi-alkotasunk-300x225.jpg 300w, https:\/\/altisk-mlak.edu.hu\/wp-content\/uploads\/2026\/03\/A-mi-alkotasunk-1024x768.jpg 1024w, https:\/\/altisk-mlak.edu.hu\/wp-content\/uploads\/2026\/03\/A-mi-alkotasunk-768x576.jpg 768w, https:\/\/altisk-mlak.edu.hu\/wp-content\/uploads\/2026\/03\/A-mi-alkotasunk-1536x1152.jpg 1536w, https:\/\/altisk-mlak.edu.hu\/wp-content\/uploads\/2026\/03\/A-mi-alkotasunk-600x450.jpg 600w, https:\/\/altisk-mlak.edu.hu\/wp-content\/uploads\/2026\/03\/A-mi-alkotasunk.jpg 2000w\" sizes=\"(max-width: 300px) 100vw, 300px\" \/><\/p>\n<p align=\"justify\"><span style=\"font-family: Times New Roman, serif;\"><span style=\"font-size: medium;\">Az alkot\u00f3i p\u00e1ly\u00e1zat mellett Doncsecz Vanda verset, Tak\u00e1cs D\u00e1vid pedig egy mes\u00e9t is \u00edrt Csipszer P\u00e9ter tan\u00e1r \u00far seg\u00edts\u00e9g\u00e9vel. <\/span><\/span><\/p>\n<p align=\"justify\"><span style=\"font-family: Times New Roman, serif;\"><span style=\"font-size: medium;\">Izgatottan n\u00e9zegett\u00fck a Vas V\u00e1rmegyei Korm\u00e1nyhivatal facebook bejegyz\u00e9s\u00e9t, amelyben a zs\u0171riz\u00e9sr\u0151l sz\u00e1moltak be. \u00d6r\u00f6mmel fedezt\u00fck fel a k\u00f6zz\u00e9tett fot\u00f3kon a mi alkot\u00e1sunkat. <\/span><\/span><\/p>\n<p align=\"justify\"><span style=\"font-family: Times New Roman, serif;\"><span style=\"font-size: medium;\">N\u00e9h\u00e1ny nappal k\u00e9s\u0151bb megkaptuk a megh\u00edv\u00f3t a d\u00edjkioszt\u00f3ra, amelynek m\u00e1r a helysz\u00edne, a Halad\u00e1s Sportkomplexum is jutalom volt a fi\u00fak sz\u00e1m\u00e1ra. M\u00e9g egyik\u00fck sem j\u00e1rt itt. Nagy izgalommal indultunk m\u00e1rcius 19-\u00e9n a v\u00edz vil\u00e1gnapj\u00e1hoz kapcsol\u00f3d\u00f3, a \u201eF\u00fcrd\u0151kult\u00fara fejleszt\u00e9s\u00e9\u00e9rt Vas v\u00e1rmegy\u00e9ben\u201d elnevez\u00e9s\u0171 programot lez\u00e1r\u00f3 d\u00edjkioszt\u00f3ra. A sportkomplexumban nagy vend\u00e9gszeretettel fogadtak benn\u00fcnk a szervez\u0151k. Regisztr\u00e1ci\u00f3 ut\u00e1n a VIP terembe ment\u00fcnk. Leny\u0171g\u00f6z\u00f6tt benn\u00fcnket az el\u00e9nk t\u00e1rul\u00f3 l\u00e1tv\u00e1ny. Sz\u00e1mtalan fot\u00f3t k\u00e9sz\u00edtett\u00fcnk a Halad\u00e1s k\u00f6zel 9000 f\u0151s, teljes eg\u00e9sz\u00e9ben fedett lel\u00e1t\u00f3val rendelkez\u0151 futballp\u00e1ly\u00e1j\u00e1r\u00f3l. <\/span><\/span><\/p>\n<p align=\"justify\"><span style=\"font-family: Times New Roman, serif;\"><span style=\"font-size: medium;\">Lehet ezt az \u00e9lm\u00e9nyt fokozni? Lehet bizony. Dr. Telek Mikl\u00f3s, a korm\u00e1nyhivatal igazgat\u00f3j\u00e1nak \u00e9s Dr. Kir\u00e1ly Ildik\u00f3 v\u00e1rmegyei tisztif\u0151orvos \u00fcnnepi besz\u00e9de ut\u00e1n els\u0151k\u00e9nt, az alkot\u00f3i p\u00e1ly\u00e1zat d\u00edjazottjak\u00e9nt sz\u00f3l\u00edtottak benn\u00fcnket \u00e9s \u00e1tvehett\u00fck az elismer\u0151 oklevelet, valamint a S\u00e1rv\u00e1ri Gy\u00f3gy-\u00e9s Wellnessf\u00fcrd\u0151 \u00e1ltal felaj\u00e1nlott bel\u00e9p\u0151t. <\/span><\/span><\/p>\n<p align=\"justify\"><a href=\"https:\/\/altisk-mlak.edu.hu\/wp-content\/uploads\/2026\/03\/Csoport-kep.jpg\"><img decoding=\"async\" class=\"aligncenter size-medium wp-image-3918\" src=\"https:\/\/altisk-mlak.edu.hu\/wp-content\/uploads\/2026\/03\/Csoport-kep-300x169.jpg\" alt=\"\" width=\"300\" height=\"169\" srcset=\"https:\/\/altisk-mlak.edu.hu\/wp-content\/uploads\/2026\/03\/Csoport-kep-300x169.jpg 300w, https:\/\/altisk-mlak.edu.hu\/wp-content\/uploads\/2026\/03\/Csoport-kep-1024x576.jpg 1024w, https:\/\/altisk-mlak.edu.hu\/wp-content\/uploads\/2026\/03\/Csoport-kep-768x432.jpg 768w, https:\/\/altisk-mlak.edu.hu\/wp-content\/uploads\/2026\/03\/Csoport-kep-1536x864.jpg 1536w, https:\/\/altisk-mlak.edu.hu\/wp-content\/uploads\/2026\/03\/Csoport-kep-1600x900.jpg 1600w, https:\/\/altisk-mlak.edu.hu\/wp-content\/uploads\/2026\/03\/Csoport-kep-600x338.jpg 600w, https:\/\/altisk-mlak.edu.hu\/wp-content\/uploads\/2026\/03\/Csoport-kep.jpg 2048w\" sizes=\"(max-width: 300px) 100vw, 300px\" \/><\/a><\/p>\n<p align=\"justify\"><span style=\"font-family: Times New Roman, serif;\"><span style=\"font-size: medium;\">Az irodalmi p\u00e1ly\u00e1zatok d\u00edjaz\u00e1sakor ism\u00e9t elhangzott iskol\u00e1nk neve. Mese kateg\u00f3ri\u00e1ban els\u0151 helyez\u00e9st \u00e9rt el Tak\u00e1cs D\u00e1vid. \u0150t is oklev\u00e9llel \u00e9s a S\u00e1rv\u00e1ri Gy\u00f3gy-\u00e9s Wellnessf\u00fcrd\u0151 csal\u00e1di bel\u00e9p\u0151j\u00e9vel jutalmazt\u00e1k. <\/span><\/span><\/p>\n<p align=\"justify\"><span style=\"font-family: Times New Roman, serif;\"><span style=\"font-size: medium;\">A d\u00edj\u00e1tad\u00f3 ut\u00e1n megtekintett\u00fck a p\u00e1lyam\u0171veket bemutat\u00f3 ki\u00e1ll\u00edt\u00e1st, fot\u00f3kat k\u00e9sz\u00edtett\u00fcnk a alkot\u00e1sainkr\u00f3l. M\u00e1r \u00e9ppen elk\u00f6sz\u00f6nt\u00fcnk volna a vend\u00e9gl\u00e1t\u00f3inkt\u00f3l, amikor enged\u00e9lyt kaptunk, hogy a stadion lel\u00e1t\u00f3j\u00e1n is fot\u00f3kat k\u00e9sz\u00edthess\u00fcnk. Le\u00edrhatatlan boldogs\u00e1g volt. K\u00f6sz\u00f6nj\u00fck az \u00e9lm\u00e9nyt!<\/span><\/span><\/p>\n<p style=\"text-align: right;\" align=\"justify\"><span style=\"font-family: Times New Roman, serif;\"><span style=\"font-size: medium;\"><em>5. oszt\u00e1ly<\/em> <\/span><\/span><\/p>\n","protected":false},"excerpt":{"rendered":"<p>Mi is csatlakoztunk a 11. alkalommal megrendezett \u201eF\u00fcrd\u0151kult\u00fara fejleszt\u00e9s\u00e9\u00e9rt Vas v\u00e1rmegy\u00e9ben\u201d c\u00edm\u0171 programhoz, amelyhez minden alkalommal egy alkot\u00f3i p\u00e1ly\u00e1zat is kapcsol\u00f3dik. Nagy kih\u00edv\u00e1s el\u00e9 \u00e1ll\u00edtotta az oszt\u00e1lyunk tanul\u00f3it a p\u00e1lyam\u0171 elk\u00e9sz\u00edt\u00e9se, hiszen<a class=\"moretag\" href=\"https:\/\/altisk-mlak.edu.hu\/index.php\/a-szent-gotthard-altalanos-iskola-es-gimnazium-magyarlak-csorotnek-altalanos-iskola-5-osztalyosainak-beszamoloja-a-furdokultura-palyazatrol\/\">Read More&#8230;<\/a><\/p>\n","protected":false},"author":3,"featured_media":0,"comment_status":"closed","ping_status":"closed","sticky":false,"template":"","format":"standard","meta":{"two_page_speed":[],"footnotes":""},"categories":[1],"tags":[],"class_list":["post-3915","post","type-post","status-publish","format-standard","hentry","category-egyeb"],"_links":{"self":[{"href":"https:\/\/altisk-mlak.edu.hu\/index.php\/wp-json\/wp\/v2\/posts\/3915","targetHints":{"allow":["GET"]}}],"collection":[{"href":"https:\/\/altisk-mlak.edu.hu\/index.php\/wp-json\/wp\/v2\/posts"}],"about":[{"href":"https:\/\/altisk-mlak.edu.hu\/index.php\/wp-json\/wp\/v2\/types\/post"}],"author":[{"embeddable":true,"href":"https:\/\/altisk-mlak.edu.hu\/index.php\/wp-json\/wp\/v2\/users\/3"}],"replies":[{"embeddable":true,"href":"https:\/\/altisk-mlak.edu.hu\/index.php\/wp-json\/wp\/v2\/comments?post=3915"}],"version-history":[{"count":2,"href":"https:\/\/altisk-mlak.edu.hu\/index.php\/wp-json\/wp\/v2\/posts\/3915\/revisions"}],"predecessor-version":[{"id":3920,"href":"https:\/\/altisk-mlak.edu.hu\/index.php\/wp-json\/wp\/v2\/posts\/3915\/revisions\/3920"}],"wp:attachment":[{"href":"https:\/\/altisk-mlak.edu.hu\/index.php\/wp-json\/wp\/v2\/media?parent=3915"}],"wp:term":[{"taxonomy":"category","embeddable":true,"href":"https:\/\/altisk-mlak.edu.hu\/index.php\/wp-json\/wp\/v2\/categories?post=3915"},{"taxonomy":"post_tag","embeddable":true,"href":"https:\/\/altisk-mlak.edu.hu\/index.php\/wp-json\/wp\/v2\/tags?post=3915"}],"curies":[{"name":"wp","href":"https:\/\/api.w.org\/{rel}","templated":true}]}}