{"id":392,"date":"2019-03-17T21:26:35","date_gmt":"2019-03-17T21:26:35","guid":{"rendered":"http:\/\/altisk-mlak.sulinet.hu\/?p=392"},"modified":"2021-05-30T13:14:33","modified_gmt":"2021-05-30T13:14:33","slug":"hiszem-hogy-en-is-jo-magyar-vagyok","status":"publish","type":"post","link":"https:\/\/altisk-mlak.edu.hu\/index.php\/hiszem-hogy-en-is-jo-magyar-vagyok\/","title":{"rendered":"\u201eHiszem, hogy \u00e9n is j\u00f3 magyar vagyok&#8221;"},"content":{"rendered":"<p style=\"text-align: justify;\">T\u00f6bbek k\u00f6z\u00f6tt ezek a sz\u00edvhez sz\u00f3l\u00f3 gondolatok is elhangzottak az als\u00f3s tanul\u00f3ink 2019. m\u00e1rcius 15-e \u00fcnnep\u00e9re el\u0151adott m\u0171sor\u00e1ban. A k\u00fcl\u00f6n\u00f6s gonddal megszerkesztett \u00e9s \u00f6ssze\u00e1ll\u00edtott m\u0171sort a gyerekek szavalatai, a l\u00e1nyok hangulatos, egyszer\u0171 t\u00e1ncos koreogr\u00e1fi\u00e1ja tette sz\u00edness\u00e9, v\u00e1ltozatoss\u00e1. A m\u0171sor sz\u00ednvonal\u00e1t az el\u0151adott dalok m\u00e9g tov\u00e1bb emelt\u00e9k. A j\u00f3l megv\u00e1lasztott dal, a gyerekek \u00e9neke, fegyelmezetts\u00e9ge egyar\u00e1nt a felk\u00e9sz\u00edt\u0151 tan\u00edt\u00f3k munk\u00e1j\u00e1t dics\u00e9ri. A k\u00f6z\u00f6ns\u00e9gnek maradand\u00f3 \u00e9lm\u00e9nyben volt r\u00e9sze, s az el\u0151ad\u00e1st tapssal jutalmazta.<\/p>\n<p style=\"text-align: justify;\">M\u00e9lt\u00f3 meg\u00fcnnepl\u00e9se volt ez nemzeti \u00fcnnep\u00fcnknek.<\/p>\n<p><iframe src=\"https:\/\/drive.google.com\/file\/d\/11obtilssq2XGnAeF9eYTJFg-nIdMqQ8M\/preview\" width=\"640\" height=\"480\"><\/iframe><\/p>\n<p>&nbsp;<\/p>\n","protected":false},"excerpt":{"rendered":"<p>T\u00f6bbek k\u00f6z\u00f6tt ezek a sz\u00edvhez sz\u00f3l\u00f3 gondolatok is elhangzottak az als\u00f3s tanul\u00f3ink 2019. m\u00e1rcius 15-e \u00fcnnep\u00e9re el\u0151adott m\u0171sor\u00e1ban. A k\u00fcl\u00f6n\u00f6s gonddal megszerkesztett \u00e9s \u00f6ssze\u00e1ll\u00edtott m\u0171sort a gyerekek szavalatai, a l\u00e1nyok hangulatos, egyszer\u0171<a class=\"moretag\" href=\"https:\/\/altisk-mlak.edu.hu\/index.php\/hiszem-hogy-en-is-jo-magyar-vagyok\/\">Read More&#8230;<\/a><\/p>\n","protected":false},"author":1,"featured_media":0,"comment_status":"closed","ping_status":"closed","sticky":false,"template":"","format":"standard","meta":{"two_page_speed":[],"footnotes":""},"categories":[23],"tags":[],"class_list":["post-392","post","type-post","status-publish","format-standard","hentry","category-esemeny"],"_links":{"self":[{"href":"https:\/\/altisk-mlak.edu.hu\/index.php\/wp-json\/wp\/v2\/posts\/392","targetHints":{"allow":["GET"]}}],"collection":[{"href":"https:\/\/altisk-mlak.edu.hu\/index.php\/wp-json\/wp\/v2\/posts"}],"about":[{"href":"https:\/\/altisk-mlak.edu.hu\/index.php\/wp-json\/wp\/v2\/types\/post"}],"author":[{"embeddable":true,"href":"https:\/\/altisk-mlak.edu.hu\/index.php\/wp-json\/wp\/v2\/users\/1"}],"replies":[{"embeddable":true,"href":"https:\/\/altisk-mlak.edu.hu\/index.php\/wp-json\/wp\/v2\/comments?post=392"}],"version-history":[{"count":8,"href":"https:\/\/altisk-mlak.edu.hu\/index.php\/wp-json\/wp\/v2\/posts\/392\/revisions"}],"predecessor-version":[{"id":401,"href":"https:\/\/altisk-mlak.edu.hu\/index.php\/wp-json\/wp\/v2\/posts\/392\/revisions\/401"}],"wp:attachment":[{"href":"https:\/\/altisk-mlak.edu.hu\/index.php\/wp-json\/wp\/v2\/media?parent=392"}],"wp:term":[{"taxonomy":"category","embeddable":true,"href":"https:\/\/altisk-mlak.edu.hu\/index.php\/wp-json\/wp\/v2\/categories?post=392"},{"taxonomy":"post_tag","embeddable":true,"href":"https:\/\/altisk-mlak.edu.hu\/index.php\/wp-json\/wp\/v2\/tags?post=392"}],"curies":[{"name":"wp","href":"https:\/\/api.w.org\/{rel}","templated":true}]}}