{"id":3938,"date":"2026-04-06T18:09:38","date_gmt":"2026-04-06T18:09:38","guid":{"rendered":"https:\/\/altisk-mlak.edu.hu\/?p=3938"},"modified":"2026-04-21T19:20:19","modified_gmt":"2026-04-21T19:20:19","slug":"iskolamise-a-jo-pasztor-tanitasaval","status":"publish","type":"post","link":"https:\/\/altisk-mlak.edu.hu\/index.php\/iskolamise-a-jo-pasztor-tanitasaval\/","title":{"rendered":"Iskolamise a J\u00f3 P\u00e1sztor tan\u00edt\u00e1s\u00e1val"},"content":{"rendered":"<p align=\"justify\">\u00c1prilis 1<img fetchpriority=\"high\" decoding=\"async\" class=\"alignleft  wp-image-3942\" src=\"https:\/\/altisk-mlak.edu.hu\/wp-content\/uploads\/2026\/04\/1000022428-300x286.jpg\" alt=\"\" width=\"325\" height=\"310\" srcset=\"https:\/\/altisk-mlak.edu.hu\/wp-content\/uploads\/2026\/04\/1000022428-300x286.jpg 300w, https:\/\/altisk-mlak.edu.hu\/wp-content\/uploads\/2026\/04\/1000022428-1024x976.jpg 1024w, https:\/\/altisk-mlak.edu.hu\/wp-content\/uploads\/2026\/04\/1000022428-768x732.jpg 768w, https:\/\/altisk-mlak.edu.hu\/wp-content\/uploads\/2026\/04\/1000022428-1536x1465.jpg 1536w, https:\/\/altisk-mlak.edu.hu\/wp-content\/uploads\/2026\/04\/1000022428-600x572.jpg 600w, https:\/\/altisk-mlak.edu.hu\/wp-content\/uploads\/2026\/04\/1000022428.jpg 2000w\" sizes=\"(max-width: 325px) 100vw, 325px\" \/>-j\u00e9n iskolamis\u00e9re gy\u0171lt\u00fcnk \u00f6ssze, amelyet iskol\u00e1nkban Dr. Tak\u00e1cs Gyula pl\u00e9b\u00e1nos, iskolalelk\u00e9sz mutatott be. A szentmise k\u00fcl\u00f6nleges jelk\u00e9ppel gazdagodott: Gyula atya az olt\u00e1rra a megszokott kereszt helyett <i>A j\u00f3 p\u00e1sztor<\/i> szobr\u00e1t helyezte, amely m\u00e1r \u00f6nmag\u00e1ban is elgondolkod\u00e1sra h\u00edvta a jelenl\u00e9v\u0151ket.<\/p>\n<p align=\"justify\">Szentbesz\u00e9d\u00e9ben Gyula atya a szobor m\u00e9lyebb \u00fczenet\u00e9t t\u00e1rta fel sz\u00e1munkra. R\u00e1mutatott arra, hogy J\u00e9zus mint j\u00f3 p\u00e1sztor, ismeri \u00e9s szereti az \u00f6v\u00e9it, gondoskodik r\u00f3lunk, \u00e9s k\u00e9sz volt \u00e9let\u00e9t is fel\u00e1ldozni \u00e9rt\u00fcnk, a mi b\u0171neink\u00e9rt. Hangs\u00falyozta, hogy ez a szeretet szem\u00e9lyes \u00e9s felt\u00e9tel n\u00e9lk\u00fcli, ugyanakkor felel\u0151ss\u00e9get is r\u00f3 r\u00e1nk: nek\u00fcnk is t\u00f6rekedn\u00fcnk kell arra, hogy szeretettel forduljunk J\u00e9zus fel\u00e9, \u00e9s embert\u00e1rsaink ir\u00e1nt is ezt a szeretetet gyakoroljuk a mindennapokban.<\/p>\n<table style=\"border-collapse: collapse; width: 100%;\">\n<tbody>\n<tr>\n<td style=\"width: 33.3333%;\"><img decoding=\"async\" class=\"aligncenter size-medium wp-image-3941\" src=\"https:\/\/altisk-mlak.edu.hu\/wp-content\/uploads\/2026\/04\/1000022287-300x225.jpg\" alt=\"\" width=\"300\" height=\"225\" srcset=\"https:\/\/altisk-mlak.edu.hu\/wp-content\/uploads\/2026\/04\/1000022287-300x225.jpg 300w, https:\/\/altisk-mlak.edu.hu\/wp-content\/uploads\/2026\/04\/1000022287-1024x768.jpg 1024w, https:\/\/altisk-mlak.edu.hu\/wp-content\/uploads\/2026\/04\/1000022287-768x576.jpg 768w, https:\/\/altisk-mlak.edu.hu\/wp-content\/uploads\/2026\/04\/1000022287-1536x1152.jpg 1536w, https:\/\/altisk-mlak.edu.hu\/wp-content\/uploads\/2026\/04\/1000022287-600x450.jpg 600w, https:\/\/altisk-mlak.edu.hu\/wp-content\/uploads\/2026\/04\/1000022287.jpg 2000w\" sizes=\"(max-width: 300px) 100vw, 300px\" \/><\/td>\n<td style=\"width: 33.3333%;\"><img decoding=\"async\" class=\"aligncenter size-medium wp-image-3940\" src=\"https:\/\/altisk-mlak.edu.hu\/wp-content\/uploads\/2026\/04\/1000022299-300x225.jpg\" alt=\"\" width=\"300\" height=\"225\" srcset=\"https:\/\/altisk-mlak.edu.hu\/wp-content\/uploads\/2026\/04\/1000022299-300x225.jpg 300w, https:\/\/altisk-mlak.edu.hu\/wp-content\/uploads\/2026\/04\/1000022299-1024x768.jpg 1024w, https:\/\/altisk-mlak.edu.hu\/wp-content\/uploads\/2026\/04\/1000022299-768x576.jpg 768w, https:\/\/altisk-mlak.edu.hu\/wp-content\/uploads\/2026\/04\/1000022299-1536x1152.jpg 1536w, https:\/\/altisk-mlak.edu.hu\/wp-content\/uploads\/2026\/04\/1000022299-600x450.jpg 600w, https:\/\/altisk-mlak.edu.hu\/wp-content\/uploads\/2026\/04\/1000022299.jpg 2000w\" sizes=\"(max-width: 300px) 100vw, 300px\" \/><\/td>\n<td style=\"width: 33.3333%;\"><img loading=\"lazy\" decoding=\"async\" class=\"aligncenter  wp-image-3939\" src=\"https:\/\/altisk-mlak.edu.hu\/wp-content\/uploads\/2026\/04\/1000022415-300x270.jpg\" alt=\"\" width=\"156\" height=\"140\" srcset=\"https:\/\/altisk-mlak.edu.hu\/wp-content\/uploads\/2026\/04\/1000022415-300x270.jpg 300w, https:\/\/altisk-mlak.edu.hu\/wp-content\/uploads\/2026\/04\/1000022415-1024x923.jpg 1024w, https:\/\/altisk-mlak.edu.hu\/wp-content\/uploads\/2026\/04\/1000022415-768x692.jpg 768w, https:\/\/altisk-mlak.edu.hu\/wp-content\/uploads\/2026\/04\/1000022415-1536x1385.jpg 1536w, https:\/\/altisk-mlak.edu.hu\/wp-content\/uploads\/2026\/04\/1000022415-600x541.jpg 600w, https:\/\/altisk-mlak.edu.hu\/wp-content\/uploads\/2026\/04\/1000022415.jpg 2000w\" sizes=\"(max-width: 156px) 100vw, 156px\" \/><\/td>\n<\/tr>\n<\/tbody>\n<\/table>\n<p align=\"justify\">Az \u00fcnnepi alkalmat k\u00f6vet\u0151en Mezein\u00e9 Kiss Katalin tagint\u00e9zm\u00e9ny-igazgat\u00f3 elismer\u00e9sben r\u00e9szes\u00edtette azokat a tanul\u00f3kat, akik az elm\u00falt id\u0151szakban v\u00e1rosi, megyei \u00e9s t\u00e9rs\u00e9gi tanulm\u00e1nyi, valamint m\u0171v\u00e9szeti versenyeken kiemelked\u0151 eredm\u00e9nyeket \u00e9rtek el. A d\u00edjazottak p\u00e9ld\u00e1t mutatnak szorgalmukkal \u00e9s kitart\u00e1sukkal az eg\u00e9sz iskolai k\u00f6z\u00f6ss\u00e9g sz\u00e1m\u00e1ra. A lelki program ut\u00e1n mindannyian lelkileg felt\u00f6lt\u0151dve t\u00e9rhett\u00fcnk haza.<\/p>\n<p align=\"justify\">\n","protected":false},"excerpt":{"rendered":"<p>\u00c1prilis 1-j\u00e9n iskolamis\u00e9re gy\u0171lt\u00fcnk \u00f6ssze, amelyet iskol\u00e1nkban Dr. Tak\u00e1cs Gyula pl\u00e9b\u00e1nos, iskolalelk\u00e9sz mutatott be. A szentmise k\u00fcl\u00f6nleges jelk\u00e9ppel gazdagodott: Gyula atya az olt\u00e1rra a megszokott kereszt helyett A j\u00f3 p\u00e1sztor szobr\u00e1t helyezte,<a class=\"moretag\" href=\"https:\/\/altisk-mlak.edu.hu\/index.php\/iskolamise-a-jo-pasztor-tanitasaval\/\">Read More&#8230;<\/a><\/p>\n","protected":false},"author":3,"featured_media":0,"comment_status":"closed","ping_status":"closed","sticky":false,"template":"","format":"standard","meta":{"two_page_speed":[],"footnotes":""},"categories":[1],"tags":[],"class_list":["post-3938","post","type-post","status-publish","format-standard","hentry","category-egyeb"],"_links":{"self":[{"href":"https:\/\/altisk-mlak.edu.hu\/index.php\/wp-json\/wp\/v2\/posts\/3938","targetHints":{"allow":["GET"]}}],"collection":[{"href":"https:\/\/altisk-mlak.edu.hu\/index.php\/wp-json\/wp\/v2\/posts"}],"about":[{"href":"https:\/\/altisk-mlak.edu.hu\/index.php\/wp-json\/wp\/v2\/types\/post"}],"author":[{"embeddable":true,"href":"https:\/\/altisk-mlak.edu.hu\/index.php\/wp-json\/wp\/v2\/users\/3"}],"replies":[{"embeddable":true,"href":"https:\/\/altisk-mlak.edu.hu\/index.php\/wp-json\/wp\/v2\/comments?post=3938"}],"version-history":[{"count":1,"href":"https:\/\/altisk-mlak.edu.hu\/index.php\/wp-json\/wp\/v2\/posts\/3938\/revisions"}],"predecessor-version":[{"id":3943,"href":"https:\/\/altisk-mlak.edu.hu\/index.php\/wp-json\/wp\/v2\/posts\/3938\/revisions\/3943"}],"wp:attachment":[{"href":"https:\/\/altisk-mlak.edu.hu\/index.php\/wp-json\/wp\/v2\/media?parent=3938"}],"wp:term":[{"taxonomy":"category","embeddable":true,"href":"https:\/\/altisk-mlak.edu.hu\/index.php\/wp-json\/wp\/v2\/categories?post=3938"},{"taxonomy":"post_tag","embeddable":true,"href":"https:\/\/altisk-mlak.edu.hu\/index.php\/wp-json\/wp\/v2\/tags?post=3938"}],"curies":[{"name":"wp","href":"https:\/\/api.w.org\/{rel}","templated":true}]}}