{"id":3951,"date":"2026-04-21T19:32:47","date_gmt":"2026-04-21T19:32:47","guid":{"rendered":"https:\/\/altisk-mlak.edu.hu\/?p=3951"},"modified":"2026-04-23T07:02:14","modified_gmt":"2026-04-23T07:02:14","slug":"nyari-hittantabor-2","status":"publish","type":"post","link":"https:\/\/altisk-mlak.edu.hu\/index.php\/nyari-hittantabor-2\/","title":{"rendered":"Ny\u00e1ri hittant\u00e1bor"},"content":{"rendered":"<p align=\"justify\"><img fetchpriority=\"high\" decoding=\"async\" class=\"aligncenter size-full wp-image-3952\" src=\"https:\/\/altisk-mlak.edu.hu\/wp-content\/uploads\/2026\/04\/kep.jpg\" alt=\"\" width=\"1920\" height=\"1080\" srcset=\"https:\/\/altisk-mlak.edu.hu\/wp-content\/uploads\/2026\/04\/kep.jpg 1920w, https:\/\/altisk-mlak.edu.hu\/wp-content\/uploads\/2026\/04\/kep-300x169.jpg 300w, https:\/\/altisk-mlak.edu.hu\/wp-content\/uploads\/2026\/04\/kep-1024x576.jpg 1024w, https:\/\/altisk-mlak.edu.hu\/wp-content\/uploads\/2026\/04\/kep-768x432.jpg 768w, https:\/\/altisk-mlak.edu.hu\/wp-content\/uploads\/2026\/04\/kep-1536x864.jpg 1536w, https:\/\/altisk-mlak.edu.hu\/wp-content\/uploads\/2026\/04\/kep-1600x900.jpg 1600w, https:\/\/altisk-mlak.edu.hu\/wp-content\/uploads\/2026\/04\/kep-600x338.jpg 600w\" sizes=\"(max-width: 1920px) 100vw, 1920px\" \/><\/p>\n<p align=\"justify\">\u00d6r\u00f6mmel t\u00e1j\u00e9koztatjuk iskol\u00e1nk k\u00f6z\u00f6ss\u00e9g\u00e9t \u00e9s a kedves Sz\u00fcl\u0151ket, hogy a Magyarlak\u2013Cs\u00f6r\u00f6tnek \u00c1ltal\u00e1nos Iskola 1 069 000 Ft vissza nem t\u00e9r\u00edtend\u0151 t\u00e1mogat\u00e1sban r\u00e9szes\u00fclt a Minisztereln\u00f6ks\u00e9g Egyh\u00e1zi \u00e9s Nemzetis\u00e9gi Kapcsolatok\u00e9rt Felel\u0151s \u00c1llamtitk\u00e1rs\u00e1g\u00e1nak j\u00f3volt\u00e1b\u00f3l. Az elnyert t\u00e1mogat\u00e1st a m\u00e1r hagyom\u00e1nny\u00e1 v\u00e1lt ny\u00e1ri hittant\u00e1bor megszervez\u00e9s\u00e9re ford\u00edtjuk. A t\u00e1bort j\u00fanius 23\u201325. k\u00f6z\u00f6tt rendezz\u00fck meg a cs\u00f6r\u00f6tneki Ak\u00e1cfa Kempingben. A program r\u00e9szek\u00e9nt egynapos kir\u00e1ndul\u00e1st is szervez\u00fcnk a S\u00e1g-hegyre \u00e9s Celld\u00f6m\u00f6lkre. A gyermekek a t\u00e1borban \u00e9lm\u00e9nyalap\u00fa m\u00f3don ismerkednek meg a teremt\u00e9sv\u00e9delem fontoss\u00e1g\u00e1val: kir\u00e1ndul\u00e1sok, j\u00e1t\u00e9kok, k\u00f6z\u00f6ss\u00e9gi \u00e9lm\u00e9nyek \u00e9s lelki alkalmak teszik tartalmass\u00e1 \u00e9s eml\u00e9kezetess\u00e9 az egy\u00fctt t\u00f6lt\u00f6tt id\u0151t. A program megval\u00f3s\u00edt\u00e1s\u00e1t partneri egy\u00fcttm\u0171k\u00f6d\u00e9s keret\u00e9ben a Cs\u00f6r\u00f6tneki Szlov\u00e9n Nemzetis\u00e9gi \u00d6nkorm\u00e1nyzat t\u00e1mogatja. A r\u00e9szletes programr\u00f3l \u00e9s a jelentkez\u00e9s m\u00f3dj\u00e1r\u00f3l m\u00e1jus 4-t\u0151l adunk t\u00e1j\u00e9koztat\u00e1st.<\/p>\n<p style=\"text-align: right;\"><i>Mezein\u00e9 Kiss Katalin<\/i><\/p>\n","protected":false},"excerpt":{"rendered":"<p>\u00d6r\u00f6mmel t\u00e1j\u00e9koztatjuk iskol\u00e1nk k\u00f6z\u00f6ss\u00e9g\u00e9t \u00e9s a kedves Sz\u00fcl\u0151ket, hogy a Magyarlak\u2013Cs\u00f6r\u00f6tnek \u00c1ltal\u00e1nos Iskola 1 069 000 Ft vissza nem t\u00e9r\u00edtend\u0151 t\u00e1mogat\u00e1sban r\u00e9szes\u00fclt a Minisztereln\u00f6ks\u00e9g Egyh\u00e1zi \u00e9s Nemzetis\u00e9gi Kapcsolatok\u00e9rt Felel\u0151s \u00c1llamtitk\u00e1rs\u00e1g\u00e1nak j\u00f3volt\u00e1b\u00f3l. Az<a class=\"moretag\" href=\"https:\/\/altisk-mlak.edu.hu\/index.php\/nyari-hittantabor-2\/\">Read More&#8230;<\/a><\/p>\n","protected":false},"author":3,"featured_media":0,"comment_status":"closed","ping_status":"closed","sticky":false,"template":"","format":"standard","meta":{"two_page_speed":[],"footnotes":""},"categories":[1],"tags":[],"class_list":["post-3951","post","type-post","status-publish","format-standard","hentry","category-egyeb"],"_links":{"self":[{"href":"https:\/\/altisk-mlak.edu.hu\/index.php\/wp-json\/wp\/v2\/posts\/3951","targetHints":{"allow":["GET"]}}],"collection":[{"href":"https:\/\/altisk-mlak.edu.hu\/index.php\/wp-json\/wp\/v2\/posts"}],"about":[{"href":"https:\/\/altisk-mlak.edu.hu\/index.php\/wp-json\/wp\/v2\/types\/post"}],"author":[{"embeddable":true,"href":"https:\/\/altisk-mlak.edu.hu\/index.php\/wp-json\/wp\/v2\/users\/3"}],"replies":[{"embeddable":true,"href":"https:\/\/altisk-mlak.edu.hu\/index.php\/wp-json\/wp\/v2\/comments?post=3951"}],"version-history":[{"count":1,"href":"https:\/\/altisk-mlak.edu.hu\/index.php\/wp-json\/wp\/v2\/posts\/3951\/revisions"}],"predecessor-version":[{"id":3953,"href":"https:\/\/altisk-mlak.edu.hu\/index.php\/wp-json\/wp\/v2\/posts\/3951\/revisions\/3953"}],"wp:attachment":[{"href":"https:\/\/altisk-mlak.edu.hu\/index.php\/wp-json\/wp\/v2\/media?parent=3951"}],"wp:term":[{"taxonomy":"category","embeddable":true,"href":"https:\/\/altisk-mlak.edu.hu\/index.php\/wp-json\/wp\/v2\/categories?post=3951"},{"taxonomy":"post_tag","embeddable":true,"href":"https:\/\/altisk-mlak.edu.hu\/index.php\/wp-json\/wp\/v2\/tags?post=3951"}],"curies":[{"name":"wp","href":"https:\/\/api.w.org\/{rel}","templated":true}]}}