{"id":3971,"date":"2026-04-29T14:22:50","date_gmt":"2026-04-29T14:22:50","guid":{"rendered":"https:\/\/altisk-mlak.edu.hu\/?p=3971"},"modified":"2026-04-29T14:22:50","modified_gmt":"2026-04-29T14:22:50","slug":"mirko-viragos-sikere","status":"publish","type":"post","link":"https:\/\/altisk-mlak.edu.hu\/index.php\/mirko-viragos-sikere\/","title":{"rendered":"Mirk\u00f3 vir\u00e1gos sikere"},"content":{"rendered":"<p>&nbsp;<\/p>\n<p align=\"justify\"><img fetchpriority=\"high\" decoding=\"async\" class=\"aligncenter size-full wp-image-3976\" src=\"https:\/\/altisk-mlak.edu.hu\/wp-content\/uploads\/2026\/04\/M0.jpg\" alt=\"\" width=\"1536\" height=\"2048\" srcset=\"https:\/\/altisk-mlak.edu.hu\/wp-content\/uploads\/2026\/04\/M0.jpg 1536w, https:\/\/altisk-mlak.edu.hu\/wp-content\/uploads\/2026\/04\/M0-225x300.jpg 225w, https:\/\/altisk-mlak.edu.hu\/wp-content\/uploads\/2026\/04\/M0-768x1024.jpg 768w, https:\/\/altisk-mlak.edu.hu\/wp-content\/uploads\/2026\/04\/M0-1152x1536.jpg 1152w, https:\/\/altisk-mlak.edu.hu\/wp-content\/uploads\/2026\/04\/M0-450x600.jpg 450w\" sizes=\"(max-width: 1536px) 100vw, 1536px\" \/>A Kisalf\u00f6ldi ASzC Herman Ott\u00f3 K\u00f6rnyezetv\u00e9delmi \u00e9s Mez\u0151gazdas\u00e1gi Technikum, Szakk\u00e9pz\u0151 Iskola \u00e9s Koll\u00e9gium \u201eAz \u00e9n vir\u00e1gz\u00f3, tavaszi kertem\u201d c\u00edmmel rajzp\u00e1ly\u00e1zatot hirdetett Vas, Zala \u00e9s Gy\u0151r-Moson-Sopron v\u00e1rmegy\u00e9k \u00e1ltal\u00e1nos iskol\u00e1inak als\u00f3 \u00e9s fels\u0151 tagozatos tanul\u00f3i sz\u00e1m\u00e1ra. A felh\u00edv\u00e1sra t\u00f6bb mint sz\u00e1z, szebbn\u00e9l szebb alkot\u00e1s \u00e9rkezett a h\u00e1rom v\u00e1rmegy\u00e9b\u0151l. \u00d6r\u00f6mmel \u00e9s b\u00fcszkes\u00e9ggel sz\u00e1molunk be r\u00f3la, hogy iskol\u00e1nk 3. oszt\u00e1lyos tanul\u00f3ja, Gyurkovics Mirk\u00f3 csodasz\u00e9p, egyedi technik\u00e1val k\u00e9sz\u00edtett munk\u00e1ja k\u00fcl\u00f6nd\u00edjban r\u00e9szes\u00fclt a rangos megm\u00e9rettet\u00e9sen. Az eredm\u00e9nyhirdet\u00e9sre a Savaria Floriadae Vir\u00e1gk\u00f6t\u00e9szeti Verseny \u00e9s a hozz\u00e1 kapcsol\u00f3d\u00f3 Savaria Parcum keret\u00e9ben ker\u00fclt sor. Iskol\u00e1nk k\u00f6z\u00f6ss\u00e9ge sz\u00edvb\u0151l gratul\u00e1l Mirk\u00f3nak a sz\u00e9p sikerhez, \u00e9s k\u00f6sz\u00f6net\u00e9t fejezi ki sz\u00fcleinek a t\u00e1mogat\u00f3 \u00e9s seg\u00edt\u0151 egy\u00fcttm\u0171k\u00f6d\u00e9s\u00e9rt.<\/p>\n<table style=\"border-collapse: collapse; width: 100%;\">\n<tbody>\n<tr>\n<td style=\"width: 50%;\"><img decoding=\"async\" class=\"aligncenter size-large wp-image-3972\" src=\"https:\/\/altisk-mlak.edu.hu\/wp-content\/uploads\/2026\/04\/M1-768x1024.jpg\" alt=\"\" width=\"604\" height=\"805\" srcset=\"https:\/\/altisk-mlak.edu.hu\/wp-content\/uploads\/2026\/04\/M1-768x1024.jpg 768w, https:\/\/altisk-mlak.edu.hu\/wp-content\/uploads\/2026\/04\/M1-225x300.jpg 225w, https:\/\/altisk-mlak.edu.hu\/wp-content\/uploads\/2026\/04\/M1-1152x1536.jpg 1152w, https:\/\/altisk-mlak.edu.hu\/wp-content\/uploads\/2026\/04\/M1-450x600.jpg 450w, https:\/\/altisk-mlak.edu.hu\/wp-content\/uploads\/2026\/04\/M1.jpg 1536w\" sizes=\"(max-width: 604px) 100vw, 604px\" \/><\/td>\n<td style=\"width: 50%;\"><img decoding=\"async\" class=\"aligncenter size-large wp-image-3973\" src=\"https:\/\/altisk-mlak.edu.hu\/wp-content\/uploads\/2026\/04\/M2-768x1024.jpg\" alt=\"\" width=\"604\" height=\"805\" srcset=\"https:\/\/altisk-mlak.edu.hu\/wp-content\/uploads\/2026\/04\/M2-768x1024.jpg 768w, https:\/\/altisk-mlak.edu.hu\/wp-content\/uploads\/2026\/04\/M2-225x300.jpg 225w, https:\/\/altisk-mlak.edu.hu\/wp-content\/uploads\/2026\/04\/M2-1152x1536.jpg 1152w, https:\/\/altisk-mlak.edu.hu\/wp-content\/uploads\/2026\/04\/M2-450x600.jpg 450w, https:\/\/altisk-mlak.edu.hu\/wp-content\/uploads\/2026\/04\/M2.jpg 1536w\" sizes=\"(max-width: 604px) 100vw, 604px\" \/><\/td>\n<\/tr>\n<tr>\n<td style=\"width: 50%;\"><img loading=\"lazy\" decoding=\"async\" class=\"aligncenter size-large wp-image-3975\" src=\"https:\/\/altisk-mlak.edu.hu\/wp-content\/uploads\/2026\/04\/M3-768x1024.jpg\" alt=\"\" width=\"604\" height=\"805\" srcset=\"https:\/\/altisk-mlak.edu.hu\/wp-content\/uploads\/2026\/04\/M3-768x1024.jpg 768w, https:\/\/altisk-mlak.edu.hu\/wp-content\/uploads\/2026\/04\/M3-225x300.jpg 225w, https:\/\/altisk-mlak.edu.hu\/wp-content\/uploads\/2026\/04\/M3-1152x1536.jpg 1152w, https:\/\/altisk-mlak.edu.hu\/wp-content\/uploads\/2026\/04\/M3-450x600.jpg 450w, https:\/\/altisk-mlak.edu.hu\/wp-content\/uploads\/2026\/04\/M3.jpg 1536w\" sizes=\"(max-width: 604px) 100vw, 604px\" \/><\/td>\n<td style=\"width: 50%;\"><img loading=\"lazy\" decoding=\"async\" class=\"aligncenter size-large wp-image-3974\" src=\"https:\/\/altisk-mlak.edu.hu\/wp-content\/uploads\/2026\/04\/M4-768x1024.jpg\" alt=\"\" width=\"604\" height=\"805\" srcset=\"https:\/\/altisk-mlak.edu.hu\/wp-content\/uploads\/2026\/04\/M4-768x1024.jpg 768w, https:\/\/altisk-mlak.edu.hu\/wp-content\/uploads\/2026\/04\/M4-225x300.jpg 225w, https:\/\/altisk-mlak.edu.hu\/wp-content\/uploads\/2026\/04\/M4-1152x1536.jpg 1152w, https:\/\/altisk-mlak.edu.hu\/wp-content\/uploads\/2026\/04\/M4-450x600.jpg 450w, https:\/\/altisk-mlak.edu.hu\/wp-content\/uploads\/2026\/04\/M4.jpg 1536w\" sizes=\"(max-width: 604px) 100vw, 604px\" \/><\/td>\n<\/tr>\n<\/tbody>\n<\/table>\n<p style=\"text-align: right;\"><em>Mezein\u00e9 Kiss Katalin<\/em><\/p>\n","protected":false},"excerpt":{"rendered":"<p>&nbsp; A Kisalf\u00f6ldi ASzC Herman Ott\u00f3 K\u00f6rnyezetv\u00e9delmi \u00e9s Mez\u0151gazdas\u00e1gi Technikum, Szakk\u00e9pz\u0151 Iskola \u00e9s Koll\u00e9gium \u201eAz \u00e9n vir\u00e1gz\u00f3, tavaszi kertem\u201d c\u00edmmel rajzp\u00e1ly\u00e1zatot hirdetett Vas, Zala \u00e9s Gy\u0151r-Moson-Sopron v\u00e1rmegy\u00e9k \u00e1ltal\u00e1nos iskol\u00e1inak als\u00f3 \u00e9s fels\u0151<a class=\"moretag\" href=\"https:\/\/altisk-mlak.edu.hu\/index.php\/mirko-viragos-sikere\/\">Read More&#8230;<\/a><\/p>\n","protected":false},"author":3,"featured_media":0,"comment_status":"closed","ping_status":"closed","sticky":false,"template":"","format":"standard","meta":{"two_page_speed":[],"footnotes":""},"categories":[1],"tags":[],"class_list":["post-3971","post","type-post","status-publish","format-standard","hentry","category-egyeb"],"_links":{"self":[{"href":"https:\/\/altisk-mlak.edu.hu\/index.php\/wp-json\/wp\/v2\/posts\/3971","targetHints":{"allow":["GET"]}}],"collection":[{"href":"https:\/\/altisk-mlak.edu.hu\/index.php\/wp-json\/wp\/v2\/posts"}],"about":[{"href":"https:\/\/altisk-mlak.edu.hu\/index.php\/wp-json\/wp\/v2\/types\/post"}],"author":[{"embeddable":true,"href":"https:\/\/altisk-mlak.edu.hu\/index.php\/wp-json\/wp\/v2\/users\/3"}],"replies":[{"embeddable":true,"href":"https:\/\/altisk-mlak.edu.hu\/index.php\/wp-json\/wp\/v2\/comments?post=3971"}],"version-history":[{"count":1,"href":"https:\/\/altisk-mlak.edu.hu\/index.php\/wp-json\/wp\/v2\/posts\/3971\/revisions"}],"predecessor-version":[{"id":3977,"href":"https:\/\/altisk-mlak.edu.hu\/index.php\/wp-json\/wp\/v2\/posts\/3971\/revisions\/3977"}],"wp:attachment":[{"href":"https:\/\/altisk-mlak.edu.hu\/index.php\/wp-json\/wp\/v2\/media?parent=3971"}],"wp:term":[{"taxonomy":"category","embeddable":true,"href":"https:\/\/altisk-mlak.edu.hu\/index.php\/wp-json\/wp\/v2\/categories?post=3971"},{"taxonomy":"post_tag","embeddable":true,"href":"https:\/\/altisk-mlak.edu.hu\/index.php\/wp-json\/wp\/v2\/tags?post=3971"}],"curies":[{"name":"wp","href":"https:\/\/api.w.org\/{rel}","templated":true}]}}