{"id":3979,"date":"2026-04-29T14:26:31","date_gmt":"2026-04-29T14:26:31","guid":{"rendered":"https:\/\/altisk-mlak.edu.hu\/?p=3979"},"modified":"2026-04-29T14:26:31","modified_gmt":"2026-04-29T14:26:31","slug":"sikeres-szereplesunk","status":"publish","type":"post","link":"https:\/\/altisk-mlak.edu.hu\/index.php\/sikeres-szereplesunk\/","title":{"rendered":"Sikeres szerepl\u00e9s\u00fcnk\u2026"},"content":{"rendered":"<p align=\"justify\"><a href=\"https:\/\/altisk-mlak.edu.hu\/wp-content\/uploads\/2026\/04\/foto-a-szavaloversenyrol.jpg\"><img fetchpriority=\"high\" decoding=\"async\" class=\"aligncenter size-full wp-image-3980\" src=\"https:\/\/altisk-mlak.edu.hu\/wp-content\/uploads\/2026\/04\/foto-a-szavaloversenyrol.jpg\" alt=\"\" width=\"2048\" height=\"1536\" srcset=\"https:\/\/altisk-mlak.edu.hu\/wp-content\/uploads\/2026\/04\/foto-a-szavaloversenyrol.jpg 2048w, https:\/\/altisk-mlak.edu.hu\/wp-content\/uploads\/2026\/04\/foto-a-szavaloversenyrol-300x225.jpg 300w, https:\/\/altisk-mlak.edu.hu\/wp-content\/uploads\/2026\/04\/foto-a-szavaloversenyrol-1024x768.jpg 1024w, https:\/\/altisk-mlak.edu.hu\/wp-content\/uploads\/2026\/04\/foto-a-szavaloversenyrol-768x576.jpg 768w, https:\/\/altisk-mlak.edu.hu\/wp-content\/uploads\/2026\/04\/foto-a-szavaloversenyrol-1536x1152.jpg 1536w, https:\/\/altisk-mlak.edu.hu\/wp-content\/uploads\/2026\/04\/foto-a-szavaloversenyrol-600x450.jpg 600w\" sizes=\"(max-width: 2048px) 100vw, 2048px\" \/><\/a><\/p>\n<p align=\"justify\">A Boldog Brenner J\u00e1nos \u00c1ltal\u00e1nos Iskola \u00e9s Gimn\u00e1ziumban 2026. \u00e1prilis 24-\u00e9n nagy \u00f6r\u00f6m\u00fcnkre ism\u00e9t megrendez\u00e9sre ker\u00fclt a Finta S\u00e1ndor versmond\u00f3 verseny. Iskol\u00e1nkat Horv\u00e1th Lilla 7. oszt\u00e1lyos \u00e9s Mesits Patr\u00edcia Em\u00edlia 8. oszt\u00e1lyos tanul\u00f3nk k\u00e9pviselte, mindketten bronz min\u0151s\u00edt\u00e9st \u00e9rtek el. Gratul\u00e1lunk versenyz\u0151inknek \u00e9s T\u00f3thn\u00e9 Tak\u00e1cs Hajnalka felk\u00e9sz\u00edt\u0151 tan\u00e1rnak. Egy k\u00f6telez\u0151 \u00e9s egy szabadon v\u00e1laszthat\u00f3 verset szavaltak el a r\u00e9sztvev\u0151k. A k\u00f6z\u00e9piskol\u00e1sokkal egy\u00fctt 31 di\u00e1k szerepelt. Nagyon j\u00f3l \u00e9rezt\u00fck magunkat. K\u00f6sz\u00f6nj\u00fck a lehet\u0151s\u00e9get \u00e9s a sz\u00edves vend\u00e9gl\u00e1t\u00e1st, fogadtat\u00e1st! Rem\u00e9lj\u00fck, hogy j\u00f6v\u0151re megint elmehet\u00fcnk!<\/p>\n","protected":false},"excerpt":{"rendered":"<p>A Boldog Brenner J\u00e1nos \u00c1ltal\u00e1nos Iskola \u00e9s Gimn\u00e1ziumban 2026. \u00e1prilis 24-\u00e9n nagy \u00f6r\u00f6m\u00fcnkre ism\u00e9t megrendez\u00e9sre ker\u00fclt a Finta S\u00e1ndor versmond\u00f3 verseny. Iskol\u00e1nkat Horv\u00e1th Lilla 7. oszt\u00e1lyos \u00e9s Mesits Patr\u00edcia Em\u00edlia 8. oszt\u00e1lyos<a class=\"moretag\" href=\"https:\/\/altisk-mlak.edu.hu\/index.php\/sikeres-szereplesunk\/\">Read More&#8230;<\/a><\/p>\n","protected":false},"author":3,"featured_media":0,"comment_status":"closed","ping_status":"closed","sticky":false,"template":"","format":"standard","meta":{"two_page_speed":[],"footnotes":""},"categories":[1],"tags":[],"class_list":["post-3979","post","type-post","status-publish","format-standard","hentry","category-egyeb"],"_links":{"self":[{"href":"https:\/\/altisk-mlak.edu.hu\/index.php\/wp-json\/wp\/v2\/posts\/3979","targetHints":{"allow":["GET"]}}],"collection":[{"href":"https:\/\/altisk-mlak.edu.hu\/index.php\/wp-json\/wp\/v2\/posts"}],"about":[{"href":"https:\/\/altisk-mlak.edu.hu\/index.php\/wp-json\/wp\/v2\/types\/post"}],"author":[{"embeddable":true,"href":"https:\/\/altisk-mlak.edu.hu\/index.php\/wp-json\/wp\/v2\/users\/3"}],"replies":[{"embeddable":true,"href":"https:\/\/altisk-mlak.edu.hu\/index.php\/wp-json\/wp\/v2\/comments?post=3979"}],"version-history":[{"count":1,"href":"https:\/\/altisk-mlak.edu.hu\/index.php\/wp-json\/wp\/v2\/posts\/3979\/revisions"}],"predecessor-version":[{"id":3981,"href":"https:\/\/altisk-mlak.edu.hu\/index.php\/wp-json\/wp\/v2\/posts\/3979\/revisions\/3981"}],"wp:attachment":[{"href":"https:\/\/altisk-mlak.edu.hu\/index.php\/wp-json\/wp\/v2\/media?parent=3979"}],"wp:term":[{"taxonomy":"category","embeddable":true,"href":"https:\/\/altisk-mlak.edu.hu\/index.php\/wp-json\/wp\/v2\/categories?post=3979"},{"taxonomy":"post_tag","embeddable":true,"href":"https:\/\/altisk-mlak.edu.hu\/index.php\/wp-json\/wp\/v2\/tags?post=3979"}],"curies":[{"name":"wp","href":"https:\/\/api.w.org\/{rel}","templated":true}]}}