{"id":497,"date":"2020-04-06T20:51:43","date_gmt":"2020-04-06T20:51:43","guid":{"rendered":"http:\/\/altisk-mlak.sulinet.hu\/?p=497"},"modified":"2021-05-30T13:13:44","modified_gmt":"2021-05-30T13:13:44","slug":"tajekoztato-level-szuloknek-a-2020-2021-tanevre-torteno-beiratasrol","status":"publish","type":"post","link":"https:\/\/altisk-mlak.edu.hu\/index.php\/tajekoztato-level-szuloknek-a-2020-2021-tanevre-torteno-beiratasrol\/","title":{"rendered":"T\u00e1j\u00e9koztat\u00f3 lev\u00e9l sz\u00fcl\u0151knek a 2020-2021. tan\u00e9vre t\u00f6rt\u00e9n\u0151 be\u00edrat\u00e1sr\u00f3l"},"content":{"rendered":"<p><strong>Tisztelt Sz\u00fcl\u0151\/T\u00f6rv\u00e9nyes k\u00e9pvisel\u0151!<\/strong><\/p>\n<p>&nbsp;<\/p>\n<p>Tekintettel a vesz\u00e9lyhelyzet kihirdet\u00e9s\u00e9r\u0151l sz\u00f3l\u00f3 40\/2020. (III. 11.) Korm. rendeletre, az \u00e1ltal\u00e1nos iskolai beiratkoz\u00e1s folyamata a 2020\/2021. tan\u00edt\u00e1si \u00e9vre vonatkoz\u00f3an az emberi er\u0151forr\u00e1sok minisztere 7\/2020. (III. 25.) EMMI hat\u00e1rozata alapj\u00e1n t\u00f6rt\u00e9nik.<\/p>\n<p>&nbsp;<\/p>\n<p>Jelen t\u00e1j\u00e9koztat\u00f3 level\u00fcnk a 2020\/2021. tan\u00e9vre t\u00f6rt\u00e9n\u0151 \u00e1ltal\u00e1nos iskolai beiratkoz\u00e1ssal kapcsolatos fontos sz\u00fcl\u0151i feladatokat tartalmazza. K\u00e9rj\u00fck, figyelmesen olvassa el!<\/p>\n<p>&nbsp;<\/p>\n<p>Felh\u00edvjuk figyelm\u00e9t, hogy amennyiben gyermek\u00e9t a lak\u00f3hely szerinti k\u00f6rzetes \u00e1ltal\u00e1nos iskol\u00e1ba szeretn\u00e9 be\u00edratni, akkor az int\u00e9zm\u00e9ny fel\u00e9 csak a sz\u00e1nd\u00e9k <strong>meger\u0151s\u00edt\u00e9se<\/strong> sz\u00fcks\u00e9ges, ebben az esetben a beiratkoz\u00e1s automatikusan megt\u00f6rt\u00e9nik. Amennyiben m\u00e1sik int\u00e9zm\u00e9nyt v\u00e1lasztanak, akkor<strong> kell beny\u00fajtani jelentkez\u00e9si k\u00e9relmet a kiv\u00e1lasztott iskol\u00e1ba<\/strong>.<\/p>\n<p>&nbsp;<\/p>\n<p>A vesz\u00e9lyhelyzetre val\u00f3 tekintettel k\u00e9rj\u00fck, hogy gyermeke \u00e1ltal\u00e1nos iskolai be\u00edrat\u00e1s\u00e1t <strong><u>lehet\u0151s\u00e9g szerint online m\u00f3don<\/u><\/strong> int\u00e9zze a KR\u00c9TA rendszer e-\u00dcgyint\u00e9z\u00e9si fel\u00fclet\u00e9n kereszt\u00fcl, amelyet a <a href=\"https:\/\/eugyintezes.e-kreta.hu\/kezdolap\">https:\/\/eugyintezes.e-kreta.hu\/kezdolap<\/a> el\u00e9rhet\u0151s\u00e9gen tal\u00e1l meg.<\/p>\n<p>&nbsp;<\/p>\n<p><strong><u>A beiratkoz\u00e1s szakaszai:<\/u><\/strong><\/p>\n<p>A beiratkoz\u00e1s <strong>k\u00e9t szakaszban<\/strong> t\u00f6rt\u00e9nik:<\/p>\n<ul>\n<li>A beiratkoz\u00e1s <strong>els\u0151 szakasz<\/strong>\u00e1ban <strong> \u00e1prilis 6. 0:00 \u00f3ra \u00e9s 2020. \u00e1prilis 24. 24:00 \u00f3ra k\u00f6z\u00f6tt<\/strong> azok a sz\u00fcl\u0151k\/t\u00f6rv\u00e9nyes k\u00e9pvisel\u0151k adhatj\u00e1k le beiratkoz\u00e1si k\u00e9relmeiket, akik<\/li>\n<li>nem \u00e1llami fenntart\u00e1s\u00fa \u00e1ltal\u00e1nos iskol\u00e1ba,<\/li>\n<\/ul>\n<p>vagy<\/p>\n<ul>\n<li>\u00e1llami fenntart\u00e1s\u00fa, de k\u00f6rzettel nem rendelkez\u0151 \u00e1ltal\u00e1nos iskol\u00e1ba k\u00edv\u00e1nj\u00e1k gyermek\u00fcket be\u00edratni.<\/li>\n<\/ul>\n<p>A k\u00f6rzetes iskol\u00e1k list\u00e1j\u00e1t a <a href=\"https:\/\/kir.hu\/KIR2_KORZET_3h\/Pub\/Index\">https:\/\/kir.hu\/KIR2_KORZET_3h\/Pub\/Index<\/a> \u00a0oldalon, valamint a Szombathelyi Tanker\u00fcleti K\u00f6zpont honlapj\u00e1n. a <a href=\"https:\/\/kk.gov.hu\/altalanos-iskolai-felveteli-korzethatarok-a-2020-2021-tanevben\">https:\/\/kk.gov.hu\/altalanos-iskolai-felveteli-korzethatarok-a-2020-2021-tanevben<\/a> \u00a0tal\u00e1lhatja meg.<\/p>\n<p><a href=\"http:\/\/altisk-mlak.sulinet.hu\/wp-content\/uploads\/2020\/04\/T\u00e1j\u00e9koztat\u00f3-\u00e1ltal\u00e1nos-iskolai-k\u00f6rzetek-kijel\u00f6l\u00e9s\u00e9r\u0151l-2020_2021.pdf\">T\u00e1j\u00e9koztat\u00f3 \u00e1ltal\u00e1nos iskolai k\u00f6rzetek kijel\u00f6l\u00e9s\u00e9r\u0151l 2020_2021<\/a><\/p>\n<p>2) A beiratkoz\u00e1s <strong>m\u00e1sodik szakasz<\/strong>\u00e1ban <strong>2020. \u00e1prilis 28. 0:00 \u00f3ra \u00e9s 2020. m\u00e1jus 15. 24:00 \u00f3ra k\u00f6z\u00f6tt<\/strong> azok a sz\u00fcl\u0151k\/t\u00f6rv\u00e9nyes k\u00e9pvisel\u0151k v\u00e9gezhetik el a beiratkoz\u00e1ssal kapcsolatos \u00fcgyint\u00e9z\u00e9s\u00fcket, akik gyermek\u00fcket:<\/p>\n<ul>\n<li>olyan k\u00f6rzettel rendelkez\u0151 \u00e1ltal\u00e1nos iskol\u00e1ba k\u00edv\u00e1nj\u00e1k be\u00edratni, amely azonban nem a gyermek lak\u00f3helye\/\u00e9letvitelszer\u0171 tart\u00f3zkod\u00e1si helye szerinti k\u00f6rzetes \u00e1ltal\u00e1nos iskola<a href=\"#_ftn1\" name=\"_ftnref1\">[1]<\/a>.<\/li>\n<li>a gyermek lak\u00f3helye\/\u00e9letvitelszer\u0171 tart\u00f3zkod\u00e1si helye szerinti k\u00f6rzetes \u00e1ltal\u00e1nos iskol\u00e1ba1 k\u00edv\u00e1nj\u00e1k be\u00edratni.<\/li>\n<\/ul>\n<p>Minden olyan tanul\u00f3 2020. \u00e1prilis 28-\u00e1n automatikusan felv\u00e9telre ker\u00fcl a lak\u00f3helye, tart\u00f3zkod\u00e1si helye szerinti k\u00f6rzetes \u00e1ltal\u00e1nos iskol\u00e1ba, aki nem nyert felv\u00e9telt az els\u0151 szakaszban, illetve nem adta be a jelentkez\u00e9s\u00e9t m\u00e1s \u00e1ltal\u00e1nos iskol\u00e1ba. Ebben a szakaszban sz\u00fcks\u00e9ges meger\u0151s\u00edteni azon gyermekek jelentkez\u00e9s\u00e9t, akiket a sz\u00fcl\u0151k\/t\u00f6rv\u00e9nyes k\u00e9pvisel\u0151k a lak\u00f3hely szerinti k\u00f6rzetes \u00e1ltal\u00e1nos iskol\u00e1ba szeretn\u00e9nek be\u00edratni. T\u00e1j\u00e9koztat\u00e1sul jelezz\u00fck, hogy a gyermek automatikus felv\u00e9tele a lak\u00f3helye alapj\u00e1n k\u00f6rzetes \u00e1ltal\u00e1nos iskol\u00e1ban l\u00e9tes\u00fcl [az emberi er\u0151forr\u00e1sok minisztere 7\/2020. (III. 25.) EMMI hat\u00e1rozata 2. d) pontja szerint].<\/p>\n<p>Amennyiben \u00d6n a lak\u00f3hely\u00e9t\u0151l elt\u00e9r\u0151 tart\u00f3zkod\u00e1si helye szerinti k\u00f6rzetes \u00e1ltal\u00e1nos iskol\u00e1ba k\u00edv\u00e1nja be\u00edratni a gyermek\u00e9t, k\u00e9rem, hogy vegye fel a kapcsolatot az \u00e9rintett \u00e1ltal\u00e1nos iskol\u00e1val.<\/p>\n<p>&nbsp;<\/p>\n<p>A 7\/2020. (III.25.) miniszteri hat\u00e1rozat 3. pontja alapj\u00e1n a szak\u00e9rt\u0151i bizotts\u00e1gok \u00e1ltal kijel\u00f6lt \u00e1ltal\u00e1nos iskola <strong>2020. \u00e1prilis 28-ig<\/strong> felveszi a saj\u00e1tos nevel\u00e9si ig\u00e9ny\u0171 gyermeket.<\/p>\n<p>Jelentkezni a szak\u00e9rt\u0151i bizotts\u00e1g \u00e1ltal kijel\u00f6lt iskol\u00e1val t\u00f6rt\u00e9nt egyeztet\u00e9st k\u00f6vet\u0151en szem\u00e9lyesen vagy postai \u00faton lehet. K\u00e9rj\u00fck, hogy vegy\u00e9k fel a kapcsolatot a kijel\u00f6lt iskol\u00e1val.<\/p>\n<p>A kijel\u00f6l\u00e9sr\u0151l sz\u00f3l\u00f3 dokumentumot a sz\u00fcl\u0151nek\/t\u00f6rv\u00e9nyes k\u00e9pvisel\u0151nek m\u00e1solatban postai \u00faton vagy szem\u00e9lyesen el kell juttatni a kijel\u00f6lt iskol\u00e1ba, az eredeti dokumentumot tan\u00e9vkezd\u00e9skor kell bemutatni az int\u00e9zm\u00e9nyben.<\/p>\n<p>&nbsp;<\/p>\n<p><strong><u>A beiratkoz\u00e1shoz kapcsol\u00f3d\u00f3<\/u><\/strong><u>an az al\u00e1bbi <strong>dokumentumok<\/strong>ra van sz\u00fcks\u00e9g, melyeknek bemutat\u00e1sa a jelenlegi helyzetre tekintettel elegend\u0151, ha csak a 2020\/21-es tan\u00e9v els\u0151 napj\u00e1n t\u00f6rt\u00e9nik meg.<\/u><\/p>\n<ul>\n<li>A gyermek szem\u00e9lyazonoss\u00e1g\u00e1t igazol\u00f3 hat\u00f3s\u00e1gi igazolv\u00e1ny<\/li>\n<li>A gyermek nev\u00e9re ki\u00e1ll\u00edtott TAJ k\u00e1rtya<\/li>\n<li>A gyermek nev\u00e9re ki\u00e1ll\u00edtott lakc\u00edmet igazol\u00f3 hat\u00f3s\u00e1gi igazolv\u00e1ny<\/li>\n<li>Nyilatkozat az \u00e9letvitelszer\u0171 ott lak\u00e1sr\u00f3l<\/li>\n<li>Nyilatkozat a k\u00f6z\u00f6s sz\u00fcl\u0151i fel\u00fcgyeleti jog gyakorl\u00e1s\u00e1ra vonatkoz\u00f3an<\/li>\n<\/ul>\n<p>&nbsp;<\/p>\n<p>Az online fel\u00fcleten a gyermekek k\u00f6rzetes iskol\u00e1ba val\u00f3 be\u00edrat\u00e1si sz\u00e1nd\u00e9k\u00e1nak meger\u0151s\u00edt\u00e9se \u00fagy t\u00f6rt\u00e9nik, hogy a gyermek azonos\u00edt\u00e1s\u00e1hoz sz\u00fcks\u00e9ges adatok megad\u00e1sa ut\u00e1n megjel\u00f6lik az int\u00e9zm\u00e9nyt. Online jelentkez\u00e9s eset\u00e9n a fel\u00fcletre fel lehet t\u00f6lteni a dokumentumok m\u00e1solat\u00e1t, szem\u00e9lyes megjelen\u00e9s eset\u00e9n pedig k\u00e9rj\u00fck bemutatni, illetve \u00e1tadni az int\u00e9zm\u00e9nyi \u00fcgyint\u00e9z\u0151nek. A 7\/2020. (III. 25.) EMMI hat\u00e1rozat alapj\u00e1n az online beiratkoz\u00e1s eset\u00e9n az eredeti iratok bemutat\u00e1s\u00e1ra a 2020\/2021. tan\u00e9v els\u0151 napj\u00e1n ker\u00fcl sor.<\/p>\n<p>Az \u00e9letvitelszer\u0171 ott lak\u00e1sra \u00e9s a k\u00f6z\u00f6s sz\u00fcl\u0151i fel\u00fcgyeleti jog gyakorl\u00e1s\u00e1ra vonatkoz\u00f3 nyilatkozatokat elektronikus beiratkoz\u00e1s eset\u00e9n a KR\u00c9TA e-\u00dcgyint\u00e9z\u00e9s fel\u00fclet\u00e9n &#8211; az adatok megad\u00e1s\u00e1t k\u00f6vet\u0151en &#8211; az \u201eEl\u0151n\u00e9zet\u201d ikonra kattintva tudja let\u00f6lteni \u00e9s al\u00e1\u00edr\u00e1st k\u00f6vet\u0151en fel tudja t\u00f6lteni a rendszerbe. Szem\u00e9lyes megjelen\u00e9ssel t\u00f6rt\u00e9n\u0151 beiratkoz\u00e1s eset\u00e9n a formanyomtatv\u00e1nyokat az int\u00e9zm\u00e9ny biztos\u00edtja.<\/p>\n<p>&nbsp;<\/p>\n<p><strong>* Felh\u00edvjuk a figyelmet, hogy iskol\u00e1nk eset\u00e9ben a m\u00e1sodik szakaszban van lehet\u0151s\u00e9g a beiratkoz\u00e1s folyamat\u00e1nak \u00fcgyint\u00e9z\u00e9s\u00e9re<\/strong><\/p>\n<p>&nbsp;<\/p>\n<p>Amennyiben az elektronikus \u00faton t\u00f6rt\u00e9n\u0151 beiratkoz\u00e1s az \u00d6n sz\u00e1m\u00e1ra nem megoldhat\u00f3, a k\u00f6znevel\u00e9si int\u00e9zm\u00e9nyek lehet\u0151s\u00e9get biztos\u00edtanak a <strong>szem\u00e9lyes \u00fcgyint\u00e9z\u00e9s<\/strong>re is. T\u00e1j\u00e9koztatjuk, hogy szem\u00e9lyes megjelen\u00e9ssel t\u00f6rt\u00e9n\u0151 beiratkoz\u00e1s eset\u00e9n a j\u00e1rv\u00e1ny\u00fcgyi helyzettel \u00f6sszef\u00fcgg\u00e9sben bevezetett fokozott \u00f3vint\u00e9zked\u00e9sekkel kell sz\u00e1molni.<\/p>\n<p><strong>\u00a0<\/strong><\/p>\n<p><strong>* Iskol\u00e1nkban a jelentkez\u00e9sek szem\u00e9lyes beny\u00fajt\u00e1s\u00e1ra naponta 8-16 \u00f3r\u00e1ig, az el\u0151re egyeztett id\u0151pontban van lehet\u0151s\u00e9g<\/strong><\/p>\n<p>&nbsp;<\/p>\n<p>Felh\u00edvjuk figyelm\u00e9t, hogy a k\u00e9t szakaszban t\u00f6rt\u00e9n\u0151 beiratkoz\u00e1s sor\u00e1n a m\u00e1sodik szakaszban <strong>csak egyetlen<\/strong> \u00e1ltal\u00e1nos iskol\u00e1ba k\u00e9rheti gyermeke felv\u00e9tel\u00e9t.<\/p>\n<p><a href=\"#_ftnref1\" name=\"_ftn1\">[1]<\/a> Felh\u00edvom figyelm\u00e9t, hogy a hat\u00e1lyos jogszab\u00e1lyok [a nemzeti k\u00f6znevel\u00e9sr\u0151l sz\u00f3l\u00f3 2011. \u00e9vi CXC. t\u00f6rv\u00e9ny 50. \u00a7 (6) bekezd\u00e9se alkalmaz\u00e1s\u00e1ban a nevel\u00e9si-oktat\u00e1si int\u00e9zm\u00e9nyek m\u0171k\u00f6d\u00e9s\u00e9r\u0151l \u00e9s a k\u00f6znevel\u00e9si int\u00e9zm\u00e9nyek n\u00e9vhaszn\u00e1lat\u00e1r\u00f3l sz\u00f3l\u00f3 20\/2012. (VIII. 31.) EMMI rendelet 22. \u00a7 (6)bekezd\u00e9se] alapj\u00e1n <strong>\u00e9letvitelszer\u0171 ott lak\u00e1snak min\u0151s<\/strong>\u00fcl, ha a tanul\u00f3nak a k\u00f6telez\u0151 felv\u00e9telt biztos\u00edt\u00f3 iskola k\u00f6rzet\u00e9ben van a <strong>lak\u00f3helye<\/strong>, <strong><em>ennek hi\u00e1ny\u00e1ban<\/em> a tart\u00f3zkod\u00e1si helye<\/strong>.<\/p>\n","protected":false},"excerpt":{"rendered":"<p>Tisztelt Sz\u00fcl\u0151\/T\u00f6rv\u00e9nyes k\u00e9pvisel\u0151! &nbsp; Tekintettel a vesz\u00e9lyhelyzet kihirdet\u00e9s\u00e9r\u0151l sz\u00f3l\u00f3 40\/2020. (III. 11.) Korm. rendeletre, az \u00e1ltal\u00e1nos iskolai beiratkoz\u00e1s folyamata a 2020\/2021. tan\u00edt\u00e1si \u00e9vre vonatkoz\u00f3an az emberi er\u0151forr\u00e1sok minisztere 7\/2020. (III. 25.) EMMI<a class=\"moretag\" href=\"https:\/\/altisk-mlak.edu.hu\/index.php\/tajekoztato-level-szuloknek-a-2020-2021-tanevre-torteno-beiratasrol\/\">Read More&#8230;<\/a><\/p>\n","protected":false},"author":1,"featured_media":0,"comment_status":"closed","ping_status":"closed","sticky":false,"template":"","format":"standard","meta":{"two_page_speed":[],"footnotes":""},"categories":[22,24],"tags":[],"class_list":["post-497","post","type-post","status-publish","format-standard","hentry","category-oktatas","category-tajekoztatas"],"_links":{"self":[{"href":"https:\/\/altisk-mlak.edu.hu\/index.php\/wp-json\/wp\/v2\/posts\/497","targetHints":{"allow":["GET"]}}],"collection":[{"href":"https:\/\/altisk-mlak.edu.hu\/index.php\/wp-json\/wp\/v2\/posts"}],"about":[{"href":"https:\/\/altisk-mlak.edu.hu\/index.php\/wp-json\/wp\/v2\/types\/post"}],"author":[{"embeddable":true,"href":"https:\/\/altisk-mlak.edu.hu\/index.php\/wp-json\/wp\/v2\/users\/1"}],"replies":[{"embeddable":true,"href":"https:\/\/altisk-mlak.edu.hu\/index.php\/wp-json\/wp\/v2\/comments?post=497"}],"version-history":[{"count":3,"href":"https:\/\/altisk-mlak.edu.hu\/index.php\/wp-json\/wp\/v2\/posts\/497\/revisions"}],"predecessor-version":[{"id":501,"href":"https:\/\/altisk-mlak.edu.hu\/index.php\/wp-json\/wp\/v2\/posts\/497\/revisions\/501"}],"wp:attachment":[{"href":"https:\/\/altisk-mlak.edu.hu\/index.php\/wp-json\/wp\/v2\/media?parent=497"}],"wp:term":[{"taxonomy":"category","embeddable":true,"href":"https:\/\/altisk-mlak.edu.hu\/index.php\/wp-json\/wp\/v2\/categories?post=497"},{"taxonomy":"post_tag","embeddable":true,"href":"https:\/\/altisk-mlak.edu.hu\/index.php\/wp-json\/wp\/v2\/tags?post=497"}],"curies":[{"name":"wp","href":"https:\/\/api.w.org\/{rel}","templated":true}]}}