{"id":503,"date":"2020-04-09T21:45:53","date_gmt":"2020-04-09T21:45:53","guid":{"rendered":"http:\/\/altisk-mlak.sulinet.hu\/?p=503"},"modified":"2021-05-30T13:13:26","modified_gmt":"2021-05-30T13:13:26","slug":"a-tantermen-kivuli-digitalis-munkarendben-valo-reszvetel-soran-megvalosulo-adatkezelesrol","status":"publish","type":"post","link":"https:\/\/altisk-mlak.edu.hu\/index.php\/a-tantermen-kivuli-digitalis-munkarendben-valo-reszvetel-soran-megvalosulo-adatkezelesrol\/","title":{"rendered":"A tantermen k\u00edv\u00fcli digit\u00e1lis munkarendben val\u00f3 r\u00e9szv\u00e9tel sor\u00e1n megval\u00f3sul\u00f3 adatkezel\u00e9sr\u0151l"},"content":{"rendered":"<p>A tantermen k\u00edv\u00fcli, digit\u00e1lis munkarendben v\u00e9gzett oktat\u00e1s a m\u00e1r megszokott, tantermi \u00f3r\u00e1t\u00f3l elt\u00e9r\u0151 adatkezel\u00e9seket is maga ut\u00e1n vonhat. Az iskol\u00e1ban \u00e9rv\u00e9nyes\u00fcl\u0151 \u00e1ltal\u00e1nos adatkezel\u00e9si szab\u00e1lyokon t\u00fal az online t\u00e9rben megtartott \u00f3r\u00e1k sor\u00e1n is kiemelt figyelmet ford\u00edtunk az adatv\u00e9delem \u00e9s adatbiztons\u00e1g \u00e9rv\u00e9nyes\u00fcl\u00e9s\u00e9re. Ennek egyik eleme ez a t\u00e1j\u00e9koztat\u00e1s is.<\/p>\n<p>Az adatkezel\u0151 a nemzeti k\u00f6znevel\u00e9sr\u0151l sz\u00f3l\u00f3 2011. \u00e9vi CXC. t\u00f6rv\u00e9ny (Nkt.), valamint a k\u00f6zalkalmazottak jog\u00e1ll\u00e1s\u00e1r\u00f3l sz\u00f3l\u00f3 1992. \u00e9vi XXXIII. t\u00f6rv\u00e9ny \u00e9rtelm\u00e9ben a k\u00f6znevel\u00e9si int\u00e9zm\u00e9ny.<\/p>\n<p><strong>Az adatkezel\u0151 megnevez\u00e9se, el\u00e9rhet\u0151s\u00e9gei:<\/strong><\/p>\n<p><strong>Szentgotth\u00e1rd \u00e9s T\u00e9rs\u00e9ge \u00c1ltal\u00e1nos Iskola \u00e9s Gimn\u00e1zium Magyarlak- Cs\u00f6r\u00f6tnek \u00c1ltal\u00e1nos Iskol\u00e1ja<\/strong><\/p>\n<p><strong>C\u00edm: 9963 Magyarlak, Kossuth Lajos \u00fat 236.<\/strong><\/p>\n<p><strong>Telefon: 06 30\u00a0311 61 88<\/strong><\/p>\n<p><strong>e-mail c\u00edm: altiskmagyarlak@gmail.com<\/strong><\/p>\n<p><strong>\u00a0<\/strong><\/p>\n<p><strong>Az adatkezel\u00e9s jogi h\u00e1ttere<\/strong><\/p>\n<p>Az adatkezel\u00e9sre vonatkoz\u00f3an sz\u00e1mos jogszab\u00e1ly tartalmaz k\u00f6telez\u0151 el\u0151\u00edr\u00e1sokat. Ezek k\u00f6z\u00fcl az egyik, amivel gyakran lehet tal\u00e1lkozni a GDPR, de sz\u00e1mos esetben az Infot\u00f6rv\u00e9nyre is hivatkozik az adatkezel\u0151.<\/p>\n<p><strong>Az adatkezel\u00e9s jogalapja, a kezelt adatok k\u00f6re<\/strong><\/p>\n<p>A tantermen k\u00edv\u00fcli, digit\u00e1lis munkarendben megval\u00f3sul\u00f3 oktat\u00e1s sor\u00e1n a szem\u00e9lyes adatok kezel\u00e9s\u00e9t az el\u0151bb eml\u00edtett \u00c1ltal\u00e1nos Adatv\u00e9delmi Rendelet, a GDPR teszi jogszer\u0171en lehet\u0151v\u00e9 az iskola, mint k\u00f6znevel\u00e9si int\u00e9zm\u00e9ny (adatkezel\u0151) sz\u00e1m\u00e1ra.<\/p>\n<p>Az \u00fan. <strong>jogalap <\/strong>a GDPR 6. cikk (1) bekezd\u00e9s\u00e9nek e) pontja, vagyis ez az adatkezel\u00e9s az oktat\u00e1s keret\u00e9ben v\u00e9gzett feladatok v\u00e9grehajt\u00e1s\u00e1hoz sz\u00fcks\u00e9ges. A tan\u00e1rok az oktat\u00e1si-nevel\u00e9si feladatuk elv\u00e9gz\u00e9se \u00e9rdek\u00e9ben kezelhetik a tanul\u00f3k szem\u00e9lyes adatait.<\/p>\n<p>&nbsp;<\/p>\n<p>Az oktat\u00e1si-nevel\u00e9si feladat sor\u00e1n kezelt szem\u00e9lyes adatok, \u00edgy <strong>k\u00fcl\u00f6n\u00f6sen a f\u00e9nyk\u00e9p, videofelv\u00e9tel, vagy hangfelv\u00e9tel kezel\u00e9s\u00e9nek c\u00e9lja<\/strong><\/p>\n<ul>\n<li>az ingyenes \u00e9s k\u00f6telez\u0151 alapfok\u00fa, valamint az<\/li>\n<li>ingyenes \u00e9s mindenki sz\u00e1m\u00e1ra hozz\u00e1f\u00e9rhet\u0151 k\u00f6z\u00e9pfok\u00fa nevel\u00e9s-oktat\u00e1shoz val\u00f3 jog biztos\u00edt\u00e1sa,<\/li>\n<li>a k\u00f6znevel\u00e9si int\u00e9zm\u00e9ny jogszab\u00e1lyban meghat\u00e1rozott feladatainak ell\u00e1t\u00e1sa, \u00e9s<\/li>\n<li>a digit\u00e1lis munkarendben v\u00e9gzett oktat\u00e1si tev\u00e9kenys\u00e9g ell\u00e1t\u00e1s\u00e1val kapcsolatos feladatok v\u00e9gz\u00e9se, kapcsolattart\u00e1s, az ismeretek \u00e1tad\u00e1sa \u00e9s az ismeret (sz\u00e1monk\u00e9r\u00e9s) vagy jelenl\u00e9t ellen\u0151rz\u00e9se.<\/li>\n<\/ul>\n<p>Csak a fent meghat\u00e1rozott c\u00e9lok el\u00e9r\u00e9se \u00e9rdek\u00e9ben \u00e9s azzal ar\u00e1nyosan lehet kezelni az oktat\u00e1s sor\u00e1n keletkezett szem\u00e9lyes adatokat, betartva az adatkezel\u00e9sre vonatkoz\u00f3 alapelveket, biztons\u00e1gi el\u0151\u00edr\u00e1sokat.<\/p>\n<p><strong>Az adatkezel\u00e9s id\u0151tartama<\/strong><\/p>\n<p>Az adatkezel\u00e9s alapvet\u0151en az adatkezel\u00e9si c\u00e9l megval\u00f3sul\u00e1s\u00e1ig tart. Ez\u00e9rt a tantermen k\u00edv\u00fcli, digit\u00e1lis munkarendben v\u00e9gzett oktat\u00e1s sor\u00e1n keletkezett, a tanul\u00f3r\u00f3l k\u00e9sz\u00fclt, vagy a tanul\u00f3 saj\u00e1t mag\u00e1r\u00f3l k\u00e9sz\u00edtett \u00e9s elk\u00fcld\u00f6tt f\u00e9nyk\u00e9p, videofelv\u00e9tel vagy hangfelv\u00e9tel adatokat a pedag\u00f3gus az \u00e9rt\u00e9kel\u00e9s megt\u00f6rt\u00e9nte ut\u00e1n, de legk\u00e9s\u0151bb a tan\u00e9v v\u00e9g\u00e9n halad\u00e9ktalanul, vissza nem \u00e1ll\u00edthat\u00f3 m\u00f3don t\u00f6r\u00f6lni k\u00f6teles.<\/p>\n<p><strong>Adatbiztons\u00e1g<\/strong><\/p>\n<p>Tekintettel arra, hogy a szem\u00e9lyes adatok kezel\u00e9se nem csak az iskola falain bel\u00fcl t\u00f6rt\u00e9nik, a biztons\u00e1gos k\u00f6rnyezet megteremt\u00e9se k\u00f6z\u00f6s feladat, \u00edgy mindent meg kell tenni annak \u00e9rdek\u00e9ben, hogy megakad\u00e1lyozzuk az adatkezel\u00e9shez haszn\u00e1lt eszk\u00f6z\u00f6k, adatt\u00e1rak, bel\u00e9p\u00e9si jelszavak stb. illet\u00e9ktelenek (a csal\u00e1dtagok is ennek min\u0151s\u00fclhetnek) \u00e1ltali hozz\u00e1f\u00e9r\u00e9s\u00e9t. Mindezekre tekintettel el kell ker\u00fclni a tanul\u00f3k (sz\u00fcl\u0151i fel\u00fcgyeletet gyakorl\u00f3 szem\u00e9ly) \u00e1ltal megk\u00fcld\u00f6tt\/felt\u00f6lt\u00f6tt vide\u00f3k adathordoz\u00f3ra t\u00f6rt\u00e9n\u0151 kim\u00e1sol\u00e1s\u00e1t.<\/p>\n<p>A pedag\u00f3gust a tanul\u00f3val kapcsolatosan tudom\u00e1s\u00e1ra jutott adatok vonatkoz\u00e1s\u00e1ban az Nkt. alapj\u00e1n titoktart\u00e1si k\u00f6telezetts\u00e9g terheli.<\/p>\n<p><strong>\u00a0<\/strong><\/p>\n<p><strong>Az adatkezel\u00e9ssel kapcsolatos jogok \u00e9rv\u00e9nyes\u00edt\u00e9se \u00e9s a jogorvoslati lehet\u0151s\u00e9gek<\/strong><\/p>\n<p>Az adatbiztons\u00e1gi k\u00f6vetelm\u00e9nyek teljes\u00fcl\u00e9se \u00e9s a tanul\u00f3 jogainak v\u00e9delme \u00e9rdek\u00e9ben a t\u00e1j\u00e9koztat\u00e1s megad\u00e1sa, az adatokba t\u00f6rt\u00e9n\u0151 betekint\u00e9s biztos\u00edt\u00e1sa, illetve azokr\u00f3l m\u00e1solat kiad\u00e1sa is az \u00e9rintett tanul\u00f3 (sz\u00fcl\u0151i fel\u00fcgyeletet gyakorl\u00f3 szem\u00e9ly) szem\u00e9ly\u00e9nek azonos\u00edt\u00e1s\u00e1hoz k\u00f6t\u00f6tt.<\/p>\n<p>Kiskor\u00fa tanul\u00f3 eset\u00e9n, a sz\u00fcl\u0151i fel\u00fcgyeletet gyakorl\u00f3 szem\u00e9ly gyakorolhatja ezeket a jogokat.<\/p>\n<p>Az adatkezel\u0151, az \u00e9rintett tanul\u00f3 (sz\u00fcl\u0151i fel\u00fcgyeletet gyakorl\u00f3 szem\u00e9ly) \u00e1ltal beny\u00fajtott, az \u0151t megillet\u0151 jogosults\u00e1gok \u00e9rv\u00e9nyes\u00edt\u00e9s\u00e9re ir\u00e1nyul\u00f3 k\u00e9relmet annak beny\u00fajt\u00e1s\u00e1t\u00f3l sz\u00e1m\u00edtott legr\u00f6videbb id\u0151 alatt, de legfeljebb huszon\u00f6t napon bel\u00fcl elb\u00edr\u00e1lja \u00e9s d\u00f6nt\u00e9s\u00e9r\u0151l a k\u00e9relmet beny\u00fajt\u00f3t \u00edr\u00e1sban vagy elektronikusan beny\u00fajtott k\u00e9relem eset\u00e9n elektronikus \u00faton \u00e9rtes\u00edti.<\/p>\n<p><strong>T\u00e1j\u00e9koztat\u00e1s \u00e9s hozz\u00e1f\u00e9r\u00e9s joga<\/strong>:<\/p>\n<p>Az adatkezel\u00e9ssel \u00e9rintett tanul\u00f3 (sz\u00fcl\u0151i fel\u00fcgyeletet gyakorl\u00f3 szem\u00e9ly) a k\u00f6znevel\u00e9si int\u00e9zm\u00e9nyhez, mint adatkezel\u0151h\u00f6z eljutatott k\u00e9relm\u00e9ben t\u00e1j\u00e9koztat\u00e1st k\u00e9rhet arr\u00f3l, hogy a tantermen k\u00edv\u00fcli, digit\u00e1lis munkarendben v\u00e9gzett feladatell\u00e1t\u00e1s sor\u00e1n k\u00e9sz\u00fclt-e a tanul\u00f3r\u00f3l felv\u00e9tel, \u00e9s ha igen, milyen felv\u00e9telek k\u00e9sz\u00fcltek.<\/p>\n<p>Az adatkezel\u00e9ssel \u00e9rintett tanul\u00f3 (sz\u00fcl\u0151i fel\u00fcgyeletet gyakorl\u00f3 szem\u00e9ly) a k\u00f6znevel\u00e9si int\u00e9zm\u00e9nyhez, mint adatkezel\u0151h\u00f6z eljutatott k\u00e9relm\u00e9ben t\u00e1j\u00e9koztat\u00e1st k\u00e9rhet arr\u00f3l, hogy ki, milyen jogalapon, milyen adatkezel\u00e9si c\u00e9lb\u00f3l, mennyi ideig \u00e9s milyen szem\u00e9lyes adatokat kezel a tanul\u00f3r\u00f3l, tov\u00e1bb\u00e1 arr\u00f3l, hogy kinek, mikor, milyen jogszab\u00e1ly alapj\u00e1n, a tanul\u00f3 mely szem\u00e9lyes adataihoz biztos\u00edtott hozz\u00e1f\u00e9r\u00e9st vagy kinek tov\u00e1bb\u00edtotta a tanul\u00f3 szem\u00e9lyes adatait.<\/p>\n<p><strong>Helyesb\u00edt\u00e9shez val\u00f3 jog:<\/strong><\/p>\n<p>Az adatkezel\u00e9s jelleg\u00e9re tekintettel az \u00e9rintett helyesb\u00edt\u00e9shez val\u00f3 jog\u00e1nak gyakorl\u00e1sa logikailag kiz\u00e1rt.<\/p>\n<p><strong>Tiltakoz\u00e1s joga<\/strong>:<\/p>\n<p>A tanul\u00f3 (sz\u00fcl\u0151i fel\u00fcgyeletet gyakorl\u00f3 szem\u00e9ly), a tanul\u00f3 saj\u00e1t helyzet\u00e9vel kapcsolatos okokb\u00f3l b\u00e1rmikor <strong>tiltakozhat<\/strong> az adatkezel\u00e9s ellen, ha \u00e1ll\u00e1spontja szerint az adatkezel\u0151 a szem\u00e9lyes adatokat a jelen adatkezel\u00e9si t\u00e1j\u00e9koztat\u00f3ban megjel\u00f6lt c\u00e9llal \u00f6sszef\u00fcgg\u00e9sben nem megfelel\u0151en kezeln\u00e9.<\/p>\n<p><strong>T\u00f6rl\u00e9shez val\u00f3 jog<\/strong>:<\/p>\n<p>A t\u00e1j\u00e9koztat\u00f3ban ismertetett adatkezel\u00e9s kapcs\u00e1n a tanul\u00f3 (sz\u00fcl\u0151i fel\u00fcgyeletet gyakorl\u00f3 szem\u00e9ly) csak akkor \u00e9lhet a t\u00f6rl\u00e9shez val\u00f3 jog\u00e1val, ha az adatkezel\u0151 k\u00f6znevel\u00e9si int\u00e9zm\u00e9ny k\u00f6zfeladat ell\u00e1t\u00e1sa keret\u00e9ben v\u00e9gzett feladata v\u00e9grehajt\u00e1s\u00e1hoz az adat nem sz\u00fcks\u00e9ges.<\/p>\n<p><strong>A z\u00e1rol\u00e1shoz (adatkezel\u00e9s korl\u00e1toz\u00e1s\u00e1hoz) val\u00f3 jog:<\/strong><\/p>\n<p>A tanul\u00f3 (sz\u00fcl\u0151i fel\u00fcgyeletet gyakorl\u00f3 szem\u00e9ly) k\u00e9rheti, hogy a tanul\u00f3 szem\u00e9lyes adatai kezel\u00e9s\u00e9t az adatkezel\u0151 korl\u00e1tozza, amennyiben az adatkezel\u0151nek m\u00e1r nincs sz\u00fcks\u00e9ge a szem\u00e9lyes adatokra adatkezel\u00e9s c\u00e9lj\u00e1b\u00f3l, de az \u00e9rintett ig\u00e9nyli azokat jogi ig\u00e9nyek el\u0151terjeszt\u00e9s\u00e9hez, \u00e9rv\u00e9nyes\u00edt\u00e9s\u00e9hez vagy v\u00e9delm\u00e9hez, vagy az \u00e9rintett tiltakozott az adatkezel\u00e9s ellen. Ez ut\u00f3bbi esetben a korl\u00e1toz\u00e1s arra az id\u0151tartamra vonatkozik, am\u00edg meg\u00e1llap\u00edt\u00e1sra nem ker\u00fcl, hogy az adatkezel\u0151 jogos indokai els\u0151bbs\u00e9get \u00e9lveznek-e az \u00e9rintett jogos indokaival szemben.<\/p>\n<p><strong>Jogorvoslathoz val\u00f3 jog<\/strong>:<\/p>\n<p>Ha az felt\u00e9telezhet\u0151, hogy s\u00e9r\u00fcltek a tanul\u00f3 adatkezel\u00e9ssel kapcsolatos jogai, az adatkezel\u0151 a tanul\u00f3 szem\u00e9lyes adatainak kezel\u00e9se sor\u00e1n megs\u00e9rtette a hat\u00e1lyos adatv\u00e9delmi k\u00f6vetelm\u00e9nyeket, akkor<\/p>\n<ul>\n<li>az iskol\u00e1hoz, mint adatkezel\u0151h\u00f6z lehet fordulni, vagy<\/li>\n<li>lehet k\u00e9rni a Nemzeti Adatv\u00e9delmi \u00e9s Inform\u00e1ci\u00f3szabads\u00e1g Hat\u00f3s\u00e1g (Sz\u00e9khely: 1125 Budapest, Szil\u00e1gyi Erzs\u00e9bet fasor 22\/C., www.naih.hu, ugyfelszolgalat@naih.hu) vizsg\u00e1lat\u00e1t, tov\u00e1bb\u00e1<\/li>\n<li>lehet\u0151s\u00e9g van a szem\u00e9lyes adatok v\u00e9delme \u00e9rdek\u00e9ben b\u00edr\u00f3s\u00e1ghoz fordulni.<\/li>\n<\/ul>\n","protected":false},"excerpt":{"rendered":"<p>A tantermen k\u00edv\u00fcli, digit\u00e1lis munkarendben v\u00e9gzett oktat\u00e1s a m\u00e1r megszokott, tantermi \u00f3r\u00e1t\u00f3l elt\u00e9r\u0151 adatkezel\u00e9seket is maga ut\u00e1n vonhat. Az iskol\u00e1ban \u00e9rv\u00e9nyes\u00fcl\u0151 \u00e1ltal\u00e1nos adatkezel\u00e9si szab\u00e1lyokon t\u00fal az online t\u00e9rben megtartott \u00f3r\u00e1k sor\u00e1n is<a class=\"moretag\" href=\"https:\/\/altisk-mlak.edu.hu\/index.php\/a-tantermen-kivuli-digitalis-munkarendben-valo-reszvetel-soran-megvalosulo-adatkezelesrol\/\">Read More&#8230;<\/a><\/p>\n","protected":false},"author":1,"featured_media":0,"comment_status":"closed","ping_status":"closed","sticky":false,"template":"","format":"standard","meta":{"two_page_speed":[],"footnotes":""},"categories":[22,24],"tags":[],"class_list":["post-503","post","type-post","status-publish","format-standard","hentry","category-oktatas","category-tajekoztatas"],"_links":{"self":[{"href":"https:\/\/altisk-mlak.edu.hu\/index.php\/wp-json\/wp\/v2\/posts\/503","targetHints":{"allow":["GET"]}}],"collection":[{"href":"https:\/\/altisk-mlak.edu.hu\/index.php\/wp-json\/wp\/v2\/posts"}],"about":[{"href":"https:\/\/altisk-mlak.edu.hu\/index.php\/wp-json\/wp\/v2\/types\/post"}],"author":[{"embeddable":true,"href":"https:\/\/altisk-mlak.edu.hu\/index.php\/wp-json\/wp\/v2\/users\/1"}],"replies":[{"embeddable":true,"href":"https:\/\/altisk-mlak.edu.hu\/index.php\/wp-json\/wp\/v2\/comments?post=503"}],"version-history":[{"count":1,"href":"https:\/\/altisk-mlak.edu.hu\/index.php\/wp-json\/wp\/v2\/posts\/503\/revisions"}],"predecessor-version":[{"id":504,"href":"https:\/\/altisk-mlak.edu.hu\/index.php\/wp-json\/wp\/v2\/posts\/503\/revisions\/504"}],"wp:attachment":[{"href":"https:\/\/altisk-mlak.edu.hu\/index.php\/wp-json\/wp\/v2\/media?parent=503"}],"wp:term":[{"taxonomy":"category","embeddable":true,"href":"https:\/\/altisk-mlak.edu.hu\/index.php\/wp-json\/wp\/v2\/categories?post=503"},{"taxonomy":"post_tag","embeddable":true,"href":"https:\/\/altisk-mlak.edu.hu\/index.php\/wp-json\/wp\/v2\/tags?post=503"}],"curies":[{"name":"wp","href":"https:\/\/api.w.org\/{rel}","templated":true}]}}