{"id":505,"date":"2020-04-09T21:47:01","date_gmt":"2020-04-09T21:47:01","guid":{"rendered":"http:\/\/altisk-mlak.sulinet.hu\/?p=505"},"modified":"2021-05-30T13:13:17","modified_gmt":"2021-05-30T13:13:17","slug":"utmutato-a-tantermen-kivuli-digitalis-munkarendben-valo-reszvetel-soran-megvalosulo-adatkezeleshez","status":"publish","type":"post","link":"https:\/\/altisk-mlak.edu.hu\/index.php\/utmutato-a-tantermen-kivuli-digitalis-munkarendben-valo-reszvetel-soran-megvalosulo-adatkezeleshez\/","title":{"rendered":"\u00daTMUTAT\u00d3 A TANTERMEN K\u00cdV\u00dcLI, DIGIT\u00c1LIS MUNKARENDBEN VAL\u00d3 R\u00c9SZV\u00c9TEL SOR\u00c1N MEGVAL\u00d3SUL\u00d3 ADATKEZEL\u00c9SHEZ"},"content":{"rendered":"<p>Az elm\u00falt h\u00e1rom h\u00e9tben sikeresen \u00e1t\u00e1lltunk a tantermen k\u00edv\u00fcli, digit\u00e1lis munkarendre, ennek sor\u00e1n a tan\u00e1rok \u00e9s a tanul\u00f3t\u00e1rsak sokszor online kapcsolatba ker\u00fclnek egym\u00e1ssal, hang- \u00e9s vide\u00f3k\u00f6zvet\u00edt\u00e9s zajlik k\u00f6z\u00f6tt\u00fck. El\u0151fordulhat, hogy a tan\u00e1r azt k\u00e9ri, a tanul\u00f3 k\u00e9sz\u00edtsen mag\u00e1r\u00f3l felv\u00e9telt, ami alapj\u00e1n meggy\u0151z\u0151dhet, hogy t\u00e9nyleg megtanulta-e a tananyagot, val\u00f3ban elv\u00e9gezte a kijel\u00f6lt feladatot, vagy \u00edgy ellen\u0151rzi az \u00f6n\u00e1ll\u00f3 feladatmegold\u00e1st.<\/p>\n<p>Mind a tan\u00e1rokr\u00f3l, mind pedig a tanul\u00f3kr\u00f3l k\u00e9sz\u00fclt felv\u00e9tel szem\u00e9lyes adat.\u00a0 A szem\u00e9lyes adatok kezel\u00e9se (\u00edgy a felv\u00e9tel k\u00e9sz\u00edt\u00e9s, tov\u00e1bb\u00edt\u00e1s, megoszt\u00e1s, r\u00f6gz\u00edt\u00e9s stb.) az Eur\u00f3pai Uni\u00f3ban is, \u00edgy haz\u00e1nkban is jogszab\u00e1lyokon alapul. A szem\u00e9lyes adatok v\u00e9delm\u00e9hez f\u0171z\u0151d\u0151 jog mindenkit megillet.<\/p>\n<p><strong><em>Mik azok a szem\u00e9lyes adatok?<\/em><\/strong><\/p>\n<p>N\u00e9v, lakc\u00edm, sz\u00fclet\u00e9si id\u0151, telefonsz\u00e1m, eg\u00e9szs\u00e9g\u00fcgyi \u00e1llapotra vonatkoz\u00f3 adat, a mobiltelefonok IMEI sz\u00e1ma, a sz\u00e1m\u00edt\u00f3g\u00e9p IP c\u00edme, a tanul\u00f3r\u00f3l k\u00e9sz\u00fclt f\u00e9nyk\u00e9p, videofelv\u00e9tel, a k\u00fcl\u00f6nb\u00f6z\u0151 oldalakon haszn\u00e1lt jelszavak, a bankk\u00e1rtya PIN k\u00f3dja, GPS koordin\u00e1t\u00e1k (amib\u0151l lehet k\u00f6vetkeztetni, hogy rendszerint ki \u00e9s mikor indul el otthonr\u00f3l, hov\u00e1 j\u00e1r iskol\u00e1ba, mikor \u00e9s merre megy iskola ut\u00e1n) stb.<\/p>\n<p><strong>Szem\u00e9lyes adat minden, ami k\u00f6zvetve vagy k\u00f6zvetlen\u00fcl valamilyen inform\u00e1ci\u00f3t k\u00f6zvet\u00edt, a szem\u00e9lyis\u00e9gr\u0151l, a szok\u00e1sokr\u00f3l, a mag\u00e1n\u00e9letr\u0151l.<\/strong><\/p>\n<p><strong><em>Ki az adatkezel\u0151?<\/em><\/strong><\/p>\n<p>Az iskolai tanulm\u00e1nyai sor\u00e1n a tanul\u00f3 szem\u00e9lyes adatainak adatkezel\u0151je az oktat\u00e1si int\u00e9zm\u00e9ny, ahol az adatok kezel\u00e9se t\u00f6rt\u00e9nik. <strong>Azonban b\u00e1rki adatkezel\u0151v\u00e9 v\u00e1lhat<\/strong>, ha m\u00e1sok szem\u00e9lyes adatait r\u00f6gz\u00edti, t\u00e1rolja, tov\u00e1bb\u00edtja, megosztja, nyilv\u00e1noss\u00e1gra hozza. Tudni kell, <strong>hogy mindig az adatkezel\u0151 felel a n\u00e1la l\u00e9v\u0151 szem\u00e9lyes adatok jogszer\u0171 kezel\u00e9s\u00e9\u00e9rt.<\/strong><\/p>\n<p><strong><em>Hogyan \u00e9lhetnek vissza a szem\u00e9lyes adatokkal?<\/em><\/strong><\/p>\n<p>Szem\u00e9lyes adatokkal sokf\u00e9lek\u00e9ppen vissza lehet \u00e9lni. Ilyen vissza\u00e9l\u00e9snek min\u0151s\u00fcl p\u00e9ld\u00e1ul, ha<\/p>\n<ul>\n<li>hamis weboldalakra ir\u00e1ny\u00edtva azt k\u00e9rik t\u0151l\u00fcnk, hogy adjuk meg a banksz\u00e1mlasz\u00e1munkat, felhaszn\u00e1l\u00f3nev\u00fcnket, jelszavunkat, majd az \u00edgy megszerzett adatokat felhaszn\u00e1lj\u00e1k \u00e9s p\u00e9ld\u00e1ul a banksz\u00e1ml\u00e1r\u00f3l p\u00e9nzt vesznek le, hozz\u00e1f\u00e9rhetnek a levelez\u00e9s\u00fcnkh\u00f6z, a k\u00f6z\u00f6ss\u00e9gi tereken l\u00e9trehozott profiljainkhoz stb.<\/li>\n<li>k\u00e1rt\u00e9kony k\u00f3dokat (pl. v\u00edrusokat) juttatva a sz\u00e1m\u00edt\u00f3g\u00e9p\u00fcnkre megszerzik a jelszavakat, k\u00f3dokat,<\/li>\n<li>az internetre felt\u00f6ltik a m\u00e1sr\u00f3l k\u00e9sz\u00fclt f\u00e9nyk\u00e9pet, vagy videofelv\u00e9telt, an\u00e9lk\u00fcl, hogy ehhez hozz\u00e1j\u00e1rul\u00e1st kaptak volna.<\/li>\n<\/ul>\n<p><strong><em>Hogyan lehet megel\u0151zni a szem\u00e9lyes adatok jogellenes felhaszn\u00e1l\u00e1s\u00e1t?<\/em><\/strong><\/p>\n<ul>\n<li>Csak tudatosan haszn\u00e1ljuk az online k\u00f6rnyezetet, senki <strong>ne tegyen k\u00f6zz\u00e9 mag\u00e1r\u00f3l<\/strong> olyan f\u00e9nyk\u00e9pet vagy vide\u00f3t, amit b\u00e1rki el\u0151tt sz\u00e9gyellene vagy kellemetlen\u00fcl \u00e9rinten\u00e9, ha m\u00e1s l\u00e1tn\u00e1!<\/li>\n<li>Ne k\u00e9sz\u00edts\u00fcnk \u00e9s f\u0151leg <strong>ne tegy\u00fcnk k\u00f6zz\u00e9 m\u00e1sr\u00f3l sem<\/strong> f\u00e9nyk\u00e9pet hang- vagy vide\u00f3felv\u00e9telt, az el\u0151zetes hozz\u00e1j\u00e1rul\u00e1sa n\u00e9lk\u00fcl!<\/li>\n<li>A k\u00fcl\u00f6nb\u00f6z\u0151 internetes oldalakon lehet\u0151leg csak azokat az adatokat adjuk meg, amelyek indokoltak az oldal haszn\u00e1lat\u00e1hoz. (pl. a Waze-hoz sz\u00fcks\u00e9ges a helyadat, de a f\u00e9nyk\u00e9pekhez hozz\u00e1f\u00e9r\u00e9s m\u00e1r nem indokolt.) Legyen mindig gyan\u00fas, ha t\u00fal sok adatot k\u00e9rnek t\u0151l\u00fcnk! Ink\u00e1bb ne regisztr\u00e1ljunk az ilyen oldalra!<\/li>\n<li>\u00c9rdemes minden esetben megn\u00e9zni a honlapon el\u00e9rhet\u0151 adatkezel\u00e9si t\u00e1j\u00e9koztat\u00f3t, amib\u0151l megtudhatjuk ki, hogyan fogja kezelni a szem\u00e9lyes adatokat!<\/li>\n<\/ul>\n<p><strong><em>Hogyan cselekedhet\u00fcnk helyesen, ha szem\u00e9lyes adatot kezel\u00fcnk?<\/em><\/strong><\/p>\n<p>Amikor valakir\u0151l f\u00e9nyk\u00e9pet, hangfelv\u00e9telt, vide\u00f3felv\u00e9telt k\u00e9sz\u00edt\u00fcnk, \u00f6sszegy\u0171jtj\u00fck az egy\u00e9b szem\u00e9lyes adatait pl. e-mail c\u00edm, telefonsz\u00e1m stb. akkor szem\u00e9lyes adato(ka)t kezel\u00fcnk, \u00edgy adatkezel\u0151v\u00e9 v\u00e1lunk. Ha mindezt kiz\u00e1r\u00f3lag magunknak, szem\u00e9lyes haszn\u00e1latunkra v\u00e9gezz\u00fck, akkor arra kell k\u00fcl\u00f6n\u00f6sen odafigyeln\u00fcnk, hogy m\u00e1sok ne szerezhess\u00e9k meg t\u0151l\u00fcnk ezeket az adatokat.<\/p>\n<p>Az adatkezel\u00e9s sor\u00e1n be kell tartani az adatkezel\u00e9sre vonatkoz\u00f3 jogszab\u00e1lyi el\u0151\u00edr\u00e1sokat.<\/p>\n<ul>\n<li>Felv\u00e9tel k\u00e9sz\u00edt\u00e9sekor, mindenk\u00e9ppen t\u00e1j\u00e9koztatni sz\u00fcks\u00e9ges az \u00e9rintettet, akir\u0151l a felv\u00e9tel k\u00e9sz\u00fcl, \u00e9s csak akkor k\u00e9sz\u00fclj\u00f6n felv\u00e9tel, ha ehhez az \u00e9rintett beleegyez\u00e9s\u00e9t adja. Az elk\u00e9sz\u00fclt felv\u00e9tel tov\u00e1bb\u00edt\u00e1sa, megoszt\u00e1sa vagy az internetre felt\u00f6ltve annak lehet\u0151v\u00e9 t\u00e9tele, hogy b\u00e1rki megn\u00e9zhesse szint\u00e9n csak a felv\u00e9telen szerepel\u0151 \u00f6sszes \u00e9rintett beleegyez\u00e9s\u00e9vel, hozz\u00e1j\u00e1rul\u00e1s\u00e1val t\u00f6rt\u00e9nhet! \u00dcgyelni kell arra, hogy kiskor\u00fa eset\u00e9ben a sz\u00fcl\u0151 adja meg a hozz\u00e1j\u00e1rul\u00e1st!<\/li>\n<li>M\u00e1svalaki telefonsz\u00e1m\u00e1t, e-mail c\u00edm\u00e9t, lakc\u00edm\u00e9t egy\u00e9b szem\u00e9lyes adatait a hozz\u00e1j\u00e1rul\u00e1sa n\u00e9lk\u00fcl ne adjuk tov\u00e1bb, ne tegy\u00fck nyilv\u00e1noss\u00e1!<\/li>\n<\/ul>\n<p><strong><em>Szem\u00e9lyes adatok jogosulatlan k\u00e9sz\u00edt\u00e9s\u00e9nek, felhaszn\u00e1l\u00e1s\u00e1nak, k\u00f6zz\u00e9t\u00e9tel\u00e9nek (kezel\u00e9s\u00e9nek)<\/em><\/strong> <strong><em>k\u00f6vetkezm\u00e9nyei<\/em><\/strong><\/p>\n<p>A mag\u00e1n\u00e9let\u00fcnk \u00e9s szem\u00e9lyis\u00e9g\u00fcnk v\u00e9delme \u00e9rdek\u00e9ben nem csak azt szab\u00e1lyozt\u00e1k, hogyan kell elj\u00e1rnunk helyesen, ha szem\u00e9lyes adatokat kezel\u00fcnk, hanem azt is, hogy mi t\u00f6rt\u00e9nik akkor, ha megszegj\u00fck a szab\u00e1lyokat.<\/p>\n<ul>\n<li>A <strong>Polg\u00e1ri T\u00f6rv\u00e9nyk\u00f6nyv<\/strong> szab\u00e1lyozza, hogy \u00fan. s\u00e9relemd\u00edjat k\u00f6vetelhetnek t\u0151l\u00fcnk, ha jogosulatlanul (vagyis a sz\u00fcks\u00e9ges hozz\u00e1j\u00e1rul\u00e1s n\u00e9lk\u00fcl) k\u00e9sz\u00edt\u00fcnk valakir\u0151l f\u00e9nyk\u00e9pet vagy hangfelv\u00e9telt, vagy jogosulatlanul haszn\u00e1ljuk fel az elk\u00e9sz\u00fclt felv\u00e9teleket.<\/li>\n<li>A <strong>B\u00fcntet\u0151 T\u00f6rv\u00e9nyk\u00f6nyv<\/strong> t\u00f6bb fejezete foglalkozik a szem\u00e9lyes adatokkal val\u00f3 vissza\u00e9l\u00e9s s\u00falyosabb form\u00e1ival \u00e9s ezeket b\u0171ncselekm\u00e9nny\u00e9 nyilv\u00e1n\u00edtja.<\/li>\n<li>Kifejezetten adatkezel\u00e9sre vonatkoz\u00f3 el\u0151\u00edr\u00e1sokat a <strong>GDPR<\/strong> (AZ EUR\u00d3PAI PARLAMENT \u00c9S A TAN\u00c1CS (EU) 2016\/679 RENDELETE a term\u00e9szetes szem\u00e9lyeknek a szem\u00e9lyes adatok kezel\u00e9se tekintet\u00e9ben t\u00f6rt\u00e9n\u0151 v\u00e9delm\u00e9r\u0151l \u00e9s az ilyen adatok szabad \u00e1raml\u00e1s\u00e1r\u00f3l, valamint a 95\/46\/EK rendelet hat\u00e1lyon k\u00edv\u00fcl helyez\u00e9s\u00e9r\u0151l) \u00e9s az <strong>Infot\u00f6rv\u00e9ny<\/strong>. (2011. \u00e9vi CXII. t\u00f6rv\u00e9ny az inform\u00e1ci\u00f3s \u00f6nrendelkez\u00e9si jogr\u00f3l \u00e9s az inform\u00e1ci\u00f3szabads\u00e1gr\u00f3l) tartalmaznak.<\/li>\n<\/ul>\n<p>A tanul\u00f3k magatart\u00e1s\u00e1ra vonatkoz\u00f3an az <strong>iskola h\u00e1zirendje<\/strong> fogalmazhat meg el\u0151\u00edr\u00e1sokat. Az a tanul\u00f3, aki magatart\u00e1s\u00e1val m\u00e1s szem\u00e9ly szem\u00e9lyis\u00e9gi jogait s\u00e9rti, bele\u00e9rtve a szem\u00e9lyes adatokkal val\u00f3 vissza\u00e9l\u00e9st is, felel\u0151ss\u00e9gre vonhat\u00f3!<\/p>\n<p>A Nemzeti Adatv\u00e9delmi \u00e9s Inform\u00e1ci\u00f3szabads\u00e1g Hat\u00f3s\u00e1g (NAIH) feladata, hogy ellen\u0151rizze a szem\u00e9lyes adatok helyes felhaszn\u00e1l\u00e1s\u00e1t. Szab\u00e1lytalan adatkezel\u00e9s eset\u00e9n m\u00e9rlegel\u00e9s eset\u00e9n ak\u00e1r t\u00f6bbmilli\u00f3 forintos adatv\u00e9delmi b\u00edrs\u00e1got is kiszabhat.<\/p>\n<p><strong>FIGYELEM! A digit\u00e1lis munkarendben megval\u00f3sul\u00f3 oktat\u00e1s sor\u00e1n k\u00e9sz\u00fclt b\u00e1rmely k\u00e9p- \u00e9s hangfelv\u00e9tel vagy egy\u00e9b szem\u00e9lyes adat tov\u00e1bb\u00edt\u00e1sa, k\u00f6zz\u00e9t\u00e9tele, megoszt\u00e1sa az internet nyilv\u00e1noss\u00e1ga r\u00e9sz\u00e9re, az erre vonatkoz\u00f3 hozz\u00e1j\u00e1rul\u00e1s hi\u00e1ny\u00e1ban jogosulatlan adatkezel\u00e9s \u00e9s megval\u00f3s\u00edthatja a szem\u00e9lyes adattal val\u00f3 vissza\u00e9l\u00e9st is!<\/strong><\/p>\n<p><strong><em>Mit tegy\u00fcnk, ha jogosulatlan adatkezel\u00e9st vagy vissza\u00e9l\u00e9st tapasztalunk?<\/em><\/strong><\/p>\n<ul>\n<li>Ha azt tapasztaljuk, hogy saj\u00e1t magunkr\u00f3l, di\u00e1kt\u00e1rsunkr\u00f3l vagy tan\u00e1runkr\u00f3l valaki a hozz\u00e1j\u00e1rul\u00e1sunk, vagy a tan\u00e1r hozz\u00e1j\u00e1rul\u00e1sa n\u00e9lk\u00fcl hoz nyilv\u00e1noss\u00e1gra szem\u00e9lyes adatokat, mindenk\u00e9ppen jelezz\u00fck a sz\u00fcl\u0151knek \u00e9s az iskol\u00e1nak, vagy k\u00e9rj\u00fcnk seg\u00edts\u00e9get az oszt\u00e1lyf\u0151n\u00f6kt\u0151l!<\/li>\n<li>Az internetes oldalak \u00fczemeltet\u0151i k\u00f6telesek megvizsg\u00e1lni \u00e9s el\u00e9rhetetlenn\u00e9 tenni azon tartalmakat, amelyek jogosulatlanul ker\u00fcltek felt\u00f6lt\u00e9sre. Be kell jelenteni sz\u00e1mukra ezeket a tartalmakat \u00e9s k\u00e9rni kell a t\u00f6rl\u00e9s\u00fcket!<\/li>\n<li>A szem\u00e9lyes adatkezel\u00e9ssel kapcsolatos jog megs\u00e9rt\u00e9se eset\u00e9n k\u00e9rni lehet a Nemzeti Adatv\u00e9delmi \u00e9s Inform\u00e1ci\u00f3szabads\u00e1g Hat\u00f3s\u00e1g (Sz\u00e9khely: 1125 Budapest, Szil\u00e1gyi Erzs\u00e9bet fasor 22\/C., www.naih.hu, <a href=\"mailto:ugyfelszolgalat@naih.hu\">ugyfelszolgalat@naih.hu<\/a>) vizsg\u00e1lat\u00e1t.<\/li>\n<\/ul>\n<p><strong><em>HASZN\u00c1LJUK OKOSAN A SAJ\u00c1T SZEM\u00c9LYES ADATAINKAT!<\/em><\/strong><\/p>\n<p><strong><em>HASZN\u00c1LJUK SZAB\u00c1LYOSAN M\u00c1SOK SZEM\u00c9LYES ADATAIT!<\/em><\/strong><\/p>\n","protected":false},"excerpt":{"rendered":"<p>Az elm\u00falt h\u00e1rom h\u00e9tben sikeresen \u00e1t\u00e1lltunk a tantermen k\u00edv\u00fcli, digit\u00e1lis munkarendre, ennek sor\u00e1n a tan\u00e1rok \u00e9s a tanul\u00f3t\u00e1rsak sokszor online kapcsolatba ker\u00fclnek egym\u00e1ssal, hang- \u00e9s vide\u00f3k\u00f6zvet\u00edt\u00e9s zajlik k\u00f6z\u00f6tt\u00fck. El\u0151fordulhat, hogy a tan\u00e1r<a class=\"moretag\" href=\"https:\/\/altisk-mlak.edu.hu\/index.php\/utmutato-a-tantermen-kivuli-digitalis-munkarendben-valo-reszvetel-soran-megvalosulo-adatkezeleshez\/\">Read More&#8230;<\/a><\/p>\n","protected":false},"author":1,"featured_media":0,"comment_status":"closed","ping_status":"closed","sticky":false,"template":"","format":"standard","meta":{"two_page_speed":[],"footnotes":""},"categories":[22,24],"tags":[],"class_list":["post-505","post","type-post","status-publish","format-standard","hentry","category-oktatas","category-tajekoztatas"],"_links":{"self":[{"href":"https:\/\/altisk-mlak.edu.hu\/index.php\/wp-json\/wp\/v2\/posts\/505","targetHints":{"allow":["GET"]}}],"collection":[{"href":"https:\/\/altisk-mlak.edu.hu\/index.php\/wp-json\/wp\/v2\/posts"}],"about":[{"href":"https:\/\/altisk-mlak.edu.hu\/index.php\/wp-json\/wp\/v2\/types\/post"}],"author":[{"embeddable":true,"href":"https:\/\/altisk-mlak.edu.hu\/index.php\/wp-json\/wp\/v2\/users\/1"}],"replies":[{"embeddable":true,"href":"https:\/\/altisk-mlak.edu.hu\/index.php\/wp-json\/wp\/v2\/comments?post=505"}],"version-history":[{"count":1,"href":"https:\/\/altisk-mlak.edu.hu\/index.php\/wp-json\/wp\/v2\/posts\/505\/revisions"}],"predecessor-version":[{"id":506,"href":"https:\/\/altisk-mlak.edu.hu\/index.php\/wp-json\/wp\/v2\/posts\/505\/revisions\/506"}],"wp:attachment":[{"href":"https:\/\/altisk-mlak.edu.hu\/index.php\/wp-json\/wp\/v2\/media?parent=505"}],"wp:term":[{"taxonomy":"category","embeddable":true,"href":"https:\/\/altisk-mlak.edu.hu\/index.php\/wp-json\/wp\/v2\/categories?post=505"},{"taxonomy":"post_tag","embeddable":true,"href":"https:\/\/altisk-mlak.edu.hu\/index.php\/wp-json\/wp\/v2\/tags?post=505"}],"curies":[{"name":"wp","href":"https:\/\/api.w.org\/{rel}","templated":true}]}}