{"id":551,"date":"2021-02-25T21:21:19","date_gmt":"2021-02-25T21:21:19","guid":{"rendered":"http:\/\/altisk-mlak.sulinet.hu\/?p=551"},"modified":"2021-05-30T13:12:59","modified_gmt":"2021-05-30T13:12:59","slug":"hit-es-erkolcstannal-kapcsolatos-tajekoztatas","status":"publish","type":"post","link":"https:\/\/altisk-mlak.edu.hu\/index.php\/hit-es-erkolcstannal-kapcsolatos-tajekoztatas\/","title":{"rendered":"Hit- \u00e9s erk\u00f6lcstannal kapcsolatos t\u00e1j\u00e9koztat\u00e1s"},"content":{"rendered":"<p>A nevel\u00e9si-oktat\u00e1si int\u00e9zm\u00e9nyek m\u0171k\u00f6d\u00e9s\u00e9r\u0151l \u00e9s a k\u00f6znevel\u00e9si int\u00e9zm\u00e9nyek n\u00e9vhaszn\u00e1lat\u00e1r\u00f3l<br \/>\nsz\u00f3l\u00f3 20\/2012. (VIII.31) EMMI rendelet 182\/A \u00a7 (1) bekezd\u00e9se \u00e9rtelm\u00e9ben m\u00e1rcius 1. \u00e9s<br \/>\nm\u00e1rcius 14. k\u00f6z\u00f6tt az \u00e1llami fenntart\u00e1s\u00fa \u00e1ltal\u00e1nos iskol\u00e1kban lehet\u0151v\u00e9 kell tenni az egyh\u00e1zi<br \/>\njogi szem\u00e9lyek \u00edr\u00e1sban meghatalmazott k\u00e9pvisel\u0151inek, hogy t\u00e1j\u00e9koztat\u00e1st adhassanak az<br \/>\niskol\u00e1nak, az iskol\u00e1val tanul\u00f3i jogviszonyban \u00e1ll\u00f3 tanul\u00f3knak \u00e9s sz\u00fcleiknek arr\u00f3l, hogy ig\u00e9ny<br \/>\neset\u00e9n a hit-\u00e9s erk\u00f6lcstanoktat\u00e1st milyen m\u00f3don szervezik meg.<!--more--><\/p>\n<p style=\"text-align: justify;\">A mostani j\u00e1rv\u00e1nyhelyzetnek megfelel\u0151en, valamint a 484\/2020. (XI.10.) Korm. rendelet 18 \u00a7<br \/>\n(2) bekezd\u00e9se \u00e9rtelm\u00e9ben a szem\u00e9lyes t\u00e1j\u00e9koztat\u00f3 helyett az egyh\u00e1z k\u00e9pvisel\u0151i online anyagot<br \/>\ntesznek k\u00f6zz\u00e9 az iskola honlapj\u00e1n.<\/p>\n<p style=\"text-align: justify;\">Az online t\u00e1j\u00e9koztat\u00f3k a k\u00f6vetkez\u0151 linken \u00e9rhet\u0151k el:<\/p>\n<p style=\"text-align: justify;\"><a href=\"http:\/\/altisk-mlak.sulinet.hu\/wp-content\/uploads\/2021\/02\/Magyar-Katolikus-Egyh\u00e1z.pdf\" target=\"_blank\" rel=\"noopener\">Magyar Katolikus Egyh\u00e1z<\/a><br \/>\nDr. Tak\u00e1cs Gyula<br \/>\nDr. Sz\u00e9kely J\u00e1nos megy\u00e9s p\u00fcsp\u00f6k:<br \/>\nhttps:\/\/www.youtube.com\/watch?v=djCPg1H5F4Y&amp;t=24s<\/p>\n<p style=\"text-align: justify;\"><a href=\"http:\/\/altisk-mlak.sulinet.hu\/wp-content\/uploads\/2021\/02\/Magyar-Reform\u00e1tus-Egyh\u00e1z.pdf\" target=\"_blank\" rel=\"noopener\">Magyar Reform\u00e1tus Egyh\u00e1z<\/a><br \/>\nSisakn\u00e9 P\u00e1ll Kl\u00e1ra<\/p>\n","protected":false},"excerpt":{"rendered":"<p>A nevel\u00e9si-oktat\u00e1si int\u00e9zm\u00e9nyek m\u0171k\u00f6d\u00e9s\u00e9r\u0151l \u00e9s a k\u00f6znevel\u00e9si int\u00e9zm\u00e9nyek n\u00e9vhaszn\u00e1lat\u00e1r\u00f3l sz\u00f3l\u00f3 20\/2012. (VIII.31) EMMI rendelet 182\/A \u00a7 (1) bekezd\u00e9se \u00e9rtelm\u00e9ben m\u00e1rcius 1. \u00e9s m\u00e1rcius 14. k\u00f6z\u00f6tt az \u00e1llami fenntart\u00e1s\u00fa \u00e1ltal\u00e1nos iskol\u00e1kban lehet\u0151v\u00e9 kell<a class=\"moretag\" href=\"https:\/\/altisk-mlak.edu.hu\/index.php\/hit-es-erkolcstannal-kapcsolatos-tajekoztatas\/\">Read More&#8230;<\/a><\/p>\n","protected":false},"author":1,"featured_media":0,"comment_status":"closed","ping_status":"closed","sticky":false,"template":"","format":"standard","meta":{"two_page_speed":[],"footnotes":""},"categories":[22,24],"tags":[],"class_list":["post-551","post","type-post","status-publish","format-standard","hentry","category-oktatas","category-tajekoztatas"],"_links":{"self":[{"href":"https:\/\/altisk-mlak.edu.hu\/index.php\/wp-json\/wp\/v2\/posts\/551","targetHints":{"allow":["GET"]}}],"collection":[{"href":"https:\/\/altisk-mlak.edu.hu\/index.php\/wp-json\/wp\/v2\/posts"}],"about":[{"href":"https:\/\/altisk-mlak.edu.hu\/index.php\/wp-json\/wp\/v2\/types\/post"}],"author":[{"embeddable":true,"href":"https:\/\/altisk-mlak.edu.hu\/index.php\/wp-json\/wp\/v2\/users\/1"}],"replies":[{"embeddable":true,"href":"https:\/\/altisk-mlak.edu.hu\/index.php\/wp-json\/wp\/v2\/comments?post=551"}],"version-history":[{"count":5,"href":"https:\/\/altisk-mlak.edu.hu\/index.php\/wp-json\/wp\/v2\/posts\/551\/revisions"}],"predecessor-version":[{"id":558,"href":"https:\/\/altisk-mlak.edu.hu\/index.php\/wp-json\/wp\/v2\/posts\/551\/revisions\/558"}],"wp:attachment":[{"href":"https:\/\/altisk-mlak.edu.hu\/index.php\/wp-json\/wp\/v2\/media?parent=551"}],"wp:term":[{"taxonomy":"category","embeddable":true,"href":"https:\/\/altisk-mlak.edu.hu\/index.php\/wp-json\/wp\/v2\/categories?post=551"},{"taxonomy":"post_tag","embeddable":true,"href":"https:\/\/altisk-mlak.edu.hu\/index.php\/wp-json\/wp\/v2\/tags?post=551"}],"curies":[{"name":"wp","href":"https:\/\/api.w.org\/{rel}","templated":true}]}}