{"id":560,"date":"2021-04-12T19:10:52","date_gmt":"2021-04-12T19:10:52","guid":{"rendered":"http:\/\/altisk-mlak.sulinet.hu\/?p=560"},"modified":"2021-05-30T13:12:44","modified_gmt":"2021-05-30T13:12:44","slug":"tajekoztatas-a-2021-2022-tanevi-altalanos-iskolai-beiratkozasrol","status":"publish","type":"post","link":"https:\/\/altisk-mlak.edu.hu\/index.php\/tajekoztatas-a-2021-2022-tanevi-altalanos-iskolai-beiratkozasrol\/","title":{"rendered":"T\u00c1J\u00c9KOZTAT\u00c1S A 2021\/2022. TAN\u00c9VI \u00c1LTAL\u00c1NOS ISKOLAI BEIRATKOZ\u00c1SR\u00d3L"},"content":{"rendered":"<h2>T\u00c1J\u00c9KOZTAT\u00c1S A 2021\/2022. TAN\u00c9VI \u00c1LTAL\u00c1NOS ISKOLAI BEIRATKOZ\u00c1SR\u00d3L<\/h2>\n<p>TISZTELT SZ\u00dcL\u0150\/ T\u00d6RV\u00c9NYES K\u00c9PVISEL\u0150!<\/p>\n<p>T\u00e1j\u00e9koztatom, hogy a kihirdetett vesz\u00e9lyhelyzetre tekintettel a 2021\/2022. tan\u00edt\u00e1si \u00e9vre t\u00f6rt\u00e9n\u0151 \u00e1ltal\u00e1nos iskolai beiratkoz\u00e1s sor\u00e1n nemcsak szem\u00e9lyes, hanem online \u00faton is lehet\u0151s\u00e9g van be\u00edratni a tank\u00f6teles korba l\u00e9p\u0151 gyermek\u00e9t.<\/p>\n<p>Az \u00e1ltal\u00e1nos iskola els\u0151 \u00e9vfolyam\u00e1ra t\u00f6rt\u00e9n\u0151 jelentkez\u00e9s\u00e9nek elektronikus, online form\u00e1j\u00e1ra 2021. \u00e1prilis 10-t\u0151l ny\u00edlik meg az informatikai lehet\u0151s\u00e9g a KR\u00c9TA rendszer fel\u00fclet\u00e9n kereszt\u00fcl: <a href=\"https:\/\/eugyintezes.e-kreta.hu\/kezdolap\">https:\/\/eugyintezes.e-kreta.hu\/kezdolap<\/a>.<\/p>\n<p>Az e-\u00dcgyint\u00e9z\u00e9s \u201eBeiratkoz\u00e1s \u00c1ltal\u00e1nos Iskol\u00e1ba (B\u00c1I)\u201d fel\u00fclet 2021. \u00e1prilis 16-\u00e1n \u00e9jf\u00e9lig van nyitva. A fel\u00fclet haszn\u00e1lat\u00e1val kapcsolatos le\u00edr\u00e1st a k\u00f6vetkez\u0151 el\u00e9rhet\u0151s\u00e9gen tal\u00e1l: <a href=\"https:\/\/tudasbazis.ekreta.hu\/pages\/viewpage.action?pageId=17761106\">https:\/\/tudasbazis.ekreta.hu\/pages\/viewpage.action?pageId=17761106<\/a> Tekintettel a vesz\u00e9lyhelyzetre, javasoljuk, hogy \u00e9ljenek ezzel a lehet\u0151s\u00e9ggel, amely nemcsak biztons\u00e1gos, hanem k\u00e9nyelmesebb is az \u00d6n sz\u00e1m\u00e1ra.<\/p>\n<p>Amennyiben m\u00f3dos\u00edtani k\u00edv\u00e1n a m\u00e1r elektronikusan bek\u00fcld\u00f6tt adatokon, akkor ezt \u00fagy teheti meg, hogy jelzi (telefonon, e-mailben, az int\u00e9zm\u00e9ny \u00e1ltal meghat\u00e1rozott m\u00f3don) az adott int\u00e9zm\u00e9ny r\u00e9sz\u00e9re a visszavon\u00e1si vagy adatm\u00f3dos\u00edt\u00e1si sz\u00e1nd\u00e9k\u00e1t. Az adatok m\u00f3dos\u00edt\u00e1s\u00e1t az int\u00e9zm\u00e9ny a KR\u00c9TA fel\u00fclet\u00e9n a k\u00e9r\u00e9s alapj\u00e1n elv\u00e9gzi.<br \/>\nAmennyiben visszavonja gyermeke jelentkez\u00e9s\u00e9t, ennek k\u00f6vetkezm\u00e9nyek\u00e9nt a B\u00c1I fel\u00fcleten az iskola a beny\u00fajtott jelentkez\u00e9sre a sz\u00fcl\u0151 k\u00e9r\u00e9se alapj\u00e1n elutas\u00edt\u00f3 hat\u00e1rozatot hoz, (hangs\u00falyozzuk, hogy ez nem a gyermek\u00e9nek felv\u00e9tel\u00e9r\u0151l sz\u00f3l\u00f3 elutas\u00edt\u00f3 hat\u00e1rozat!) \u00e9s az int\u00e9zm\u00e9ny saj\u00e1t rendszer\u00e9ben a gyermek adatait a \u201eBeiratkoz\u00e1s visszavonva\u201d st\u00e1tuszba \u00e1ll\u00edtja. Ezen m\u0171veletek elv\u00e9gz\u00e9s\u00e9t k\u00f6vet\u0151en \u00d6n ism\u00e9t be tudja ny\u00fajtani gyermeke jelentkez\u00e9s\u00e9t m\u00e1sik iskol\u00e1ba.<\/p>\n<p>Amennyiben \u00d6n nem a lak\u00f3helye vagy tart\u00f3zkod\u00e1si helye szerinti k\u00f6rzetes iskol\u00e1ba \u00edratn\u00e1 be a gyermek\u00e9t, akkor is meg kell adnia a k\u00f6telez\u0151 felv\u00e9telt biztos\u00edt\u00f3 \u00e1ltal\u00e1nos iskola nev\u00e9t \u00e9s c\u00edm\u00e9t is a jelentkez\u00e9se sor\u00e1n.<\/p>\n<p>Ak\u00e1r k\u00f6rzetes, ak\u00e1r nem k\u00f6rzetes iskol\u00e1ba k\u00edv\u00e1nja be\u00edratni gyermek\u00e9t, mindenk\u00e9ppen jelentkeznie kell az \u00e1ltal\u00e1nos iskol\u00e1n\u00e1l, amely jelentkez\u00e9s a fent jelzett online m\u00f3don vagy szem\u00e9lyesen t\u00f6rt\u00e9nhet meg.<\/p>\n<p>Az online beiratkoz\u00e1s eset\u00e9n a beiratkoz\u00e1shoz sz\u00fcks\u00e9ges eredeti dokumentumok bemutat\u00e1s\u00e1ra a 2021\/2022. tan\u00e9v els\u0151 napj\u00e1ig (2021. szeptember 1.) ker\u00fclhet sor.<\/p>\n<p>A beiratkoz\u00e1s adatainak felv\u00e9tele indokolt esetben, a beiratkoz\u00e1st lefolytat\u00f3 iskola \u00e1ltal szab\u00e1lyozott m\u00f3don, szem\u00e9lyesen is megt\u00f6rt\u00e9nhet 2021. \u00e1prilis 15-\u00e9n \u00e9s 16-\u00e1n a j\u00e1rv\u00e1ny\u00fcgyi vesz\u00e9lyhelyzet miatt megk\u00f6vetelt eg\u00e9szs\u00e9g\u00fcgyi szab\u00e1lyok szigor\u00fa betart\u00e1sa mellett.<\/p>\n<p>Ez iskol\u00e1nkban a k\u00f6vetkez\u0151k\u00e9ppen alakul:<\/p>\n<ul>\n<li>a bej\u00e1ratn\u00e1l k\u00e9zfert\u0151tlen\u00edt\u00e9si lehet\u0151s\u00e9g biztos\u00edtott,<\/li>\n<li>t\u00f6reksz\u00fcnk a biztons\u00e1gos t\u00e1vols\u00e1g megtart\u00e1s\u00e1ra,<\/li>\n<li>a be\u00edrat\u00e1sn\u00e1l haszn\u00e1lt \u00edr\u00f3eszk\u00f6z\u00f6ket folyamatosan fert\u0151tlen\u00edtik az iskola munkat\u00e1rsai,<\/li>\n<li>sz\u00e1jmaszk szab\u00e1lyos visel\u00e9se a be\u00edrat\u00e1s helyis\u00e9g\u00e9ben is k\u00f6telez\u0151.<\/li>\n<\/ul>\n<p>A beiratkoz\u00e1s ideje: 2021. \u00e1prilis 15. (cs\u00fct\u00f6rt\u00f6k) 8- 19 \u00f3r\u00e1ig 2021. \u00e1prilis 16. (p\u00e9ntek) 8-19 \u00f3r\u00e1ig<\/p>\n<p>A beiratkoz\u00e1s helye (a r\u00e1bagyarmati telephelyre beiratkozni sz\u00e1nd\u00e9koz\u00f3k eset\u00e9ben is): 9963 Magyarlak Kossuth Lajos 236. \u00dcgyint\u00e9z\u0151 irod\u00e1ja (f\u00f6ldszint, a parkol\u00f3 fel\u00f6li oldalajt\u00f3n \u00e1t \u00e9rhet\u0151 el)<\/p>\n<p>Az iskola el\u00e9rhet\u0151s\u00e9ge: telefon: 06 30\/361 37 34 e-mail: altiskmagyarlak@gmail.com<\/p>\n<p>Ak\u00e1r online, ak\u00e1r szem\u00e9lyesen t\u00f6rt\u00e9nt a jelentkez\u00e9se az iskol\u00e1ba, a k\u00f6rzettel nem rendelkez\u0151 \u00e1ltal\u00e1nos iskolai oszt\u00e1lyok tekintet\u00e9ben, tov\u00e1bb\u00e1 a k\u00f6rzettel rendelkez\u0151 iskol\u00e1kba jelentkez\u0151, nem k\u00f6rzetes gyermekek eset\u00e9ben legk\u00e9s\u0151bb 2021. \u00e1prilis 23-ig d\u00f6ntenek a gyermekek felv\u00e9tel\u00e9r\u0151l \u00e9s ezut\u00e1n k\u00fcldik a t\u00e1j\u00e9koztat\u00e1st \u00d6nnek.<\/p>\n<p>A beiratkoz\u00e1si elj\u00e1r\u00e1s sor\u00e1n vagy annak lez\u00e1r\u00e1sa ut\u00e1n legk\u00e9s\u0151bb k\u00e9t h\u00e9ten bel\u00fcl \u00d6nnek nyilatkoznia kell arr\u00f3l, hogy gyermeke sz\u00e1m\u00e1ra hit- \u00e9s erk\u00f6lcstan vagy etika \u00f3r\u00e1t v\u00e1lasztja. A hit- \u00e9s erk\u00f6lcstan tant\u00e1rgy v\u00e1laszt\u00e1sa eset\u00e9n meg kell jel\u00f6lnie, hogy melyik egyh\u00e1z hit- \u00e9s erk\u00f6lcstan oktat\u00e1s\u00e1nak megszervez\u00e9s\u00e9t k\u00e9ri majd gyermeke sz\u00e1m\u00e1ra. Az iskola a hit- \u00e9s erk\u00f6lcstan oktat\u00e1ssal kapcsolatos, az egyh\u00e1zakt\u00f3l kapott inform\u00e1ci\u00f3kat felt\u00fcnteti a honlapj\u00e1n.<\/p>\n<p>A beiratkoz\u00e1shoz sz\u00fcks\u00e9ges dokumentumok, adatok megad\u00e1sa kapcs\u00e1n \u00d6n seg\u00edts\u00e9get k\u00e9rhet a gyermeke \u00f3vod\u00e1j\u00e1t\u00f3l \u2013 \u00f3voda OM azonos\u00edtja, gyermek\u00fck oktat\u00e1si azonos\u00edt\u00f3ja tekintet\u00e9ben. Term\u00e9szetesen iskol\u00e1nk fenntart\u00f3ja, a Szombathelyi Tanker\u00fcleti K\u00f6zpont is rendelkez\u00e9sre \u00e1ll a k\u00f6rzetes iskol\u00e1kkal kapcsolatos inform\u00e1ci\u00f3k, az online vagy a szem\u00e9lyes beiratkoz\u00e1s rendj\u00e9vel kapcsolatos k\u00e9rd\u00e9sek eset\u00e9n.<\/p>\n<p>Magyarlak, 2021. m\u00e1rcius 30.<\/p>\n<p><em>Kov\u00e1cs Zsuzsanna<\/em><br \/>\nmegb\u00edzott tagint\u00e9zm\u00e9ny-vezet\u0151<\/p>\n<h2>Iskol\u00e1nk felv\u00e9teli k\u00f6rzete a 2021\/2022. tan\u00e9vre<\/h2>\n<p>A Szentgotth\u00e1rd \u00e9s t\u00e9rs\u00e9ge \u00c1ltal\u00e1nos Iskola \u00e9s Gimn\u00e1zium Magyarlak- Cs\u00f6r\u00f6tnek \u00c1ltal\u00e1nos Iskol\u00e1ja felv\u00e9teli k\u00f6rzet\u00e9t a Szombathelyi Tanker\u00fcleti K\u00f6zpont a nemzeti k\u00f6znevel\u00e9sr\u0151l sz\u00f3l\u00f3 2011. \u00e9vi CXC. t\u00f6rv\u00e9ny 50.\u00a7 (8) bekezd\u00e9s\u00e9nek felhaszn\u00e1l\u00e1sa alapj\u00e1n a 2021\/2022. tan\u00e9vre az al\u00e1bbiak szerint hat\u00e1rozta meg:<\/p>\n<p>(OM azonos\u00edt\u00f3: 200627)<br \/>\nSzentgotth\u00e1rd \u00e9s T\u00e9rs\u00e9ge \u00c1ltal\u00e1nos Iskola Magyarlak- Cs\u00f6r\u00f6tnek \u00c1ltal\u00e1nos Iskol\u00e1ja (1-8. \u00e9vfolyam)<br \/>\n(9963 Magyarlak, Kossuth Lajos \u00fat 236.)<br \/>\nBeiskol\u00e1z\u00e1si k\u00f6rzete: Magyarlak, Cs\u00f6r\u00f6tnek.<br \/>\nK\u00f6telez\u0151 felv\u00e9telt biztos\u00edt\u00f3 iskola R\u00e1bagyarmat 5-8. \u00e9vfolyamos tanul\u00f3inak \u00e1tv\u00e9tele eset\u00e9n<\/p>\n<p>(OM azonos\u00edt\u00f3: 200627)<br \/>\nSzentgotth\u00e1rd \u00e9s T\u00e9rs\u00e9ge \u00c1ltal\u00e1nos Iskola Magyarlak- Cs\u00f6r\u00f6tnek \u00c1ltal\u00e1nos Iskol\u00e1j\u00e1nak R\u00e1bagyarmati Telephelye (1-4. \u00e9vfolyam)<br \/>\n(9961 R\u00e1bagyarmat V\u00e1ros \u00fat 1.)<br \/>\nBeiskol\u00e1z\u00e1si k\u00f6rzete: R\u00e1bagyarmat<\/p>\n","protected":false},"excerpt":{"rendered":"<p>T\u00c1J\u00c9KOZTAT\u00c1S A 2021\/2022. TAN\u00c9VI \u00c1LTAL\u00c1NOS ISKOLAI BEIRATKOZ\u00c1SR\u00d3L TISZTELT SZ\u00dcL\u0150\/ T\u00d6RV\u00c9NYES K\u00c9PVISEL\u0150! T\u00e1j\u00e9koztatom, hogy a kihirdetett vesz\u00e9lyhelyzetre tekintettel a 2021\/2022. tan\u00edt\u00e1si \u00e9vre t\u00f6rt\u00e9n\u0151 \u00e1ltal\u00e1nos iskolai beiratkoz\u00e1s sor\u00e1n nemcsak szem\u00e9lyes, hanem online \u00faton is<a class=\"moretag\" href=\"https:\/\/altisk-mlak.edu.hu\/index.php\/tajekoztatas-a-2021-2022-tanevi-altalanos-iskolai-beiratkozasrol\/\">Read More&#8230;<\/a><\/p>\n","protected":false},"author":1,"featured_media":0,"comment_status":"closed","ping_status":"closed","sticky":false,"template":"","format":"standard","meta":{"two_page_speed":[],"footnotes":""},"categories":[22,24],"tags":[],"class_list":["post-560","post","type-post","status-publish","format-standard","hentry","category-oktatas","category-tajekoztatas"],"_links":{"self":[{"href":"https:\/\/altisk-mlak.edu.hu\/index.php\/wp-json\/wp\/v2\/posts\/560","targetHints":{"allow":["GET"]}}],"collection":[{"href":"https:\/\/altisk-mlak.edu.hu\/index.php\/wp-json\/wp\/v2\/posts"}],"about":[{"href":"https:\/\/altisk-mlak.edu.hu\/index.php\/wp-json\/wp\/v2\/types\/post"}],"author":[{"embeddable":true,"href":"https:\/\/altisk-mlak.edu.hu\/index.php\/wp-json\/wp\/v2\/users\/1"}],"replies":[{"embeddable":true,"href":"https:\/\/altisk-mlak.edu.hu\/index.php\/wp-json\/wp\/v2\/comments?post=560"}],"version-history":[{"count":3,"href":"https:\/\/altisk-mlak.edu.hu\/index.php\/wp-json\/wp\/v2\/posts\/560\/revisions"}],"predecessor-version":[{"id":563,"href":"https:\/\/altisk-mlak.edu.hu\/index.php\/wp-json\/wp\/v2\/posts\/560\/revisions\/563"}],"wp:attachment":[{"href":"https:\/\/altisk-mlak.edu.hu\/index.php\/wp-json\/wp\/v2\/media?parent=560"}],"wp:term":[{"taxonomy":"category","embeddable":true,"href":"https:\/\/altisk-mlak.edu.hu\/index.php\/wp-json\/wp\/v2\/categories?post=560"},{"taxonomy":"post_tag","embeddable":true,"href":"https:\/\/altisk-mlak.edu.hu\/index.php\/wp-json\/wp\/v2\/tags?post=560"}],"curies":[{"name":"wp","href":"https:\/\/api.w.org\/{rel}","templated":true}]}}