{"id":570,"date":"2021-04-23T12:36:19","date_gmt":"2021-04-23T12:36:19","guid":{"rendered":"https:\/\/altisk-mlak.edu.hu\/?p=570"},"modified":"2021-05-30T13:12:17","modified_gmt":"2021-05-30T13:12:17","slug":"a-vas-megyei-kereskedelmi-es-iparkamara-online-szuloi-ertekezleteket-szervez","status":"publish","type":"post","link":"https:\/\/altisk-mlak.edu.hu\/index.php\/a-vas-megyei-kereskedelmi-es-iparkamara-online-szuloi-ertekezleteket-szervez\/","title":{"rendered":"A Vas Megyei Kereskedelmi \u00e9s Iparkamara online sz\u00fcl\u0151i \u00e9rtekezleteket szervez"},"content":{"rendered":"\n<p>Tisztelt Sz\u00fcl\u0151k!<\/p>\n\n\n\n<p><br>A meg\u00fajul\u00f3 szakk\u00e9pz\u00e9si rendszerben \u00faj szeml\u00e9let\u0171 oktat\u00e1st vezettek be 2020. szeptember 1-j\u00e9t\u0151l felmen\u0151 rendszerben.<br>A Vas Megyei Kereskedelmi \u00e9s Iparkamara online sz\u00fcl\u0151i \u00e9rtekezleteket szervez \u00e1ltal\u00e1nos iskola 8. oszt\u00e1lyos tanul\u00f3k sz\u00fclei r\u00e9sz\u00e9re, hogy seg\u00edtse az \u00faj szakk\u00e9pz\u00e9si rendszer megismer\u00e9s\u00e9t. Amennyiben gyermeke felv\u00e9telt nyert b\u00e1rmelyik szakk\u00e9pz\u0151 iskol\u00e1ba vagy technikumba, akkor az online \u00e9rtekezleten elhangz\u00f3 inform\u00e1ci\u00f3k hasznosak lehetnek. Mi v\u00e1r a tanul\u00f3kra, mire k\u00e9sz\u00fcljenek, milyen az \u00faj szakk\u00e9pz\u00e9si rendszer, hogyan alakulnak a vizsg\u00e1k, mikor kapnak \u00f6szt\u00f6nd\u00edjat? Ezekre a k\u00e9rd\u00e9sekre v\u00e1laszolunk!<br>A sz\u00fcl\u0151i \u00e9rtekezleteket \u00e1gazatok szerinti megoszt\u00e1sban a k\u00f6vetkez\u0151 id\u0151pontokban tartjuk:<\/p>\n\n\n\n<ul class=\"wp-block-list\" start=\"2021\"><li><strong>2021. m\u00e1jus 3. 17 \u00f3ra<\/strong> Turizmus-vend\u00e9gl\u00e1t\u00e1s\/Kereskedelem\/Mez\u0151gazdas\u00e1g \u00e9s erd\u00e9szet \u00e1gazat<\/li><li><strong>2021. m\u00e1jus 4. 17 \u00f3ra<\/strong> \u00c9p\u00edt\u0151ipar\/Fa- \u00e9s B\u00fatoripar\/Informatika \u00e9s t\u00e1vk\u00f6zl\u00e9s \u00e1gazat<\/li><li><strong>2021. m\u00e1jus 5. 17 \u00f3ra<\/strong> K\u00f6zleked\u00e9s-sz\u00e1ll\u00edtm\u00e1nyoz\u00e1s\/Elektronika-\u00e9s elektrotechnika \u00e1gazat<\/li><li><strong>2021. m\u00e1jus 6. 17 \u00f3ra<\/strong> Szoci\u00e1lis\/Gazd\u00e1lkod\u00e1s \u00e9s menedzsment \u00e1gazat<\/li><li><strong>2021. m\u00e1jus 10. 17 \u00f3ra<\/strong> G\u00e9p\u00e9szet\/\u00c9p\u00fcletg\u00e9p\u00e9szet\/Specializ\u00e1lt g\u00e9p-\u00e9s j\u00e1rm\u0171gy\u00e1rt\u00e1s \u00e1gazt<\/li><li><strong>2021. m\u00e1jus 11. 17 \u00f3ra<\/strong> Kreat\u00edv\/Sport\/Sz\u00e9p\u00e9szet\/Eg\u00e9szs\u00e9g\u00fcgyi Technika\/Pedag\u00f3gia \u00e1gazat<br><br>A k\u00fcld\u00f6tt mell\u00e9klet seg\u00edti az \u00e1gazat kiv\u00e1laszt\u00e1s\u00e1t!<br>A sz\u00fcl\u0151 \u00e9rtekezlet t\u00e9m\u00e1ja:<\/li><\/ul>\n\n\n\n<ul>\n<li>\u00daj szakk\u00e9pz\u00e9si rendszer \u00e1ltal\u00e1nos ismertet\u00e9se<\/li>\n<li>Vizsg\u00e1k az \u00faj szakk\u00e9pz\u00e9si rendszerben<\/li>\n<li>\u00d6szt\u00f6nd\u00edj- \u00e9s t\u00e1mogat\u00e1si rendszer<\/li>\n<li>Du\u00e1lis k\u00e9pz\u00e9s<\/li>\n<li>Szakk\u00e9pz\u00e9si munkaszerz\u0151d\u00e9s<\/li>\n<li>Du\u00e1lis k\u00e9pz\u0151hely keres\u00e9s m\u00f3dja<\/li>\n<\/ul>\n<p>R\u00e9szv\u00e9teli sz\u00e1nd\u00e9k\u00e1t k\u00e9rj\u00fck az al\u00e1bbi \u0171rlapon jelezze:<br \/><a href=\"https:\/\/docs.google.com\/forms\/d\/1hPgagS47Q7z6K8aS9CE6PpAhEs5Ozcle1q8DAHYObCw\/edit\" target=\"_blank\" rel=\"noopener\">https:\/\/docs.google.com\/forms\/d\/1hPgagS47Q7z6K8aS9CE6PpAhEs5Ozcle1q8DAHYObCw\/edit<\/a><br \/>Jelentkez\u00e9si hat\u00e1rid\u0151: 2021. \u00e1prilis 30. 12 \u00f3ra<\/p>\n","protected":false},"excerpt":{"rendered":"<p>Tisztelt Sz\u00fcl\u0151k! A meg\u00fajul\u00f3 szakk\u00e9pz\u00e9si rendszerben \u00faj szeml\u00e9let\u0171 oktat\u00e1st vezettek be 2020. szeptember 1-j\u00e9t\u0151l felmen\u0151 rendszerben.A Vas Megyei Kereskedelmi \u00e9s Iparkamara online sz\u00fcl\u0151i \u00e9rtekezleteket szervez \u00e1ltal\u00e1nos iskola 8. oszt\u00e1lyos tanul\u00f3k sz\u00fclei r\u00e9sz\u00e9re,<a class=\"moretag\" href=\"https:\/\/altisk-mlak.edu.hu\/index.php\/a-vas-megyei-kereskedelmi-es-iparkamara-online-szuloi-ertekezleteket-szervez\/\">Read More&#8230;<\/a><\/p>\n","protected":false},"author":1,"featured_media":0,"comment_status":"closed","ping_status":"closed","sticky":false,"template":"","format":"standard","meta":{"two_page_speed":[],"footnotes":""},"categories":[23],"tags":[],"class_list":["post-570","post","type-post","status-publish","format-standard","hentry","category-esemeny"],"_links":{"self":[{"href":"https:\/\/altisk-mlak.edu.hu\/index.php\/wp-json\/wp\/v2\/posts\/570","targetHints":{"allow":["GET"]}}],"collection":[{"href":"https:\/\/altisk-mlak.edu.hu\/index.php\/wp-json\/wp\/v2\/posts"}],"about":[{"href":"https:\/\/altisk-mlak.edu.hu\/index.php\/wp-json\/wp\/v2\/types\/post"}],"author":[{"embeddable":true,"href":"https:\/\/altisk-mlak.edu.hu\/index.php\/wp-json\/wp\/v2\/users\/1"}],"replies":[{"embeddable":true,"href":"https:\/\/altisk-mlak.edu.hu\/index.php\/wp-json\/wp\/v2\/comments?post=570"}],"version-history":[{"count":1,"href":"https:\/\/altisk-mlak.edu.hu\/index.php\/wp-json\/wp\/v2\/posts\/570\/revisions"}],"predecessor-version":[{"id":571,"href":"https:\/\/altisk-mlak.edu.hu\/index.php\/wp-json\/wp\/v2\/posts\/570\/revisions\/571"}],"wp:attachment":[{"href":"https:\/\/altisk-mlak.edu.hu\/index.php\/wp-json\/wp\/v2\/media?parent=570"}],"wp:term":[{"taxonomy":"category","embeddable":true,"href":"https:\/\/altisk-mlak.edu.hu\/index.php\/wp-json\/wp\/v2\/categories?post=570"},{"taxonomy":"post_tag","embeddable":true,"href":"https:\/\/altisk-mlak.edu.hu\/index.php\/wp-json\/wp\/v2\/tags?post=570"}],"curies":[{"name":"wp","href":"https:\/\/api.w.org\/{rel}","templated":true}]}}