{"id":642,"date":"2019-12-20T13:24:00","date_gmt":"2019-12-20T13:24:00","guid":{"rendered":"https:\/\/altisk-mlak.edu.hu\/?p=642"},"modified":"2021-05-30T16:27:58","modified_gmt":"2021-05-30T16:27:58","slug":"oroksegunk-halozat-epitese-tananyagfejlesztessel","status":"publish","type":"post","link":"https:\/\/altisk-mlak.edu.hu\/index.php\/oroksegunk-halozat-epitese-tananyagfejlesztessel\/","title":{"rendered":"\u201e\u00d6r\u00f6ks\u00e9g\u00fcnk\u201d h\u00e1l\u00f3zat \u00e9p\u00edt\u00e9se tananyagfejleszt\u00e9ssel"},"content":{"rendered":"<p style=\"text-align: justify;\">Magyarlak-Cs\u00f6r\u00f6tnek \u00c1ltal\u00e1nos Iskol\u00e1ja 2019 december\u00e9ben b\u00e1zisint\u00e9zm\u00e9nyi szerepet v\u00e1llalt az \u201e\u00d6r\u00f6ks\u00e9g\u00fcnk\u201d h\u00e1l\u00f3zat \u00e9p\u00edt\u00e9se a Nyugat-Dun\u00e1nt\u00falon c. Leader-projektben. A p\u00e1ly\u00e1zati lehet\u0151s\u00e9get Kocsis Zsolt, Cs\u00f6r\u00f6tnek polg\u00e1rmestere aj\u00e1nlotta a tagint\u00e9zm\u00e9ny figyelm\u00e9be, aki nyomban a kezdem\u00e9nyez\u00e9s \u00e9l\u00e9re is \u00e1llt. A program gesztora az Alpokalja\u00ad-Fert\u0151 t\u00e1j Vid\u00e9kfejleszt\u00e9si Egyes\u00fclet P\u00e1lin\u00e9 Keller Csilla ir\u00e1ny\u00edt\u00e1s\u00e1val, partnerek: Cs\u00f6r\u00f6tnek K\u00f6zs\u00e9g \u00d6nkorm\u00e1nyzata \u00e9s Pannon Kapu Kultur\u00e1lis Egyes\u00fclet. A projekt megval\u00f3sul\u00e1s\u00e1t Wellner Andrea, a Soproni SzC Porp\u00e1czy Alad\u00e1r Szakk\u00e9pz\u0151 Iskol\u00e1ja, Koll\u00e9giuma \u00e9s \u00c1MK-ja igazgat\u00f3n\u0151je mint szakmai mentor seg\u00edti. A projektmenedzseri feladatot iskol\u00e1nk egykori di\u00e1kja, Pap Eszter l\u00e1tja el, a szakmai munk\u00e1\u00e9rt Mezein\u00e9 Kiss Katalin tan\u00e1rn\u0151 felel. A helyi \u00edr\u00f3csoportot Kov\u00e1cs Zsuzsanna tagint\u00e9zm\u00e9nyvezet\u0151 koordin\u00e1lja.<\/p>\n<p style=\"text-align: justify;\">A projekt els\u0151dleges feladata olyan speci\u00e1lis interakt\u00edv tananyag fejleszt\u00e9se a hetedik \u00e9vfolyamos tanul\u00f3k sz\u00e1m\u00e1ra, amely fel\u00f6leli a n\u00e9gy mikrot\u00e9rs\u00e9g (\u0150rs\u00e9g, Vendvid\u00e9k, R\u00e1ba-v\u00f6lgye, Szentgotth\u00e1rd) t\u00f6rt\u00e9nelm\u00e9t, f\u00f6ldrajz\u00e1t, \u00e9p\u00edt\u00e9szeti \u00e9rt\u00e9keit, hagyom\u00e1nyait, gasztron\u00f3mi\u00e1j\u00e1t, h\u00edres sz\u00fcl\u00f6tteit, turisztikai attrakci\u00f3j\u00e1t \u00e9s egy\u00e9b saj\u00e1toss\u00e1gait. Az \u00edr\u00f3csoportok \u00e1ltal \u00f6sszegy\u0171jt\u00f6tt anyagokb\u00f3l t\u00e9mah\u00e9t-munkaf\u00fczetet adunk ki, amely \u00f6t tan\u00edt\u00e1si nap alatt illetve projekth\u00e9t keret\u00e9ben abszolv\u00e1lhat\u00f3. &nbsp;A k\u00eds\u00e9rleti \u00e9s az \u00e9les t\u00e9mah\u00e9t k\u00f6z\u00f6s z\u00e1r\u00f3 alkalommal (f\u00f3rum, fesztiv\u00e1l, kir\u00e1ndul\u00e1s) z\u00e1rul. A projekt keret\u00e9ben sor ker\u00fcl pedag\u00f3gus-tov\u00e1bbk\u00e9pz\u00e9sre, valamint szakmai \u00fatra Hej\u0151kereszt\u00farra a KIP-program (csoportmunka-szervez\u00e9sen alapul\u00f3 tan\u00edt\u00e1si m\u00f3dszer, amely eredm\u00e9nyesen alkalmazhat\u00f3 a tanul\u00f3k motiv\u00e1l\u00e1s\u00e1hoz, tud\u00e1sszintj\u00fck emel\u00e9s\u00e9hez) megismer\u00e9se c\u00e9lj\u00e1b\u00f3l.<\/p>\n<p style=\"text-align: center;\"><img fetchpriority=\"high\" decoding=\"async\" class=\"wp-image-447 alignleft\" src=\"https:\/\/altisk-mlak.edu.hu\/wp-content\/uploads\/2020\/03\/3-300x225.jpg\" alt=\"\" width=\"400\" height=\"300\" srcset=\"https:\/\/altisk-mlak.edu.hu\/wp-content\/uploads\/2020\/03\/3-300x225.jpg 300w, https:\/\/altisk-mlak.edu.hu\/wp-content\/uploads\/2020\/03\/3-768x576.jpg 768w, https:\/\/altisk-mlak.edu.hu\/wp-content\/uploads\/2020\/03\/3.jpg 960w\" sizes=\"(max-width: 400px) 100vw, 400px\" \/><\/p>\n<p style=\"text-align: justify;\">A Magyarlak-Cs\u00f6r\u00f6tnek \u00c1ltal\u00e1nos Iskola mint \u00f6koiskola c\u00e9lja a programban val\u00f3 akt\u00edv k\u00f6zrem\u0171k\u00f6d\u00e9ssel: az \u00e1ltal\u00e1nos iskol\u00e1s koroszt\u00e1ly\u00fa gyermekek k\u00f6r\u00e9ben a helyi identit\u00e1s er\u0151s\u00edt\u00e9se; sz\u00e9lesebb k\u00f6r\u0171 tud\u00e1s \u00e1tad\u00e1sa rendhagy\u00f3 pedag\u00f3giai m\u00f3dszerekkel, szem\u00e9lyes tal\u00e1lkoz\u00e1sok \u00e9s tapasztal\u00e1sok \u00e1ltal. A munkaf\u00fczet nemcsak a tanul\u00f3knak sz\u00f3l, hanem a csal\u00e1dok \u00e9s a helyi k\u00f6z\u00f6ss\u00e9gek is lapozhatj\u00e1k, \u00e9s \u00fatra kelhetnek egy\u00fctt felfedezni \u00e9rt\u00e9keinket. A szakmai m\u0171helytal\u00e1lkoz\u00f3k hozz\u00e1j\u00e1rulnak tov\u00e1bb\u00e1 a t\u00e9rs\u00e9gen bel\u00fcli \u00e9s t\u00e9rs\u00e9gek k\u00f6z\u00f6tti pedag\u00f3gush\u00e1l\u00f3zat er\u0151s\u00f6d\u00e9s\u00e9hez is.<\/p>\n","protected":false},"excerpt":{"rendered":"<p>Magyarlak-Cs\u00f6r\u00f6tnek \u00c1ltal\u00e1nos Iskol\u00e1ja 2019 december\u00e9ben b\u00e1zisint\u00e9zm\u00e9nyi szerepet v\u00e1llalt az \u201e\u00d6r\u00f6ks\u00e9g\u00fcnk\u201d h\u00e1l\u00f3zat \u00e9p\u00edt\u00e9se a Nyugat-Dun\u00e1nt\u00falon c. Leader-projektben. A p\u00e1ly\u00e1zati lehet\u0151s\u00e9get Kocsis Zsolt, Cs\u00f6r\u00f6tnek polg\u00e1rmestere aj\u00e1nlotta a tagint\u00e9zm\u00e9ny figyelm\u00e9be, aki nyomban a kezdem\u00e9nyez\u00e9s \u00e9l\u00e9re<a class=\"moretag\" href=\"https:\/\/altisk-mlak.edu.hu\/index.php\/oroksegunk-halozat-epitese-tananyagfejlesztessel\/\">Read More&#8230;<\/a><\/p>\n","protected":false},"author":1,"featured_media":448,"comment_status":"closed","ping_status":"closed","sticky":false,"template":"","format":"standard","meta":{"two_page_speed":[],"footnotes":""},"categories":[23,21],"tags":[],"class_list":["post-642","post","type-post","status-publish","format-standard","has-post-thumbnail","hentry","category-esemeny","category-okoiskola"],"_links":{"self":[{"href":"https:\/\/altisk-mlak.edu.hu\/index.php\/wp-json\/wp\/v2\/posts\/642","targetHints":{"allow":["GET"]}}],"collection":[{"href":"https:\/\/altisk-mlak.edu.hu\/index.php\/wp-json\/wp\/v2\/posts"}],"about":[{"href":"https:\/\/altisk-mlak.edu.hu\/index.php\/wp-json\/wp\/v2\/types\/post"}],"author":[{"embeddable":true,"href":"https:\/\/altisk-mlak.edu.hu\/index.php\/wp-json\/wp\/v2\/users\/1"}],"replies":[{"embeddable":true,"href":"https:\/\/altisk-mlak.edu.hu\/index.php\/wp-json\/wp\/v2\/comments?post=642"}],"version-history":[{"count":5,"href":"https:\/\/altisk-mlak.edu.hu\/index.php\/wp-json\/wp\/v2\/posts\/642\/revisions"}],"predecessor-version":[{"id":668,"href":"https:\/\/altisk-mlak.edu.hu\/index.php\/wp-json\/wp\/v2\/posts\/642\/revisions\/668"}],"wp:featuredmedia":[{"embeddable":true,"href":"https:\/\/altisk-mlak.edu.hu\/index.php\/wp-json\/wp\/v2\/media\/448"}],"wp:attachment":[{"href":"https:\/\/altisk-mlak.edu.hu\/index.php\/wp-json\/wp\/v2\/media?parent=642"}],"wp:term":[{"taxonomy":"category","embeddable":true,"href":"https:\/\/altisk-mlak.edu.hu\/index.php\/wp-json\/wp\/v2\/categories?post=642"},{"taxonomy":"post_tag","embeddable":true,"href":"https:\/\/altisk-mlak.edu.hu\/index.php\/wp-json\/wp\/v2\/tags?post=642"}],"curies":[{"name":"wp","href":"https:\/\/api.w.org\/{rel}","templated":true}]}}