{"id":653,"date":"2020-03-30T13:41:00","date_gmt":"2020-03-30T13:41:00","guid":{"rendered":"https:\/\/altisk-mlak.edu.hu\/?p=653"},"modified":"2021-05-30T13:42:24","modified_gmt":"2021-05-30T13:42:24","slug":"orokbe-adott-palantak","status":"publish","type":"post","link":"https:\/\/altisk-mlak.edu.hu\/index.php\/orokbe-adott-palantak\/","title":{"rendered":"\u00d6r\u00f6kbe adott pal\u00e1nt\u00e1k"},"content":{"rendered":"<p style=\"text-align: justify;\">Iskol\u00e1nkban m\u00e1r t\u00f6bb \u00e9ve fel\u00e9lesztett\u00fcnk egy sz\u00e9p r\u00e9gi hagyom\u00e1nyt: az iskolakert m\u0171vel\u00e9s\u00e9t. Kezdetben az oszt\u00e1lyk\u00f6z\u00f6ss\u00e9gek, az ut\u00f3bbi \u00e9vekben pedig minden tanul\u00f3 sz\u00e1m\u00e1ra kis parcell\u00e1kat alak\u00edtunk ki, amelyben egy\u00e9nileg gazd\u00e1lkodnak. A \u201ekisgazd\u00e1k\u201d maguk tervezik meg, hogy mik\u00e9nt hasznos\u00edtj\u00e1k f\u00f6ldjeiket \u00e9s maguk v\u00e9gzik az egyes talajm\u0171vel\u00e9si tev\u00e9kenys\u00e9geket (\u00e1s\u00e1s, kap\u00e1l\u00e1s, gyomirt\u00e1s, bio n\u00f6v\u00e9nyv\u00e9delem, term\u00e9sek szed\u00e9se) tan\u00e1ri fel\u00fcgyelet \u00e9s szaktan\u00e1csad\u00e1s mellett.<\/p>\n<p style=\"text-align: justify;\">Az idei \u00e9v is \u00edgy kezd\u0151d\u00f6tt. Febru\u00e1r v\u00e9g\u00e9n hetedik \u00e9s nyolcadik oszt\u00e1lyos tanul\u00f3ink technika\u00f3r\u00e1n elkezdt\u00e9k a tavaszi el\u0151k\u00e9sz\u00fcleteket. A t\u00e9len \u00f6sszegy\u0171jt\u00f6tt, kitiszt\u00edtott joghurtosdobozokba \u2013 az \u00fajrahasznos\u00edt\u00e1st is szem el\u0151tt tartva \u2013 feh\u00e9r\u00f6z\u00f6n- \u00e9s almapaprika magokat vetettek. A gondos \u00e1pol\u00e1snak \u00e9s az ide\u00e1lis k\u00f6rnyezeti felt\u00e9teleknek k\u00f6sz\u00f6nhet\u0151en a magok hamar kikeltek \u00e9s sz\u00e9p pal\u00e1nt\u00e1kk\u00e1 fejl\u0151dtek. Sajnos a koronav\u00edrus-j\u00e1rv\u00e1ny miatt bevezetett \u00faj tanrend el\u0151vigy\u00e1zatoss\u00e1gi szempontb\u00f3l nem teszi lehet\u0151v\u00e9, hogy a gyerekek bej\u00e1rjanak a pal\u00e1nt\u00e1kat gondozni, \u00edgy Kov\u00e1cs Zsuzsanna technika szakos tan\u00e1rn\u0151, tagint\u00e9zm\u00e9nyvezet\u0151 \u2013 a sz\u00e1mos teend\u0151je mellett- \u201e\u00f6r\u00f6kbe fogadta\u201d a n\u00f6v\u00e9nyeket, \u00e9s v\u00e1llalta tov\u00e1bbi nevel\u00e9s\u00fcket. K\u00f6sz\u00f6nj\u00fck sz\u00e9pen, Zsuzsa n\u00e9ninek az \u00f6nzetlen seg\u00edts\u00e9get \u00e9s f\u00e1radoz\u00e1s\u00e1t. Tudjuk, hogy ugyanolyan szeretettel \u00e9s odaad\u00e1ssal fogja a pal\u00e1nt\u00e1kat nevelni, mint ahogy saj\u00e1t \u201epal\u00e1nt\u00e1it\u201d, a tan\u00edtv\u00e1nyait is. Rem\u00e9lj\u00fck, miel\u0151bb visszat\u00e9rhetnek az iskol\u00e1ba a kis gazd\u00e1k, \u00e9s m\u00e1r maguk \u00fcltethetik ki a n\u00f6v\u00e9nyeket a szabadf\u00f6ldbe, illetve a m\u00e1r tervez\u00e9s alatt \u00e1ll\u00f3 magas\u00e1gy\u00e1sokba.<\/p>\n","protected":false},"excerpt":{"rendered":"<p>Iskol\u00e1nkban m\u00e1r t\u00f6bb \u00e9ve fel\u00e9lesztett\u00fcnk egy sz\u00e9p r\u00e9gi hagyom\u00e1nyt: az iskolakert m\u0171vel\u00e9s\u00e9t. Kezdetben az oszt\u00e1lyk\u00f6z\u00f6ss\u00e9gek, az ut\u00f3bbi \u00e9vekben pedig minden tanul\u00f3 sz\u00e1m\u00e1ra kis parcell\u00e1kat alak\u00edtunk ki, amelyben egy\u00e9nileg gazd\u00e1lkodnak. A \u201ekisgazd\u00e1k\u201d maguk<a class=\"moretag\" href=\"https:\/\/altisk-mlak.edu.hu\/index.php\/orokbe-adott-palantak\/\">Read More&#8230;<\/a><\/p>\n","protected":false},"author":1,"featured_media":454,"comment_status":"closed","ping_status":"closed","sticky":false,"template":"","format":"standard","meta":{"two_page_speed":[],"footnotes":""},"categories":[23,21],"tags":[],"class_list":["post-653","post","type-post","status-publish","format-standard","has-post-thumbnail","hentry","category-esemeny","category-okoiskola"],"_links":{"self":[{"href":"https:\/\/altisk-mlak.edu.hu\/index.php\/wp-json\/wp\/v2\/posts\/653","targetHints":{"allow":["GET"]}}],"collection":[{"href":"https:\/\/altisk-mlak.edu.hu\/index.php\/wp-json\/wp\/v2\/posts"}],"about":[{"href":"https:\/\/altisk-mlak.edu.hu\/index.php\/wp-json\/wp\/v2\/types\/post"}],"author":[{"embeddable":true,"href":"https:\/\/altisk-mlak.edu.hu\/index.php\/wp-json\/wp\/v2\/users\/1"}],"replies":[{"embeddable":true,"href":"https:\/\/altisk-mlak.edu.hu\/index.php\/wp-json\/wp\/v2\/comments?post=653"}],"version-history":[{"count":1,"href":"https:\/\/altisk-mlak.edu.hu\/index.php\/wp-json\/wp\/v2\/posts\/653\/revisions"}],"predecessor-version":[{"id":654,"href":"https:\/\/altisk-mlak.edu.hu\/index.php\/wp-json\/wp\/v2\/posts\/653\/revisions\/654"}],"wp:featuredmedia":[{"embeddable":true,"href":"https:\/\/altisk-mlak.edu.hu\/index.php\/wp-json\/wp\/v2\/media\/454"}],"wp:attachment":[{"href":"https:\/\/altisk-mlak.edu.hu\/index.php\/wp-json\/wp\/v2\/media?parent=653"}],"wp:term":[{"taxonomy":"category","embeddable":true,"href":"https:\/\/altisk-mlak.edu.hu\/index.php\/wp-json\/wp\/v2\/categories?post=653"},{"taxonomy":"post_tag","embeddable":true,"href":"https:\/\/altisk-mlak.edu.hu\/index.php\/wp-json\/wp\/v2\/tags?post=653"}],"curies":[{"name":"wp","href":"https:\/\/api.w.org\/{rel}","templated":true}]}}