{"id":656,"date":"2020-10-25T13:43:19","date_gmt":"2020-10-25T13:43:19","guid":{"rendered":"https:\/\/altisk-mlak.edu.hu\/?p=656"},"modified":"2021-05-30T16:20:34","modified_gmt":"2021-05-30T16:20:34","slug":"56-os-emlekfutam","status":"publish","type":"post","link":"https:\/\/altisk-mlak.edu.hu\/index.php\/56-os-emlekfutam\/","title":{"rendered":"\u201956-os eml\u00e9kfutam"},"content":{"rendered":"<p style=\"text-align: justify;\">Magyarlak-Cs\u00f6r\u00f6tnek \u00c1ltal\u00e1nos Iskol\u00e1ja az id\u00e9n is megeml\u00e9kezett rendhagy\u00f3 m\u00f3don az 1956-os forradalom \u00e9s szabads\u00e1gharc 64. \u00e9vfordul\u00f3j\u00e1r\u00f3l. Az als\u00f3s nevel\u0151k sportvet\u00e9lked\u0151t \u00e9s eml\u00e9kfut\u00e1st szerveztek az \u201956-os h\u0151s\u00f6k eml\u00e9k\u00e9re az 1-4. \u00e9vfolyamos tanul\u00f3k r\u00e9sz\u00e9re.<\/p>\n<p style=\"text-align: justify;\">A program j\u00e1t\u00e9kos bemeleg\u00edt\u00e9ssel indult, majd \u00fcgyess\u00e9gi \u00e9s gyorsas\u00e1gi j\u00e1t\u00e9kok k\u00f6vetkeztek. Szerepelt a feladatok k\u00f6zt er\u0151fut\u00e1s \u00e9s medicinlabda-haj\u00edt\u00e1s. Az es\u0151s id\u0151j\u00e1r\u00e1s miatt a f\u0171ben v\u00e9gzend\u0151 feladatokat, \u00edgy a gr\u00e1n\u00e1thaj\u00edt\u00e1st \u00e9s akad\u00e1lyp\u00e1ly\u00e1n t\u00f6rt\u00e9n\u0151 v\u00e9gighalad\u00e1st t\u00f6r\u00f6lt\u00e9k a szervez\u0151k. A legn\u00e9pszer\u0171bb versenysz\u00e1m ez\u00fattal is az 1956 m-es eml\u00e9kfutam volt. A kijel\u00f6lt fut\u00f3p\u00e1lya a R\u00e1ba foly\u00f3 \u00e1rv\u00edzv\u00e9delmi v\u00e9dm\u0171v\u00e9n, k\u00f6zismertebb nev\u00e9n a \u201eg\u00e1ton\u201d haladt kereszt\u00fcl. Minden tanul\u00f3 eredm\u00e9nyesen teljes\u00edtette a t\u00e1vot.<\/p>\n<p>Az 1956-os eml\u00e9kfutam gy\u0151ztesei:<\/p>\n<p>Fi\u00fa 1. kateg\u00f3ria: Szab\u00f3 Emili\u00e1n, Fi\u00fa 2. kateg\u00f3ria: &nbsp;Horv\u00e1th Lionel \u00e9s T\u00f6r\u00f6k S\u00e1ndor<\/p>\n<p>L\u00e1ny 2. kateg\u00f3ria: Doncsecz Vikt\u00f3ria. A leg\u00fcgyesebb versenyz\u0151k eml\u00e9kp\u00f3l\u00f3t kaptak jutalmul.<\/p>\n<p>A rendezv\u00e9ny lebonyol\u00edt\u00e1s\u00e1ban iskol\u00e1nk nyugd\u00edjas pedag\u00f3gusa, Kalicza M\u00e1rta n\u00e9ni ny\u00fajtott seg\u00edts\u00e9get. A sz\u00e9p term\u00e9szeti k\u00f6rnyezet, a gyerekek lelkesed\u00e9se \u00e9s \u00f6r\u00f6me l\u00e1tt\u00e1n a szervez\u0151k az esem\u00e9ny folytat\u00e1s\u00e1t tervezik.<\/p>\n","protected":false},"excerpt":{"rendered":"<p>Magyarlak-Cs\u00f6r\u00f6tnek \u00c1ltal\u00e1nos Iskol\u00e1ja az id\u00e9n is megeml\u00e9kezett rendhagy\u00f3 m\u00f3don az 1956-os forradalom \u00e9s szabads\u00e1gharc 64. \u00e9vfordul\u00f3j\u00e1r\u00f3l. Az als\u00f3s nevel\u0151k sportvet\u00e9lked\u0151t \u00e9s eml\u00e9kfut\u00e1st szerveztek az \u201956-os h\u0151s\u00f6k eml\u00e9k\u00e9re az 1-4. \u00e9vfolyamos tanul\u00f3k r\u00e9sz\u00e9re.<a class=\"moretag\" href=\"https:\/\/altisk-mlak.edu.hu\/index.php\/56-os-emlekfutam\/\">Read More&#8230;<\/a><\/p>\n","protected":false},"author":1,"featured_media":540,"comment_status":"closed","ping_status":"closed","sticky":false,"template":"","format":"standard","meta":{"two_page_speed":[],"footnotes":""},"categories":[23],"tags":[],"class_list":["post-656","post","type-post","status-publish","format-standard","has-post-thumbnail","hentry","category-esemeny"],"_links":{"self":[{"href":"https:\/\/altisk-mlak.edu.hu\/index.php\/wp-json\/wp\/v2\/posts\/656","targetHints":{"allow":["GET"]}}],"collection":[{"href":"https:\/\/altisk-mlak.edu.hu\/index.php\/wp-json\/wp\/v2\/posts"}],"about":[{"href":"https:\/\/altisk-mlak.edu.hu\/index.php\/wp-json\/wp\/v2\/types\/post"}],"author":[{"embeddable":true,"href":"https:\/\/altisk-mlak.edu.hu\/index.php\/wp-json\/wp\/v2\/users\/1"}],"replies":[{"embeddable":true,"href":"https:\/\/altisk-mlak.edu.hu\/index.php\/wp-json\/wp\/v2\/comments?post=656"}],"version-history":[{"count":2,"href":"https:\/\/altisk-mlak.edu.hu\/index.php\/wp-json\/wp\/v2\/posts\/656\/revisions"}],"predecessor-version":[{"id":667,"href":"https:\/\/altisk-mlak.edu.hu\/index.php\/wp-json\/wp\/v2\/posts\/656\/revisions\/667"}],"wp:featuredmedia":[{"embeddable":true,"href":"https:\/\/altisk-mlak.edu.hu\/index.php\/wp-json\/wp\/v2\/media\/540"}],"wp:attachment":[{"href":"https:\/\/altisk-mlak.edu.hu\/index.php\/wp-json\/wp\/v2\/media?parent=656"}],"wp:term":[{"taxonomy":"category","embeddable":true,"href":"https:\/\/altisk-mlak.edu.hu\/index.php\/wp-json\/wp\/v2\/categories?post=656"},{"taxonomy":"post_tag","embeddable":true,"href":"https:\/\/altisk-mlak.edu.hu\/index.php\/wp-json\/wp\/v2\/tags?post=656"}],"curies":[{"name":"wp","href":"https:\/\/api.w.org\/{rel}","templated":true}]}}