{"id":658,"date":"2020-11-08T14:03:00","date_gmt":"2020-11-08T14:03:00","guid":{"rendered":"https:\/\/altisk-mlak.edu.hu\/?p=658"},"modified":"2021-05-30T14:07:46","modified_gmt":"2021-05-30T14:07:46","slug":"egeszsegtura-a-csorotneki-szolohegyre","status":"publish","type":"post","link":"https:\/\/altisk-mlak.edu.hu\/index.php\/egeszsegtura-a-csorotneki-szolohegyre\/","title":{"rendered":"Eg\u00e9szs\u00e9gt\u00fara a cs\u00f6r\u00f6tneki sz\u0151l\u0151hegyre"},"content":{"rendered":"<p style=\"text-align: justify;\">Iskol\u00e1nk als\u00f3 tagozatos tanul\u00f3i az eg\u00e9szs\u00e9gnevel\u00e9si h\u00f3nap alkalm\u00e1b\u00f3l november 6-\u00e1n, p\u00e9nteken eg\u00e9szs\u00e9gt\u00far\u00e1n vettek r\u00e9szt. Az \u00fatic\u00e9l ez\u00fattal a cs\u00f6r\u00f6tneki sz\u0151l\u0151hegy volt.<\/p>\n<p style=\"text-align: justify;\"><img fetchpriority=\"high\" decoding=\"async\" class=\"alignleft wp-image-529 size-medium\" src=\"https:\/\/altisk-mlak.edu.hu\/wp-content\/uploads\/2020\/11\/Sz\u0151l\u0151hegyi-t\u00fara-2-225x300.jpg\" alt=\"\" width=\"225\" height=\"300\" srcset=\"https:\/\/altisk-mlak.edu.hu\/wp-content\/uploads\/2020\/11\/Sz\u0151l\u0151hegyi-t\u00fara-2-225x300.jpg 225w, https:\/\/altisk-mlak.edu.hu\/wp-content\/uploads\/2020\/11\/Sz\u0151l\u0151hegyi-t\u00fara-2-768x1024.jpg 768w, https:\/\/altisk-mlak.edu.hu\/wp-content\/uploads\/2020\/11\/Sz\u0151l\u0151hegyi-t\u00fara-2.jpg 1488w\" sizes=\"(max-width: 225px) 100vw, 225px\" \/>A di\u00e1kok \u00e9s tan\u00edt\u00f3 n\u00e9nik izgatottam gy\u00fclekeztek az iskola aul\u00e1j\u00e1ban, mert tudt\u00e1k, hogy egy emelked\u0151vel tark\u00edtott p\u00e1ly\u00e1t kell lek\u00fczdeni\u00fck. A t\u00faraszab\u00e1lyok ismertet\u00e9se ut\u00e1n, 10 \u00f3rakor indult el a kiscsapat. \u00datk\u00f6zben j\u00f3 volt hallani a gyerekek dics\u00e9r\u0151 szavait: <em>\u201eMilyen \u00f6tletes a f\u0151t\u00e9ri dekor\u00e1ci\u00f3!\u201d, \u201eMilyen hangulatos a felfel\u00e9 vezet\u0151 \u00fat!\u201d, \u201eMilyen j\u00f3 egy\u00fctt lenni!\u201d, \u201eMilyen sz\u00e9p \u00e9rt\u00e9keink vannak, csak k\u00f6rbe kell n\u00e9zn\u00fcnk!\u201d.<\/em>\u00a0 A gyerk\u0151c\u00f6k \u00e9lvezettel \u201eg\u00e1zoltak bele\u201d az avarsz\u0151nyegbe, \u00e9s vid\u00e1man ki\u00e1ltottak fel, ha egy-egy makkterm\u00e9s a fej\u00fckre hullott.<\/p>\n<p style=\"text-align: justify;\">A hegyre fel\u00e9rve egy r\u00f6vid pihen\u0151t iktattak be a nevel\u0151k az \u00fcdv\u00f6zl\u0151- \u00e9s ismertet\u0151 t\u00e1bl\u00e1n\u00e1l. Itt fot\u00f3k k\u00e9sz\u00fcltek, \u00e9s megismerkedtek a sz\u0151l\u0151hegy t\u00f6rt\u00e9net\u00e9vel is. A s\u00e9ta egyenes terepen folytat\u00f3dott tov\u00e1bb a nemr\u00e9g fel\u00faj\u00edtott sz\u00f3sz\u00e9kig.<\/p>\n<p style=\"text-align: justify;\"><img decoding=\"async\" class=\"alignright wp-image-531 size-medium\" src=\"https:\/\/altisk-mlak.edu.hu\/wp-content\/uploads\/2020\/11\/Sz\u0151l\u0151hegyi-t\u00fara-4-225x300.jpg\" alt=\"\" width=\"225\" height=\"300\" srcset=\"https:\/\/altisk-mlak.edu.hu\/wp-content\/uploads\/2020\/11\/Sz\u0151l\u0151hegyi-t\u00fara-4-225x300.jpg 225w, https:\/\/altisk-mlak.edu.hu\/wp-content\/uploads\/2020\/11\/Sz\u0151l\u0151hegyi-t\u00fara-4-768x1024.jpg 768w, https:\/\/altisk-mlak.edu.hu\/wp-content\/uploads\/2020\/11\/Sz\u0151l\u0151hegyi-t\u00fara-4.jpg 1488w\" sizes=\"(max-width: 225px) 100vw, 225px\" \/>Ezen az \u00e1llom\u00e1son t\u00e1j\u00e9koztat\u00f3t kaptak a kultikus hely szerep\u00e9r\u0151l, fel\u00faj\u00edt\u00e1s\u00e1r\u00f3l, \u00e9s megcsod\u00e1lt\u00e1k, hogy a k\u00f6z\u00f6ss\u00e9gi \u00f6sszefog\u00e1s csod\u00e1kra k\u00e9pes. Ezt k\u00f6vet\u0151en egy kedves sz\u00fcl\u0151, Koz\u00f3 Ren\u00e1ta \u00e9s a tan\u00edt\u00f3k j\u00f3volt\u00e1b\u00f3l megter\u00fclt a szeretet asztala, melyr\u0151l mindenki j\u00f3\u00edz\u0171en falatozott. H\u00e1l\u00e1san k\u00f6sz\u00f6nj\u00fck az anyuka finom h\u00e1zi s\u00fctij\u00e9t \u00e9s Czottern\u00e9 Ili n\u00e9ni zamatos, muskot\u00e1lyos \u00edz\u0171 sz\u0151l\u0151adom\u00e1ny\u00e1t. A piknik ut\u00e1n a gyerekek \u00e9s pedag\u00f3gusok im\u00e1ra kulcsolt\u00e1k kez\u00fcket, \u00e9s k\u00f6z\u00f6sen foh\u00e1szkodtak az \u00darhoz a Miaty\u00e1nkot mondva a j\u00e1rv\u00e1ny miel\u0151bbi megsz\u0171n\u00e9s\u00e9\u00e9rt \u00e9s a betegek gy\u00f3gyul\u00e1s\u00e1\u00e9rt.<\/p>\n<p style=\"text-align: justify;\">Ezt k\u00f6vet\u0151en utunk az \u00e9p\u00fcl\u0151 kil\u00e1t\u00f3ig vezetett, k\u00f6zben spont\u00e1n n\u00f3tak\u00f6r alakult, \u00e9s dalunk bezengte a sz\u0151l\u0151hegyet. A kil\u00e1t\u00f3n\u00e1l \u00e9ppen \u00e1csok dolgoztak, de \u00edgy is siker\u00fclt megtudnunk n\u00e9h\u00e1ny inform\u00e1ci\u00f3t az \u00e9p\u00edtm\u00e9nyr\u0151l: 18,6 m magas lesz, daru helyezi v\u00e9gleges hely\u00e9re a faszerkezetet, k\u00f6z\u00f6ss\u00e9gi t\u00e9r \u00e9p\u00fcl hozz\u00e1, szabadon l\u00e1togathat\u00f3 lesz megfelel\u0151 id\u0151j\u00e1r\u00e1si felt\u00e9telek k\u00f6zt. T\u00f6bben meg is jegyezt\u00e9k: \u201e<em>J\u00f6jj\u00fcnk el \u00fajb\u00f3l, ha elk\u00e9sz\u00fcl!\u201d, \u201eElhozom ide a sz\u00fcleimet is!\u201d, \u201eDe szeretn\u00e9m majd megm\u00e1szni \u00e9s fentr\u0151l megn\u00e9zni a panor\u00e1m\u00e1t!\u201d<\/em><\/p>\n<p style=\"text-align: justify;\">A kil\u00e1t\u00f3 kordonon t\u00fali megszeml\u00e9l\u00e9se ut\u00e1n hazafel\u00e9 vett\u00fck az ir\u00e1nyt. A dal\u00e1rda sz\u00fcreti \u00e9s egy\u00e9b n\u00e9pi n\u00f3t\u00e1kkal sz\u00f3rakoztatta a csapatot \u00e9s a sz\u0151l\u0151hegyi gazd\u00e1kat, elhangzott t\u00f6bbek k\u00f6zt: <em>\u201e\u00c9rik a sz\u0151l\u0151, hajlik a vessz\u0151\u201d, \u201eEttem sz\u0151l\u0151t, most \u00e9rik\u201d, \u201eCs\u00f6r\u00f6tneki sz\u0151l\u0151hegyen k\u00e9t sz\u00e1l vessz\u0151\u201d<\/em>, \u201e<em>Ha j\u00f3 a kedved, \u00fcsd a tenyered!\u201d<\/em> stb. kezdet\u0171 dal.<\/p>\n<p style=\"text-align: justify;\">Egy \u00f3rakor \u00e9rkezt\u00fcnk vissza az iskol\u00e1ba \u00e9s el\u00e9gedetten \u00e1llap\u00edtottuk meg: a h\u00e1rom\u00f3r\u00e1s, hat kilom\u00e9teres hegyi t\u00far\u00e1val sokat tett\u00fcnk az eg\u00e9szs\u00e9g\u00fcnk\u00e9rt \u00e9s test\u00fcnk-lelk\u00fcnk felfriss\u00fcl\u00e9s\u00e9\u00e9rt.<\/p>\n<p style=\"text-align: justify;\">Eg\u00e9szs\u00e9gt\u00fara programunk kiemelt c\u00e9lja volt, hogy felh\u00edvjuk a figyelmet az eg\u00e9szs\u00e9ges \u00e9letm\u00f3d \u00e9s a rendszeres, \u00e9letvitelszer\u0171 mozg\u00e1sra, valamint a telep\u00fcl\u00e9si \u00e9rt\u00e9kekre.<\/p>\n","protected":false},"excerpt":{"rendered":"<p>Iskol\u00e1nk als\u00f3 tagozatos tanul\u00f3i az eg\u00e9szs\u00e9gnevel\u00e9si h\u00f3nap alkalm\u00e1b\u00f3l november 6-\u00e1n, p\u00e9nteken eg\u00e9szs\u00e9gt\u00far\u00e1n vettek r\u00e9szt. Az \u00fatic\u00e9l ez\u00fattal a cs\u00f6r\u00f6tneki sz\u0151l\u0151hegy volt. A di\u00e1kok \u00e9s tan\u00edt\u00f3 n\u00e9nik izgatottam gy\u00fclekeztek az iskola aul\u00e1j\u00e1ban, mert<a class=\"moretag\" href=\"https:\/\/altisk-mlak.edu.hu\/index.php\/egeszsegtura-a-csorotneki-szolohegyre\/\">Read More&#8230;<\/a><\/p>\n","protected":false},"author":1,"featured_media":528,"comment_status":"closed","ping_status":"closed","sticky":false,"template":"","format":"standard","meta":{"two_page_speed":[],"footnotes":""},"categories":[23,21],"tags":[],"class_list":["post-658","post","type-post","status-publish","format-standard","has-post-thumbnail","hentry","category-esemeny","category-okoiskola"],"_links":{"self":[{"href":"https:\/\/altisk-mlak.edu.hu\/index.php\/wp-json\/wp\/v2\/posts\/658","targetHints":{"allow":["GET"]}}],"collection":[{"href":"https:\/\/altisk-mlak.edu.hu\/index.php\/wp-json\/wp\/v2\/posts"}],"about":[{"href":"https:\/\/altisk-mlak.edu.hu\/index.php\/wp-json\/wp\/v2\/types\/post"}],"author":[{"embeddable":true,"href":"https:\/\/altisk-mlak.edu.hu\/index.php\/wp-json\/wp\/v2\/users\/1"}],"replies":[{"embeddable":true,"href":"https:\/\/altisk-mlak.edu.hu\/index.php\/wp-json\/wp\/v2\/comments?post=658"}],"version-history":[{"count":2,"href":"https:\/\/altisk-mlak.edu.hu\/index.php\/wp-json\/wp\/v2\/posts\/658\/revisions"}],"predecessor-version":[{"id":660,"href":"https:\/\/altisk-mlak.edu.hu\/index.php\/wp-json\/wp\/v2\/posts\/658\/revisions\/660"}],"wp:featuredmedia":[{"embeddable":true,"href":"https:\/\/altisk-mlak.edu.hu\/index.php\/wp-json\/wp\/v2\/media\/528"}],"wp:attachment":[{"href":"https:\/\/altisk-mlak.edu.hu\/index.php\/wp-json\/wp\/v2\/media?parent=658"}],"wp:term":[{"taxonomy":"category","embeddable":true,"href":"https:\/\/altisk-mlak.edu.hu\/index.php\/wp-json\/wp\/v2\/categories?post=658"},{"taxonomy":"post_tag","embeddable":true,"href":"https:\/\/altisk-mlak.edu.hu\/index.php\/wp-json\/wp\/v2\/tags?post=658"}],"curies":[{"name":"wp","href":"https:\/\/api.w.org\/{rel}","templated":true}]}}