{"id":661,"date":"2020-11-30T14:10:00","date_gmt":"2020-11-30T14:10:00","guid":{"rendered":"https:\/\/altisk-mlak.edu.hu\/?p=661"},"modified":"2021-05-30T14:14:03","modified_gmt":"2021-05-30T14:14:03","slug":"oszi-okohirek","status":"publish","type":"post","link":"https:\/\/altisk-mlak.edu.hu\/index.php\/oszi-okohirek\/","title":{"rendered":"\u0150szi \u00f6koh\u00edrek"},"content":{"rendered":"<p style=\"text-align: justify;\">Mint ismeretes iskol\u00e1nk 2020. szeptember 1. \u00f3ta \u201e\u00d6r\u00f6k\u00f6s \u00d6koiskola\u201d c\u00edmmel rendelkezik. Ez a rangos k\u00f6rnyezetv\u00e9delmi \u00e9s fenntarthat\u00f3s\u00e1gi d\u00edj t\u00f6bb\u00e9ves k\u00f6rnyezeti nevel\u00e9si munk\u00e1nk eredm\u00e9nye. C\u00e9lunk, hogy hossz\u00fa t\u00e1von birtokoljuk ezt a megk\u00fcl\u00f6nb\u00f6ztet\u0151 min\u0151s\u00e9gjegyet, \u00e9s pozit\u00edv k\u00f6rnyezetv\u00e9delmi attit\u0171d\u00f6t alak\u00edtsuk ki \u00e9s m\u00e9ly\u00edts\u00fck el a sz\u0171kebb \u00e9s t\u00e1gabb k\u00f6rnyezetben egyar\u00e1nt.<\/p>\n<p style=\"text-align: center;\"><img fetchpriority=\"high\" decoding=\"async\" class=\"alignnone wp-image-544 size-medium\" src=\"https:\/\/altisk-mlak.edu.hu\/wp-content\/uploads\/2020\/11\/\u0150szi-\u00f6koh\u00edrek-3-300x225.jpg\" alt=\"\" width=\"300\" height=\"225\" srcset=\"https:\/\/altisk-mlak.edu.hu\/wp-content\/uploads\/2020\/11\/\u0150szi-\u00f6koh\u00edrek-3-300x225.jpg 300w, https:\/\/altisk-mlak.edu.hu\/wp-content\/uploads\/2020\/11\/\u0150szi-\u00f6koh\u00edrek-3-768x576.jpg 768w, https:\/\/altisk-mlak.edu.hu\/wp-content\/uploads\/2020\/11\/\u0150szi-\u00f6koh\u00edrek-3-1024x768.jpg 1024w, https:\/\/altisk-mlak.edu.hu\/wp-content\/uploads\/2020\/11\/\u0150szi-\u00f6koh\u00edrek-3.jpg 1440w\" sizes=\"(max-width: 300px) 100vw, 300px\" \/> <img decoding=\"async\" class=\"alignnone wp-image-539 size-medium\" src=\"https:\/\/altisk-mlak.edu.hu\/wp-content\/uploads\/2020\/11\/Eml\u00e9kfutam-2-e1622384029693-300x225.jpg\" alt=\"\" width=\"300\" height=\"225\" srcset=\"https:\/\/altisk-mlak.edu.hu\/wp-content\/uploads\/2020\/11\/Eml\u00e9kfutam-2-e1622384029693-300x225.jpg 300w, https:\/\/altisk-mlak.edu.hu\/wp-content\/uploads\/2020\/11\/Eml\u00e9kfutam-2-e1622384029693-768x575.jpg 768w, https:\/\/altisk-mlak.edu.hu\/wp-content\/uploads\/2020\/11\/Eml\u00e9kfutam-2-e1622384029693-1024x767.jpg 1024w, https:\/\/altisk-mlak.edu.hu\/wp-content\/uploads\/2020\/11\/Eml\u00e9kfutam-2-e1622384029693.jpg 1530w\" sizes=\"(max-width: 300px) 100vw, 300px\" \/><\/p>\n<p style=\"text-align: justify;\">Szeptember els\u0151 heteiben az \u00f6koiskolai munkak\u00f6z\u00f6ss\u00e9g elk\u00e9sz\u00edtette \u00e9ves munkaterv\u00e9t, \u00e9s fel\u00faj\u00edtotta a term\u00e9szetismereti bemutat\u00f3helyek id\u0151j\u00e1r\u00e1s \u00e1ltal megviselt t\u00e1bl\u00e1it. Az \u00faj v\u00e1llal\u00e1sok k\u00f6z\u00fcl j\u00f3 \u00fctemben halad a magas\u00e1gyi n\u00f6v\u00e9nytermeszt\u00e9si m\u00f3dszer bevezet\u00e9se, h\u00e1rom magas\u00e1gy\u00e1s a dolgoz\u00f3k \u00e9s gyermekek k\u00e9tkezi munk\u00e1j\u00e1nak k\u00f6sz\u00f6nhet\u0151en m\u00e1r k\u00e9szen \u00e1ll. A tematikus t\u00far\u00e1k (gy\u00f3gyn\u00f6v\u00e9nygy\u0171jt\u0151, gomb\u00e1sz\u00f3, \u00e9p\u00edtett \u00f6r\u00f6ks\u00e9g) sajnos a j\u00e1rv\u00e1ny miatt el\u0151vigy\u00e1zatoss\u00e1gi okokb\u00f3l nem indultak el. Rem\u00e9lj\u00fck, a m\u00e1sodik f\u00e9l\u00e9vben erre is sor ker\u00fclhet. A di\u00e1k\u00f6nkorm\u00e1nyzat eredm\u00e9nyes pap\u00edrgy\u0171jt\u00e9si akci\u00f3t szervezett. \u00c9rt\u00e9kelt\u00fck az el\u0151z\u0151 tan\u00e9vben ind\u00edtott terem-sz\u00e9ps\u00e9gversenyt, \u00e9s k\u00f6zz\u00e9tett\u00fck a Z\u00f6ld oszt\u00e1ly elnevez\u00e9s\u0171 k\u00f6z\u00f6ss\u00e9gi versenyt azzal a c\u00e9llal, hogy tanul\u00f3ink vigy\u00e1zzanak sz\u0171kebb k\u00f6rnyezet\u00fck, azaz a term\u00fck rendj\u00e9re, tisztas\u00e1g\u00e1ra.<\/p>\n<p style=\"text-align: justify;\">Okt\u00f3berben, a Magyar Di\u00e1ksport Napja keret\u00e9ben az als\u00f3 tagozatos gyerekek sz\u00e1m\u00e1ra \u201cParasztolimpiai j\u00e1t\u00e9kokat\u201d rendezt\u00fcnk. Az \u00e1llatok vil\u00e1gnapja alkalm\u00e1b\u00f3l rajz- \u00e9s fot\u00f3p\u00e1ly\u00e1zatot hirdett\u00fcnk, hogy az ember \u00e9s az \u00e1llat k\u00f6z\u00f6tti bar\u00e1ts\u00e1got er\u0151s\u00edts\u00fck, \u00e9s felh\u00edvjuk a figyelmet az egy\u00fctt\u00e9l\u00e9s fontoss\u00e1g\u00e1ra. A legjobb alkot\u00e1sok k\u00e9sz\u00edt\u0151i \u201e\u00e1llati\u201d jutalmakban r\u00e9szes\u00fcltek. Az id\u00e9n is megszervezt\u00fck az \u201956-os h\u0151s\u00f6k eml\u00e9k\u00e9re az 1956 m-es g\u00e1tfut\u00e1st. A kijel\u00f6lt fut\u00f3p\u00e1lya a R\u00e1ba foly\u00f3 cs\u00f6r\u00f6tneki \u00e1rv\u00edzv\u00e9delmi v\u00e9dm\u0171v\u00e9n haladt kereszt\u00fcl. Minden als\u00f3s tanul\u00f3 eredm\u00e9nyesen teljes\u00edtette a t\u00e1vot.<\/p>\n<p style=\"text-align: justify;\">Novemberben k\u00e9t oszt\u00e1lyk\u00f6z\u00f6ss\u00e9g\u00fcnk \u00e9s tan\u00e1runk is r\u00e9szt vett a Fenntarthat\u00f3s\u00e1gi t\u00e9mah\u00e9t keret\u00e9ben zajl\u00f3 kutat\u00e1si programban, mely a fenntarthat\u00f3s\u00e1gr\u00f3l alkotott v\u00e9lem\u00e9nyt k\u00edv\u00e1nta felt\u00e1rni. Mit gondolnak r\u00f3la, mit tesznek, mit tenn\u00e9nek \u00e9rte, a fenntarthat\u00f3s\u00e1g fogalomk\u00f6r\u00f6n bel\u00fcl hova helyezik a hangs\u00falyt, mi foglalkoztatja \u0151ket. Az eg\u00e9szs\u00e9gnevel\u00e9si h\u00f3nap alkalm\u00e1b\u00f3l eg\u00e9szs\u00e9gt\u00far\u00e1n vettek r\u00e9szt tanul\u00f3ink a cs\u00f6r\u00f6tneki sz\u0151l\u0151hegyen, \u00edgy n\u00e9pszer\u0171s\u00edtett\u00fck az eg\u00e9szs\u00e9ges \u00e9letm\u00f3dot, a rendszeres testmozg\u00e1st \u00e9s a helyi \u00e9rt\u00e9keket.<\/p>\n<p style=\"text-align: justify;\">M\u00e1r a nyomdai el\u0151k\u00e9sz\u00edt\u00e9s f\u00e1zis\u00e1ban van az \u00d6r\u00f6ks\u00e9g\u00fcnk munkatank\u00f6nyv, mely n\u00e9gy mikrot\u00e9rs\u00e9g (\u0150rs\u00e9g, Vendvid\u00e9k, R\u00e1ba-v\u00f6lgye, Szentgotth\u00e1rd) term\u00e9szeti, \u00e9p\u00edt\u00e9szeti, kultur\u00e1lis, gasztron\u00f3miai stb. \u00e9rt\u00e9keit ismerteti. A k\u00f6nyv szerkeszt\u00e9s\u00e9ben a tagint\u00e9zm\u00e9ny k\u00e9t pedag\u00f3gusa akt\u00edv szerepet v\u00e1llalt.<\/p>\n<p style=\"text-align: justify;\">Az iskola honlapj\u00e1n \u00e9s k\u00f6z\u00f6ss\u00e9gi oldal\u00e1n rendszeresen t\u00e1j\u00e9koztattunk a jeles napokr\u00f3l \u00e9s esem\u00e9nyekr\u0151l.<\/p>\n","protected":false},"excerpt":{"rendered":"<p>Mint ismeretes iskol\u00e1nk 2020. szeptember 1. \u00f3ta \u201e\u00d6r\u00f6k\u00f6s \u00d6koiskola\u201d c\u00edmmel rendelkezik. Ez a rangos k\u00f6rnyezetv\u00e9delmi \u00e9s fenntarthat\u00f3s\u00e1gi d\u00edj t\u00f6bb\u00e9ves k\u00f6rnyezeti nevel\u00e9si munk\u00e1nk eredm\u00e9nye. C\u00e9lunk, hogy hossz\u00fa t\u00e1von birtokoljuk ezt a megk\u00fcl\u00f6nb\u00f6ztet\u0151 min\u0151s\u00e9gjegyet,<a class=\"moretag\" href=\"https:\/\/altisk-mlak.edu.hu\/index.php\/oszi-okohirek\/\">Read More&#8230;<\/a><\/p>\n","protected":false},"author":1,"featured_media":543,"comment_status":"closed","ping_status":"closed","sticky":false,"template":"","format":"standard","meta":{"two_page_speed":[],"footnotes":""},"categories":[23,21],"tags":[],"class_list":["post-661","post","type-post","status-publish","format-standard","has-post-thumbnail","hentry","category-esemeny","category-okoiskola"],"_links":{"self":[{"href":"https:\/\/altisk-mlak.edu.hu\/index.php\/wp-json\/wp\/v2\/posts\/661","targetHints":{"allow":["GET"]}}],"collection":[{"href":"https:\/\/altisk-mlak.edu.hu\/index.php\/wp-json\/wp\/v2\/posts"}],"about":[{"href":"https:\/\/altisk-mlak.edu.hu\/index.php\/wp-json\/wp\/v2\/types\/post"}],"author":[{"embeddable":true,"href":"https:\/\/altisk-mlak.edu.hu\/index.php\/wp-json\/wp\/v2\/users\/1"}],"replies":[{"embeddable":true,"href":"https:\/\/altisk-mlak.edu.hu\/index.php\/wp-json\/wp\/v2\/comments?post=661"}],"version-history":[{"count":2,"href":"https:\/\/altisk-mlak.edu.hu\/index.php\/wp-json\/wp\/v2\/posts\/661\/revisions"}],"predecessor-version":[{"id":663,"href":"https:\/\/altisk-mlak.edu.hu\/index.php\/wp-json\/wp\/v2\/posts\/661\/revisions\/663"}],"wp:featuredmedia":[{"embeddable":true,"href":"https:\/\/altisk-mlak.edu.hu\/index.php\/wp-json\/wp\/v2\/media\/543"}],"wp:attachment":[{"href":"https:\/\/altisk-mlak.edu.hu\/index.php\/wp-json\/wp\/v2\/media?parent=661"}],"wp:term":[{"taxonomy":"category","embeddable":true,"href":"https:\/\/altisk-mlak.edu.hu\/index.php\/wp-json\/wp\/v2\/categories?post=661"},{"taxonomy":"post_tag","embeddable":true,"href":"https:\/\/altisk-mlak.edu.hu\/index.php\/wp-json\/wp\/v2\/tags?post=661"}],"curies":[{"name":"wp","href":"https:\/\/api.w.org\/{rel}","templated":true}]}}