{"id":670,"date":"2019-06-05T16:41:00","date_gmt":"2019-06-05T16:41:00","guid":{"rendered":"https:\/\/altisk-mlak.edu.hu\/?p=670"},"modified":"2021-05-30T16:47:48","modified_gmt":"2021-05-30T16:47:48","slug":"670","status":"publish","type":"post","link":"https:\/\/altisk-mlak.edu.hu\/index.php\/670\/","title":{"rendered":"Fenntarthat\u00f3s\u00e1gi t\u00e9mah\u00e9t besz\u00e1mol\u00f3 \u2013 2019"},"content":{"rendered":"<p style=\"text-align: justify;\">A mi iskol\u00e1nk a Szentgotth\u00e1rd \u00e9s T\u00e9rs\u00e9ge \u00c1ltal\u00e1nos Iskola Magyarlak-Cs\u00f6r\u00f6tnek \u00c1ltal\u00e1nos Iskol\u00e1ja, egy kisiskola. K\u00e9tszeres \u00f6koiskolak\u00e9nt nem volt k\u00e9rd\u00e9s, hogy csatlakozunk a Fenntarthat\u00f3s\u00e1gi T\u00e9mah\u00e9thez, iskol\u00e1nk minden di\u00e1kja r\u00e9szt vett a programokon. Erre a napra a legkisebbek sz\u00e9p fali\u00fajs\u00e1ggal k\u00e9sz\u00fcltek, Stepics Zsanett tan\u00edt\u00f3n\u0151 seg\u00edts\u00e9g\u00e9vel.<\/p>\n<p style=\"text-align: justify;\">A t\u00e9mah\u00e9t programj\u00e1t \u00f6sszekapcsoltuk a F\u00f6ld napj\u00e1val valamint a TESZEDD akci\u00f3val. M\u00e1rcius 22.-\u00e9n az als\u00f3s di\u00e1kok csoportja egy PPT bemutat\u00f3val kezdte a napot. Kiss Katalin tan\u00e1rn\u0151, aki iskol\u00e1nkban a term\u00e9szet- \u00e9s k\u00f6rnyezetv\u00e9delem egyik \u00e9llovasa, elmondta nek\u00fcnk, hogy mir\u0151l is sz\u00f3l a Fenntarthat\u00f3s\u00e1gi t\u00e9mah\u00e9t, mi a c\u00e9lja. \u00c9rdekes el\u0151ad\u00e1s\u00e1t sz\u00e9p k\u00e9pekkel tette \u00e9rdekess\u00e9 \u00e9s mindenki sz\u00e1m\u00e1ra \u00e9rthet\u0151v\u00e9.<\/p>\n<p style=\"text-align: justify;\"><img fetchpriority=\"high\" decoding=\"async\" class=\"alignnone wp-image-431 size-medium\" src=\"https:\/\/altisk-mlak.edu.hu\/wp-content\/uploads\/2019\/06\/1-300x225.png\" alt=\"\" width=\"300\" height=\"225\" srcset=\"https:\/\/altisk-mlak.edu.hu\/wp-content\/uploads\/2019\/06\/1-300x225.png 300w, https:\/\/altisk-mlak.edu.hu\/wp-content\/uploads\/2019\/06\/1-768x576.png 768w, https:\/\/altisk-mlak.edu.hu\/wp-content\/uploads\/2019\/06\/1.png 800w\" sizes=\"(max-width: 300px) 100vw, 300px\" \/> <img decoding=\"async\" class=\"alignnone wp-image-428 size-medium\" src=\"https:\/\/altisk-mlak.edu.hu\/wp-content\/uploads\/2019\/06\/4-e1622393079671-300x225.png\" alt=\"\" width=\"300\" height=\"225\" srcset=\"https:\/\/altisk-mlak.edu.hu\/wp-content\/uploads\/2019\/06\/4-e1622393079671-300x225.png 300w, https:\/\/altisk-mlak.edu.hu\/wp-content\/uploads\/2019\/06\/4-e1622393079671.png 600w\" sizes=\"(max-width: 300px) 100vw, 300px\" \/><\/p>\n<p style=\"text-align: justify;\">A vet\u00edt\u00e9s ut\u00e1n rajzoltak a gyerekek. Plak\u00e1tokat k\u00e9sz\u00edtettek a k\u00f6rnyezetv\u00e9delemr\u0151l. Az \u0171rb\u0151l \u00e9rkez\u0151 idegen l\u00e9nyeknek rajzokkal mutatt\u00e1k be, hogy vigy\u00e1zzanak f\u00f6ld\u00fcnkre. Az elk\u00e9sz\u00fclt plak\u00e1tokat, valamint a munk\u00e1t szeretn\u00e9m bemutatni<\/p>\n<p style=\"text-align: justify;\">Az rajzol\u00e1s ut\u00e1n egy nagyon \u00e9rdekes rajzfilmet n\u00e9zhett\u00fcnk meg. Sok \u00e9rdekes dolgot tudtunk meg a v\u00edz \u00fatj\u00e1r\u00f3l \u00e9s a v\u00edz tisztas\u00e1g\u00e1t vesz\u00e9lyeztet\u0151 dolgokr\u00f3l. A t\u00e9mah\u00e9t honlapj\u00e1r\u00f3l ker\u00fclt kiv\u00e1laszt\u00e1sra a k\u00f6vetkez\u0151 p\u00e1r dia, amit megn\u00e9ztek a legkisebbek. A c\u00edme: N\u00e9zz szembe a szemeteddel!<\/p>\n<p style=\"text-align: justify;\">Ek\u00f6zben a fels\u0151 tagozatosok szint\u00e9n bemutat\u00f3t n\u00e9zhettek meg, amit di\u00e1kt\u00e1rsaik k\u00e9sz\u00edtettek Horv\u00e1th N\u00f3ra, Horv\u00e1th Tamara nyolcadik oszt\u00e1lyos tanul\u00f3ink \u00e9s a hatodik oszt\u00e1lyos Horv\u00e1th Dzsesszika kisel\u0151ad\u00e1s keret\u00e9ben h\u00edvta fel iskolat\u00e1rsai figyelm\u00e9t a v\u00edz p\u00f3tolhatatlans\u00e1g\u00e1ra, az ember k\u00f6rnyezetszennyez\u0151 tev\u00e9kenys\u00e9g\u00e9nek k\u00e1ros k\u00f6vetkezm\u00e9nyeire. Elismer\u00e9s illeti a k\u00e9sz\u00edt\u0151k munk\u00e1j\u00e1t, igaz\u00e1n sz\u00e9p lett a bemutat\u00f3.<\/p>\n<p style=\"text-align: justify;\">K\u00e9mia szakos koll\u00e9gan\u0151nk a hideg, meleg v\u00edz \u00e1raml\u00e1s\u00e1nak ir\u00e1ny\u00e1t szeml\u00e9ltet\u0151 egyszer\u0171, l\u00e1tv\u00e1nyos k\u00eds\u00e9rletet mutatott be tanul\u00f3inknak. Majd egy sz\u00f6k\u0151kutat is var\u00e1zsolt az \u00e9rdekl\u0151d\u0151k el\u00e9. Kov\u00e1cs Attila a szennyez\u00e9snek a v\u00edz fel\u00fcletifesz\u00fclts\u00e9g\u00e9re gyakorolt hat\u00e1s\u00e1t szeml\u00e9ltette egy k\u00eds\u00e9rlet sor\u00e1n.<\/p>\n<p style=\"text-align: justify;\">Egy kiad\u00f3s t\u00edz\u00f3rai ut\u00e1n elindultak a gyerekek nevel\u0151ikkel, hogy csatlakozva a TESZEDD mozgalomhoz szemetet szedjenek a faluban. <span style=\"font-family: andale mono, monospace;\">Tanul\u00f3inkkal<\/span> megtiszt\u00edtottuk Cs\u00f6r\u00f6tneket a r\u00f6n\u00f6ki vas\u00fat\u00e1llom\u00e1ssal \u00f6sszek\u00f6t\u0151 \u00fat melletti \u00e1rkokat nyolc zs\u00e1k szem\u00e9tt\u0151l. Tov\u00e1bb\u00e1 Cs\u00f6r\u00f6tnek utc\u00e1it szeg\u00e9lyez\u0151 z\u00f6ld ter\u00fcleteken is \u00f6sszegy\u0171jt\u00f6tt\u00fcnk h\u00e1romzs\u00e1knyi szemetet. Aki kedvet \u00e9rzett hozz\u00e1 (\u00e9s nem kevesen voltak \u0151k) szombaton csatlakozhatott a Cs\u00f6r\u00f6tneki Ifj\u00fas\u00e1gi Egyes\u00fclet, Cs\u00f6r\u00f6tnek K\u00f6zs\u00e9g \u00d6nkorm\u00e1nyzata \u00e9s a polg\u00e1r\u0151r egyes\u00fclete \u00e1ltal t\u00e1mogatott Te szedd! programhoz is.<\/p>\n<p style=\"text-align: justify;\"><img decoding=\"async\" class=\"alignnone size-full wp-image-426\" src=\"http:\/\/altisk-mlak.sulinet.hu\/wp-content\/uploads\/2019\/06\/7.jpg\" alt=\"\" width=\"1173\" height=\"880\" srcset=\"https:\/\/altisk-mlak.edu.hu\/wp-content\/uploads\/2019\/06\/7.jpg 1173w, https:\/\/altisk-mlak.edu.hu\/wp-content\/uploads\/2019\/06\/7-300x225.jpg 300w, https:\/\/altisk-mlak.edu.hu\/wp-content\/uploads\/2019\/06\/7-768x576.jpg 768w, https:\/\/altisk-mlak.edu.hu\/wp-content\/uploads\/2019\/06\/7-1024x768.jpg 1024w\" sizes=\"(max-width: 1173px) 100vw, 1173px\" \/> <img loading=\"lazy\" decoding=\"async\" class=\"alignnone size-full wp-image-425\" src=\"http:\/\/altisk-mlak.sulinet.hu\/wp-content\/uploads\/2019\/06\/8.jpg\" alt=\"\" width=\"1227\" height=\"920\"><\/p>\n<p style=\"text-align: justify;\">Ezekkel a programokkal t\u00f6lt\u00f6tt\u00e9k iskol\u00e1nk di\u00e1kjai ezt a napot. Mindenki sok \u00faj ismerettel, \u00e9lm\u00e9nnyel, kicsit ugyan f\u00e1radtan t\u00e9rt haza.<\/p>\n","protected":false},"excerpt":{"rendered":"<p>A mi iskol\u00e1nk a Szentgotth\u00e1rd \u00e9s T\u00e9rs\u00e9ge \u00c1ltal\u00e1nos Iskola Magyarlak-Cs\u00f6r\u00f6tnek \u00c1ltal\u00e1nos Iskol\u00e1ja, egy kisiskola. K\u00e9tszeres \u00f6koiskolak\u00e9nt nem volt k\u00e9rd\u00e9s, hogy csatlakozunk a Fenntarthat\u00f3s\u00e1gi T\u00e9mah\u00e9thez, iskol\u00e1nk minden di\u00e1kja r\u00e9szt vett a programokon. Erre<a class=\"moretag\" href=\"https:\/\/altisk-mlak.edu.hu\/index.php\/670\/\">Read More&#8230;<\/a><\/p>\n","protected":false},"author":1,"featured_media":425,"comment_status":"closed","ping_status":"closed","sticky":false,"template":"","format":"standard","meta":{"two_page_speed":[],"footnotes":""},"categories":[23,21],"tags":[],"class_list":["post-670","post","type-post","status-publish","format-standard","has-post-thumbnail","hentry","category-esemeny","category-okoiskola"],"_links":{"self":[{"href":"https:\/\/altisk-mlak.edu.hu\/index.php\/wp-json\/wp\/v2\/posts\/670","targetHints":{"allow":["GET"]}}],"collection":[{"href":"https:\/\/altisk-mlak.edu.hu\/index.php\/wp-json\/wp\/v2\/posts"}],"about":[{"href":"https:\/\/altisk-mlak.edu.hu\/index.php\/wp-json\/wp\/v2\/types\/post"}],"author":[{"embeddable":true,"href":"https:\/\/altisk-mlak.edu.hu\/index.php\/wp-json\/wp\/v2\/users\/1"}],"replies":[{"embeddable":true,"href":"https:\/\/altisk-mlak.edu.hu\/index.php\/wp-json\/wp\/v2\/comments?post=670"}],"version-history":[{"count":2,"href":"https:\/\/altisk-mlak.edu.hu\/index.php\/wp-json\/wp\/v2\/posts\/670\/revisions"}],"predecessor-version":[{"id":672,"href":"https:\/\/altisk-mlak.edu.hu\/index.php\/wp-json\/wp\/v2\/posts\/670\/revisions\/672"}],"wp:featuredmedia":[{"embeddable":true,"href":"https:\/\/altisk-mlak.edu.hu\/index.php\/wp-json\/wp\/v2\/media\/425"}],"wp:attachment":[{"href":"https:\/\/altisk-mlak.edu.hu\/index.php\/wp-json\/wp\/v2\/media?parent=670"}],"wp:term":[{"taxonomy":"category","embeddable":true,"href":"https:\/\/altisk-mlak.edu.hu\/index.php\/wp-json\/wp\/v2\/categories?post=670"},{"taxonomy":"post_tag","embeddable":true,"href":"https:\/\/altisk-mlak.edu.hu\/index.php\/wp-json\/wp\/v2\/tags?post=670"}],"curies":[{"name":"wp","href":"https:\/\/api.w.org\/{rel}","templated":true}]}}