{"id":808,"date":"2021-08-28T23:33:18","date_gmt":"2021-08-28T23:33:18","guid":{"rendered":"https:\/\/altisk-mlak.edu.hu\/?p=808"},"modified":"2021-08-28T23:33:18","modified_gmt":"2021-08-28T23:33:18","slug":"tanevnyito-az-uj-magyarlak-csorotneki-egyhazi-iskolaban","status":"publish","type":"post","link":"https:\/\/altisk-mlak.edu.hu\/index.php\/tanevnyito-az-uj-magyarlak-csorotneki-egyhazi-iskolaban\/","title":{"rendered":"Tan\u00e9vnyit\u00f3 az \u00faj Magyarlak-cs\u00f6r\u00f6tneki egyh\u00e1zi iskol\u00e1ban"},"content":{"rendered":"<p><em>forr\u00e1s: https:\/\/www.martinus.hu<\/em><\/p>\n<p style=\"text-align: justify;\">Tan\u00e9vnyit\u00f3 \u00fcnneps\u00e9get tartottak Cs\u00f6r\u00f6tneken augusztus 28-\u00e1n. A telep\u00fcl\u00e9sen m\u0171k\u00f6d\u0151 Magyarlak-cs\u00f6r\u00f6tneki \u00c1ltal\u00e1nos Iskola, valamint annak R\u00e1bagyarmati telephelye az \u0151szt\u0151l m\u00e1r a Szombathelyi Egyh\u00e1zmegye fenntart\u00e1s\u00e1ban m\u0171k\u00f6dik tov\u00e1bb.\u00a0 Sz\u00e9kely J\u00e1nos megy\u00e9sp\u00fcsp\u00f6k k\u00f6sz\u00f6nt\u00f6tte az iskola di\u00e1kjait, pedag\u00f3gusait, dolgoz\u00f3it, valamint a papp\u00e1 szentel\u00e9s\u00e9nek 50 \u00e9ves \u00e9vfordul\u00f3j\u00e1t id\u00e9n \u00fcnnepl\u0151 Tak\u00e1cs Gyula cs\u00f6r\u00f6tneki pl\u00e9b\u00e1nost.<\/p>\n<p style=\"text-align: justify;\"><img fetchpriority=\"high\" decoding=\"async\" class=\"alignnone size-full wp-image-809\" src=\"https:\/\/altisk-mlak.edu.hu\/wp-content\/uploads\/2021\/08\/tanevnyito-csorotneken-15.jpg\" alt=\"\" width=\"640\" height=\"425\" srcset=\"https:\/\/altisk-mlak.edu.hu\/wp-content\/uploads\/2021\/08\/tanevnyito-csorotneken-15.jpg 640w, https:\/\/altisk-mlak.edu.hu\/wp-content\/uploads\/2021\/08\/tanevnyito-csorotneken-15-300x199.jpg 300w, https:\/\/altisk-mlak.edu.hu\/wp-content\/uploads\/2021\/08\/tanevnyito-csorotneken-15-272x182.jpg 272w\" sizes=\"(max-width: 640px) 100vw, 640px\" \/><\/p>\n<p style=\"text-align: justify;\">Szeptembert\u0151l 1-t\u0151l h\u00e1rom \u00faj k\u00f6znevel\u00e9si int\u00e9zm\u00e9ny tartozik a Szombathelyi Egyh\u00e1zmegye fenntart\u00e1s\u00e1ba, mondta a martinus.hu-nak T\u00e1las J\u00f3zsef, az Egyh\u00e1zmegyei Katolikus Iskol\u00e1k F\u0151hat\u00f3s\u00e1ga igazgat\u00f3ja. S\u00e1rv\u00e1ron a S\u00e1rv\u00e1ri Csicserg\u0151 \u00d3voda folytatja m\u0171k\u00f6d\u00e9s\u00e9t Szent Piroska Katolikus \u00d3voda n\u00e9ven. K\u00f6rmenden a K\u00f6rmendi K\u00f6lcsey Utcai \u00c1ltal\u00e1nos Iskola imm\u00e1r a Boldog Batthy\u00e1ny L\u00e1szl\u00f3 Katolikus \u00c1ltal\u00e1nos Iskola nevet viseli. A harmadik v\u00e1ros Szentgotth\u00e1rd, ahol elkezd\u0151dhet a katolikus nevel\u00e9s-oktat\u00e1s. Itt egy t\u00f6bbc\u00e9l\u00fa int\u00e9zm\u00e9ny, a Szentgotth\u00e1rd \u00e9s T\u00e9rs\u00e9ge \u00c1ltal\u00e1nos Iskola, Gimn\u00e1zium \u00e9s Koll\u00e9gium m\u0171k\u00f6d\u00f6tt t\u00f6bb feladatell\u00e1t\u00e1si hellyel a Szombathelyi Tanker\u00fcleti K\u00f6zpont fenntart\u00e1s\u00e1ban. Egyh\u00e1zi fenntart\u00e1sba n\u00e9gy int\u00e9zm\u00e9nyegys\u00e9g ker\u00fclt: a V\u00f6r\u00f6smarty Gimn\u00e1zium, a Sz\u00e9chenyi Istv\u00e1n \u00c1ltal\u00e1nos Iskola, a Magyarlak-Cs\u00f6r\u00f6tnek \u00c1ltal\u00e1nos Iskola \u00e9s ennek R\u00e1bagyarmati Telephelye. Ezeket az int\u00e9zm\u00e9nyegys\u00e9geket tov\u00e1bbra is egy iskolak\u00e9nt, egy int\u00e9zm\u00e9nyk\u00e9nt m\u0171k\u00f6dteti az egyh\u00e1zmegye. Az iskola \u00faj neve a telep\u00fcl\u00e9s n\u00e9vad\u00f3 szentj\u00e9nek nev\u00e9t viseli: Szent Gotth\u00e1rd \u00c1ltal\u00e1nos Iskola \u00e9s Gimn\u00e1zium.<\/p>\n<p style=\"text-align: justify;\">Cs\u00f6r\u00f6tneken az \u00d6r\u00f6k Ige-templomban gy\u0171ltek \u00f6ssze a Magyarlak-cs\u00f6r\u00f6tneki int\u00e9zm\u00e9nyben tanul\u00f3 di\u00e1kok, pedag\u00f3gusok, dolgoz\u00f3k, hogy imm\u00e1r mint egyh\u00e1zi iskola, elkezdj\u00e9k az \u00faj tan\u00e9vet. A szentmise keret\u00e9ben megtartott \u00e9vnyit\u00f3n az egyh\u00e1zk\u00f6zs\u00e9g tagjai, a telep\u00fcl\u00e9s polg\u00e1rmestere \u00e9s Sz\u00e9kely J\u00e1nos megy\u00e9sp\u00fcsp\u00f6k is k\u00f6sz\u00f6nt\u00f6tt\u00e9k az aranymis\u00e9j\u00e9t \u00fcnnepl\u0151 Tak\u00e1cs Gyula aty\u00e1t, akinek nagy \u00e9rdemei vannak abban, hogy a telep\u00fcl\u00e9s iskol\u00e1ja egyh\u00e1zi fenntart\u00e1sba ker\u00fclt.<\/p>\n<p style=\"text-align: justify;\">Sz\u00e9kely J\u00e1nos meg\u00e1ldotta a gyermekeknek aj\u00e1nd\u00e9kozott kereszteket. Mi az amit ad egy egyh\u00e1zi iskola? \u2013 tette fel a k\u00e9rd\u00e9st szentbesz\u00e9d\u00e9ben a megy\u00e9sp\u00fcsp\u00f6k. Az egyh\u00e1zi iskol\u00e1ban J\u00e9zus is megjelenik \u00faj tan\u00edt\u00f3k\u00e9nt, aki a legfontosabbra akarja tan\u00edtani a gyerekeket. Arra, a sz\u00edv\u00fck megteljen \u00f6r\u00f6mmel, j\u00f3s\u00e1ggal, szeretettel. J\u00e9zus a legfontosabb dolgokat nem szavakkal mondta el, hanem az \u00e9let\u00e9vel, a v\u00e9r\u00e9vel: mindent odaadott. Arra tan\u00edt minket is, hogy az \u00e9rt\u00e9kes dolgoknak \u00e1ra van ebben a vil\u00e1gban.<\/p>\n<p style=\"text-align: justify;\">Mindannyian Isten szeretett gyermekei vagytok, az \u0151 remekm\u0171vei, mondta Sz\u00e9kely J\u00e1nos. Ez nagyobb minden f\u00f6ldi m\u00e9lt\u00f3s\u00e1gn\u00e1l. Ha ezt valaki megsejti, ha tudja, hogy van egy Mennyei Aty\u00e1m, aki szeret \u00e9s gondol r\u00e1m, akkor annak az embernek a sz\u00edve megtelik \u00f6r\u00f6mmel, t\u00falcsodrul, \u00fagy, hogy m\u00e1soknak is tud bel\u0151le adni.<\/p>\n<p style=\"text-align: justify;\"><a class=\"external\" href=\"https:\/\/drive.google.com\/file\/d\/1GD54gcC6HK4saadwWJRCAMKo-rgBrUS9\/view?usp=sharing\" target=\"_blank\" rel=\"noopener\">Dr. Sz\u00e9kely J\u00e1nos megy\u00e9sp\u00fcsp\u00f6k szentbesz\u00e9de meghallgathat\u00f3 itt.\u00a0 <\/a><\/p>\n<p style=\"text-align: justify;\">A tan\u00e9vnyit\u00f3 \u00fcnneps\u00e9g\u00e9n v\u00e9g\u00e9n Tak\u00e1cs Gyula atya is k\u00f6sz\u00f6nt\u00f6tte az egyh\u00e1zi iskola di\u00e1kjait, pedag\u00f3gusait \u00e9s aranymis\u00e9s \u00e1ld\u00e1st adott a megjelent h\u00edveknek.<\/p>\n","protected":false},"excerpt":{"rendered":"<p>forr\u00e1s: https:\/\/www.martinus.hu Tan\u00e9vnyit\u00f3 \u00fcnneps\u00e9get tartottak Cs\u00f6r\u00f6tneken augusztus 28-\u00e1n. A telep\u00fcl\u00e9sen m\u0171k\u00f6d\u0151 Magyarlak-cs\u00f6r\u00f6tneki \u00c1ltal\u00e1nos Iskola, valamint annak R\u00e1bagyarmati telephelye az \u0151szt\u0151l m\u00e1r a Szombathelyi Egyh\u00e1zmegye fenntart\u00e1s\u00e1ban m\u0171k\u00f6dik tov\u00e1bb.\u00a0 Sz\u00e9kely J\u00e1nos megy\u00e9sp\u00fcsp\u00f6k k\u00f6sz\u00f6nt\u00f6tte az<a class=\"moretag\" href=\"https:\/\/altisk-mlak.edu.hu\/index.php\/tanevnyito-az-uj-magyarlak-csorotneki-egyhazi-iskolaban\/\">Read More&#8230;<\/a><\/p>\n","protected":false},"author":1,"featured_media":0,"comment_status":"closed","ping_status":"closed","sticky":false,"template":"","format":"standard","meta":{"two_page_speed":[],"footnotes":""},"categories":[1],"tags":[],"class_list":["post-808","post","type-post","status-publish","format-standard","hentry","category-egyeb"],"_links":{"self":[{"href":"https:\/\/altisk-mlak.edu.hu\/index.php\/wp-json\/wp\/v2\/posts\/808","targetHints":{"allow":["GET"]}}],"collection":[{"href":"https:\/\/altisk-mlak.edu.hu\/index.php\/wp-json\/wp\/v2\/posts"}],"about":[{"href":"https:\/\/altisk-mlak.edu.hu\/index.php\/wp-json\/wp\/v2\/types\/post"}],"author":[{"embeddable":true,"href":"https:\/\/altisk-mlak.edu.hu\/index.php\/wp-json\/wp\/v2\/users\/1"}],"replies":[{"embeddable":true,"href":"https:\/\/altisk-mlak.edu.hu\/index.php\/wp-json\/wp\/v2\/comments?post=808"}],"version-history":[{"count":2,"href":"https:\/\/altisk-mlak.edu.hu\/index.php\/wp-json\/wp\/v2\/posts\/808\/revisions"}],"predecessor-version":[{"id":811,"href":"https:\/\/altisk-mlak.edu.hu\/index.php\/wp-json\/wp\/v2\/posts\/808\/revisions\/811"}],"wp:attachment":[{"href":"https:\/\/altisk-mlak.edu.hu\/index.php\/wp-json\/wp\/v2\/media?parent=808"}],"wp:term":[{"taxonomy":"category","embeddable":true,"href":"https:\/\/altisk-mlak.edu.hu\/index.php\/wp-json\/wp\/v2\/categories?post=808"},{"taxonomy":"post_tag","embeddable":true,"href":"https:\/\/altisk-mlak.edu.hu\/index.php\/wp-json\/wp\/v2\/tags?post=808"}],"curies":[{"name":"wp","href":"https:\/\/api.w.org\/{rel}","templated":true}]}}