{"id":821,"date":"2021-10-18T09:05:32","date_gmt":"2021-10-18T09:05:32","guid":{"rendered":"http:\/\/altisk-mlak.edu.hu\/?p=821"},"modified":"2021-10-18T09:05:33","modified_gmt":"2021-10-18T09:05:33","slug":"palyaorientacios-nap","status":"publish","type":"post","link":"https:\/\/altisk-mlak.edu.hu\/index.php\/palyaorientacios-nap\/","title":{"rendered":"P\u00e1lyaorient\u00e1ci\u00f3s nap"},"content":{"rendered":"<p>Iskol\u00e1nk als\u00f3 tagozata 2021. okt\u00f3ber 6-\u00e1n p\u00e1lyaorient\u00e1ci\u00f3s napon vett r\u00e9szt. A terv szerint a faluban l\u00e9v\u0151 k\u00fcl\u00f6nb\u00f6z\u0151 helysz\u00edneken ismerkedt\u00fcnk egyes szakm\u00e1kkal.<\/p>\n<p>El\u0151sz\u00f6r a cs\u00f6r\u00f6tneki T\u00fczesv\u00edz P\u00e1linkaf\u0151z\u0151be l\u00e1togattunk el, ahol Kardos Laci b\u00e1csi avatta be az \u00e9rdekl\u0151d\u0151ket a p\u00e1linkaf\u0151z\u00e9s izgalmas titkaiba. Elvar\u00e1zsolt mindenkit a hatalmas, tisztas\u00e1gt\u00f3l ragyog\u00f3 p\u00e1linkaf\u0151z\u0151 \u00fcst\u00f6k l\u00e1tv\u00e1nya is. A l\u00e1togat\u00e1s v\u00e9g\u00e9n finom falatokkal, \u00fcd\u00edt\u0151vel vend\u00e9gelt\u00e9k meg kis csapatunkat.<\/p>\n<p>K\u00f6vetkezett a falu legnagyobb boltja, ahol Vali n\u00e9ni seg\u00edtett t\u00e1j\u00e9koz\u00f3dni. \u00c9rdekes volt a rakt\u00e1rak rejtelmeibe bepillantani, de legjobban a sarokban \u00e1ll\u00f3 \u00f6reg m\u00e1zs\u00e1l\u00f3 tetszett, amin mindenki megm\u00e9rette mag\u00e1t.<\/p>\n<p>Az iskol\u00e1ban gyors t\u00edz\u00f3raiz\u00e1s k\u00f6vetkezett, a Post\u00e1n Angi n\u00e9ni v\u00e1rt benn\u00fcnket. Nagyon k\u00edv\u00e1ncsiak voltunk, mi minden t\u00f6rt\u00e9nik ebben a sz\u00e1munkra ismeretlen \u00e9p\u00fcletben. Megtudtuk, hogy nem csak p\u00e9nzfelv\u00e9tellel, hanem csomagfelad\u00e1ssal, lott\u00f3z\u00e1ssal is foglalkoznak. Aki pedig takar\u00e9koskodni szeretne, itt biztons\u00e1gban tudhatja a p\u00e9nz\u00e9t. Itt sz\u00e9pen \u00edr\u00f3 goly\u00f3stollakat kaptunk.<\/p>\n<p>A nap legizgalmasabb helysz\u00edn\u00e9re r\u00f6vid s\u00e9ta ut\u00e1n jutottunk el. M\u00e1t\u00e9 gazda tehen\u00e9szet\u00e9ben egy ismeretlen vil\u00e1g fogadott minket. A tehenek, bocik \u00e9ppen az illatos takarm\u00e1nyt ett\u00e9k, mikor oda\u00e9rt\u00fcnk. Nagyon izgalmas volt ilyen k\u00f6zelr\u0151l l\u00e1tni ezeket az eg\u00e9szs\u00e9ges, sz\u00e9p \u00e1llatokat. Elhat\u00e1roztuk, hogy ezent\u00fal t\u00f6bb tejet iszunk, mert hasznos a n\u00f6vekv\u0151 szervezet sz\u00e1m\u00e1ra a term\u00e9szetes k\u00e1lcium \u00e9s a sok vitamin.<\/p>\n<p>A nap v\u00e9g\u00e9n sok \u00e9rt\u00e9kes ismeret, tud\u00e1s birtok\u00e1ban indultunk haza. K\u00f6sz\u00f6nj\u00fck mindenkinek, hogy ennyi izgalmas pillanat r\u00e9szesei lett\u00fcnk. Megtanultuk, hogy a szorgalmas munk\u00e1nak mindig van eredm\u00e9nye.<\/p>\n<table class=\" aligncenter\" style=\"height: 630px; width: 52.1667%; border-collapse: collapse;\">\n<tbody>\n<tr>\n<td style=\"width: 49.8403%;\"><img fetchpriority=\"high\" decoding=\"async\" class=\"size-medium wp-image-823 aligncenter\" src=\"https:\/\/altisk-mlak.edu.hu\/wp-content\/uploads\/2021\/10\/po1-1-225x300.jpg\" alt=\"\" width=\"225\" height=\"300\" srcset=\"https:\/\/altisk-mlak.edu.hu\/wp-content\/uploads\/2021\/10\/po1-1-225x300.jpg 225w, https:\/\/altisk-mlak.edu.hu\/wp-content\/uploads\/2021\/10\/po1-1-768x1024.jpg 768w, https:\/\/altisk-mlak.edu.hu\/wp-content\/uploads\/2021\/10\/po1-1-1152x1536.jpg 1152w, https:\/\/altisk-mlak.edu.hu\/wp-content\/uploads\/2021\/10\/po1-1.jpg 1302w\" sizes=\"(max-width: 225px) 100vw, 225px\" \/><\/td>\n<td style=\"width: 49.8403%;\"><img decoding=\"async\" class=\"size-medium wp-image-824 aligncenter\" src=\"https:\/\/altisk-mlak.edu.hu\/wp-content\/uploads\/2021\/10\/po2-225x300.jpg\" alt=\"\" width=\"225\" height=\"300\" srcset=\"https:\/\/altisk-mlak.edu.hu\/wp-content\/uploads\/2021\/10\/po2-225x300.jpg 225w, https:\/\/altisk-mlak.edu.hu\/wp-content\/uploads\/2021\/10\/po2.jpg 558w\" sizes=\"(max-width: 225px) 100vw, 225px\" \/><\/td>\n<\/tr>\n<tr>\n<td style=\"width: 49.8403%;\"><img decoding=\"async\" class=\"size-medium wp-image-825 aligncenter\" src=\"https:\/\/altisk-mlak.edu.hu\/wp-content\/uploads\/2021\/10\/po3-225x300.jpg\" alt=\"\" width=\"225\" height=\"300\" srcset=\"https:\/\/altisk-mlak.edu.hu\/wp-content\/uploads\/2021\/10\/po3-225x300.jpg 225w, https:\/\/altisk-mlak.edu.hu\/wp-content\/uploads\/2021\/10\/po3.jpg 558w\" sizes=\"(max-width: 225px) 100vw, 225px\" \/><\/td>\n<td style=\"width: 49.8403%;\"><img loading=\"lazy\" decoding=\"async\" class=\"alignnone size-medium wp-image-826 aligncenter\" src=\"https:\/\/altisk-mlak.edu.hu\/wp-content\/uploads\/2021\/10\/po4-225x300.jpg\" alt=\"\" width=\"225\" height=\"300\" srcset=\"https:\/\/altisk-mlak.edu.hu\/wp-content\/uploads\/2021\/10\/po4-225x300.jpg 225w, https:\/\/altisk-mlak.edu.hu\/wp-content\/uploads\/2021\/10\/po4.jpg 558w\" sizes=\"(max-width: 225px) 100vw, 225px\" \/><\/td>\n<\/tr>\n<\/tbody>\n<\/table>\n<p>Fels\u0151s tanul\u00f3ink ezen a napon a szombathelyi Herman Ott\u00f3 Szakk\u00e9pz\u0151 Iskol\u00e1ba l\u00e1togattak el. Az iskol\u00e1ban sz\u00e1mos k\u00e9pz\u00e9sre van lehet\u0151s\u00e9g: erd\u00e9sztechnikus, kert\u00e9sztechnikus, k\u00f6rnyezetv\u00e9delmi technikus, v\u00edz\u00fcgyi technikus, sportedz\u0151. A di\u00e1kok minden szakm\u00e1ban kipr\u00f3b\u00e1lhatt\u00e1k magukat. Betekint\u00e9st kaptak a park\u00e9p\u00edt\u0151k munk\u00e1j\u00e1ba, t\u00e9rk\u00f6veket raktak ki eml\u00e9kezetb\u0151l minta alapj\u00e1n. Az \u00fcvegh\u00e1zban megismert\u00e9k a n\u00f6v\u00e9nyek \u00fcltet\u00e9s\u00e9hez haszn\u00e1latos g\u00e9peket, d\u00edszn\u00f6v\u00e9nyt \u00fcltettek, melyet haza is hoztak magukkal. A vir\u00e1gk\u00f6t\u0151 oktat\u00f3 seg\u00edts\u00e9g\u00e9vel a l\u00e1nyok sz\u00e9p masnikat k\u00e9sz\u00edtettek. A k\u00f6rnyezetv\u00e9d\u0151 technikusokkal k\u00e9miai k\u00eds\u00e9rleteket hajtottak v\u00e9gre \u00e9s a mikroszk\u00f3pot is kipr\u00f3b\u00e1lt\u00e1k. A sportedz\u0151 tanul\u00f3k seg\u00edts\u00e9g\u00e9vel tesztelt\u00e9k sporttal kapcsolatos tud\u00e1sukat, majd a p\u00e1ly\u00e1n is bizony\u00edthatt\u00e1k \u00fcgyess\u00e9g\u00fcket. A vad\u00e1szok, erd\u00e9szek \u00e9let\u00e9be is bepillanthattak: v\u00e9d\u0151felszerel\u00e9sbe b\u00fajhattak, motorf\u0171r\u00e9szt foghattak kez\u00fckbe, valamint a k\u00fcl\u00f6nb\u00f6z\u0151 fegyvereket is megtekinthett\u00e9k. Mindenki nagyon j\u00f3l \u00e9rezte mag\u00e1t, sz\u00e1mos \u00e9lm\u00e9nnyel gazdagodva t\u00e9rt\u00fcnk haza. Van, aki m\u00e1r most ebben az iskol\u00e1ban k\u00e9pzeli el a j\u00f6v\u0151j\u00e9t.<\/p>\n<table class=\" aligncenter\" style=\"width: 50%; border-collapse: collapse;\">\n<tbody>\n<tr>\n<td style=\"width: 50%;\"><img loading=\"lazy\" decoding=\"async\" class=\"size-medium wp-image-827 aligncenter\" src=\"https:\/\/altisk-mlak.edu.hu\/wp-content\/uploads\/2021\/10\/po5-300x225.jpg\" alt=\"\" width=\"300\" height=\"225\" srcset=\"https:\/\/altisk-mlak.edu.hu\/wp-content\/uploads\/2021\/10\/po5-300x225.jpg 300w, https:\/\/altisk-mlak.edu.hu\/wp-content\/uploads\/2021\/10\/po5-768x576.jpg 768w, https:\/\/altisk-mlak.edu.hu\/wp-content\/uploads\/2021\/10\/po5.jpg 960w\" sizes=\"(max-width: 300px) 100vw, 300px\" \/><\/td>\n<td style=\"width: 50%;\"><img loading=\"lazy\" decoding=\"async\" class=\"size-medium wp-image-828 aligncenter\" src=\"https:\/\/altisk-mlak.edu.hu\/wp-content\/uploads\/2021\/10\/po6-300x225.jpg\" alt=\"\" width=\"300\" height=\"225\" srcset=\"https:\/\/altisk-mlak.edu.hu\/wp-content\/uploads\/2021\/10\/po6-300x225.jpg 300w, https:\/\/altisk-mlak.edu.hu\/wp-content\/uploads\/2021\/10\/po6-768x576.jpg 768w, https:\/\/altisk-mlak.edu.hu\/wp-content\/uploads\/2021\/10\/po6.jpg 960w\" sizes=\"(max-width: 300px) 100vw, 300px\" \/><\/td>\n<\/tr>\n<tr>\n<td style=\"width: 50%;\" colspan=\"2\"><img loading=\"lazy\" decoding=\"async\" class=\"size-medium wp-image-829 aligncenter\" src=\"https:\/\/altisk-mlak.edu.hu\/wp-content\/uploads\/2021\/10\/po7-300x225.jpg\" alt=\"\" width=\"300\" height=\"225\" srcset=\"https:\/\/altisk-mlak.edu.hu\/wp-content\/uploads\/2021\/10\/po7-300x225.jpg 300w, https:\/\/altisk-mlak.edu.hu\/wp-content\/uploads\/2021\/10\/po7-768x576.jpg 768w, https:\/\/altisk-mlak.edu.hu\/wp-content\/uploads\/2021\/10\/po7.jpg 960w\" sizes=\"(max-width: 300px) 100vw, 300px\" \/><\/td>\n<\/tr>\n<\/tbody>\n<\/table>\n","protected":false},"excerpt":{"rendered":"<p>Iskol\u00e1nk als\u00f3 tagozata 2021. okt\u00f3ber 6-\u00e1n p\u00e1lyaorient\u00e1ci\u00f3s napon vett r\u00e9szt. A terv szerint a faluban l\u00e9v\u0151 k\u00fcl\u00f6nb\u00f6z\u0151 helysz\u00edneken ismerkedt\u00fcnk egyes szakm\u00e1kkal. El\u0151sz\u00f6r a cs\u00f6r\u00f6tneki T\u00fczesv\u00edz P\u00e1linkaf\u0151z\u0151be l\u00e1togattunk el, ahol Kardos Laci b\u00e1csi<a class=\"moretag\" href=\"https:\/\/altisk-mlak.edu.hu\/index.php\/palyaorientacios-nap\/\">Read More&#8230;<\/a><\/p>\n","protected":false},"author":3,"featured_media":0,"comment_status":"closed","ping_status":"closed","sticky":false,"template":"","format":"standard","meta":{"two_page_speed":[],"footnotes":""},"categories":[1],"tags":[],"class_list":["post-821","post","type-post","status-publish","format-standard","hentry","category-egyeb"],"_links":{"self":[{"href":"https:\/\/altisk-mlak.edu.hu\/index.php\/wp-json\/wp\/v2\/posts\/821","targetHints":{"allow":["GET"]}}],"collection":[{"href":"https:\/\/altisk-mlak.edu.hu\/index.php\/wp-json\/wp\/v2\/posts"}],"about":[{"href":"https:\/\/altisk-mlak.edu.hu\/index.php\/wp-json\/wp\/v2\/types\/post"}],"author":[{"embeddable":true,"href":"https:\/\/altisk-mlak.edu.hu\/index.php\/wp-json\/wp\/v2\/users\/3"}],"replies":[{"embeddable":true,"href":"https:\/\/altisk-mlak.edu.hu\/index.php\/wp-json\/wp\/v2\/comments?post=821"}],"version-history":[{"count":1,"href":"https:\/\/altisk-mlak.edu.hu\/index.php\/wp-json\/wp\/v2\/posts\/821\/revisions"}],"predecessor-version":[{"id":830,"href":"https:\/\/altisk-mlak.edu.hu\/index.php\/wp-json\/wp\/v2\/posts\/821\/revisions\/830"}],"wp:attachment":[{"href":"https:\/\/altisk-mlak.edu.hu\/index.php\/wp-json\/wp\/v2\/media?parent=821"}],"wp:term":[{"taxonomy":"category","embeddable":true,"href":"https:\/\/altisk-mlak.edu.hu\/index.php\/wp-json\/wp\/v2\/categories?post=821"},{"taxonomy":"post_tag","embeddable":true,"href":"https:\/\/altisk-mlak.edu.hu\/index.php\/wp-json\/wp\/v2\/tags?post=821"}],"curies":[{"name":"wp","href":"https:\/\/api.w.org\/{rel}","templated":true}]}}