{"id":833,"date":"2021-11-15T07:46:34","date_gmt":"2021-11-15T07:46:34","guid":{"rendered":"http:\/\/altisk-mlak.edu.hu\/?p=833"},"modified":"2021-11-15T07:46:34","modified_gmt":"2021-11-15T07:46:34","slug":"mezesnap","status":"publish","type":"post","link":"https:\/\/altisk-mlak.edu.hu\/index.php\/mezesnap\/","title":{"rendered":"M\u00e9zesnap"},"content":{"rendered":"<p style=\"text-align: justify;\">Iskol\u00e1nkban minden \u00e9v november\u00e9ben Eg\u00e9szs\u00e9gnapot szervez\u00fcnk. A kor\u00e1bbi \u00e9vekben eg\u00e9szs\u00e9gt\u00far\u00e1kon vett\u00fcnk r\u00e9szt, j\u00e1rtunk a cs\u00f6r\u00f6tneki sz\u0151l\u0151hegyen \u00e9s t\u00f3n\u00e1l, nagyszab\u00e1s\u00fa zumba\u00f3r\u00e1t tartottunk, vagy teah\u00e1zz\u00e1, sal\u00e1tab\u00e1rr\u00e1, fitot\u00e9k\u00e1v\u00e1 var\u00e1zsoltuk az oszt\u00e1ly-termeket. Az id\u00e9n november 5-\u00e9n a m\u00e9hek \u00e9s a m\u00e9z t\u00e9mak\u00f6r k\u00f6r\u00e9 \u00e9p\u00edtett\u00fck fel a napot. C\u00e9lunk kett\u0151s volt: a m\u00e9zet mint eg\u00e9szs\u00e9ges t\u00e1pl\u00e1l\u00e9kot n\u00e9pszer\u0171s\u00edtett\u00fck a gyerekek k\u00f6r\u00e9ben, \u00e9s a m\u00e9hek szerep\u00e9nek fontoss\u00e1g\u00e1ra is felh\u00edvtuk a figyelmet. Sajnos az ut\u00f3bbi id\u0151ben drasztikusan cs\u00f6kkent e hasznos rovarok sz\u00e1ma a n\u00f6v\u00e9nyv\u00e9d\u0151 szerek \u00e9s a kl\u00edmav\u00e1ltoz\u00e1s miatt, ez\u00e9rt is esett v\u00e1laszt\u00e1sunk erre a t\u00e9m\u00e1ra.<\/p>\n<p>A tematikus napot az iskolak\u00f3rus nyitotta meg a \u201eM\u00e9z, m\u00e9z, m\u00e9z\u201d c. dallal.<\/p>\n<p><img fetchpriority=\"high\" decoding=\"async\" class=\"size-medium wp-image-834 aligncenter\" src=\"https:\/\/altisk-mlak.edu.hu\/wp-content\/uploads\/2021\/11\/mezesnap1-225x300.jpg\" alt=\"\" width=\"225\" height=\"300\" srcset=\"https:\/\/altisk-mlak.edu.hu\/wp-content\/uploads\/2021\/11\/mezesnap1-225x300.jpg 225w, https:\/\/altisk-mlak.edu.hu\/wp-content\/uploads\/2021\/11\/mezesnap1-768x1024.jpg 768w, https:\/\/altisk-mlak.edu.hu\/wp-content\/uploads\/2021\/11\/mezesnap1.jpg 921w\" sizes=\"(max-width: 225px) 100vw, 225px\" \/><\/p>\n<p style=\"text-align: justify;\">A programind\u00edt\u00f3 k\u00f6z\u00f6s \u00e9nekl\u00e9st k\u00f6vet\u0151en Dr. Tak\u00e1cs Gyula iskolalelk\u00e9sz im\u00e1t mondott az eg\u00e9szs\u00e9g\u00e9rt \u00e9s a betegek gy\u00f3gyul\u00e1s\u00e1\u00e9rt.<\/p>\n<p><img decoding=\"async\" class=\"size-medium wp-image-835 aligncenter\" src=\"https:\/\/altisk-mlak.edu.hu\/wp-content\/uploads\/2021\/11\/mezesnap2-225x300.jpg\" alt=\"\" width=\"225\" height=\"300\" srcset=\"https:\/\/altisk-mlak.edu.hu\/wp-content\/uploads\/2021\/11\/mezesnap2-225x300.jpg 225w, https:\/\/altisk-mlak.edu.hu\/wp-content\/uploads\/2021\/11\/mezesnap2-768x1024.jpg 768w, https:\/\/altisk-mlak.edu.hu\/wp-content\/uploads\/2021\/11\/mezesnap2.jpg 866w\" sizes=\"(max-width: 225px) 100vw, 225px\" \/><\/p>\n<p style=\"text-align: justify;\">A foh\u00e1sz ut\u00e1n a k\u00f3rus a m\u00e9hek szorgos munk\u00e1j\u00e1t m\u00e9ltatta a \u201eMinden, mi \u00e9l\u201d c. egyh\u00e1zi \u00e9nekkel. Ezt k\u00f6vet\u0151en V. N\u00e9meth Zsolt miniszteri biztos, orsz\u00e1ggy\u0171l\u00e9si k\u00e9pvisel\u0151 \u00e9rdekes p\u00e9ld\u00e1kkal illusztr\u00e1lt k\u00f6sz\u00f6nt\u0151 besz\u00e9det mondott, \u00e9s elismer\u0151en sz\u00f3lt iskol\u00e1nk k\u00f6rnyezetv\u00e9delmi \u00e9s t\u00e1rsadalmi szerepv\u00e1llal\u00e1s\u00e1r\u00f3l. Az el\u00f6lj\u00e1r\u00f3 kit\u00e9rt arra is, hogy a m\u00e9hek munk\u00e1ja igazi j\u00f3t\u00e9tem\u00e9ny, a m\u00e9znek sz\u00e1mos j\u00f3t\u00e9kony hat\u00e1sa ismert, tov\u00e1bb\u00e1 a m\u00e9z \u00e9s a m\u00e9h\u00e9szet a hungarikumok k\u00f6z\u00e9 tartozik.<\/p>\n<p style=\"text-align: justify;\"><img decoding=\"async\" class=\"size-medium wp-image-836 aligncenter\" src=\"https:\/\/altisk-mlak.edu.hu\/wp-content\/uploads\/2021\/11\/mezesnap3-225x300.jpg\" alt=\"\" width=\"225\" height=\"300\" srcset=\"https:\/\/altisk-mlak.edu.hu\/wp-content\/uploads\/2021\/11\/mezesnap3-225x300.jpg 225w, https:\/\/altisk-mlak.edu.hu\/wp-content\/uploads\/2021\/11\/mezesnap3.jpg 681w\" sizes=\"(max-width: 225px) 100vw, 225px\" \/><\/p>\n<p style=\"text-align: justify;\">A t\u00e9manapon az Orsz\u00e1gos Magyar M\u00e9h\u00e9szeti Egyes\u00fclet is k\u00e9pviseltette mag\u00e1t Benedikti \u00c1rp\u00e1d Vas megyei szaktan\u00e1csad\u00f3 szem\u00e9ly\u00e9ben. A szakember sz\u00f3lt a beporz\u00f3k \u00e1ld\u00e1sos tev\u00e9kenys\u00e9g\u00e9r\u0151l, \u00e9s \u00e1tny\u00fajtotta az iskola tanul\u00f3inak csomagolt m\u00e9ztasakokat.<\/p>\n<p><img loading=\"lazy\" decoding=\"async\" class=\"size-medium wp-image-837 aligncenter\" src=\"https:\/\/altisk-mlak.edu.hu\/wp-content\/uploads\/2021\/11\/mezesnap4-225x300.jpg\" alt=\"\" width=\"225\" height=\"300\" srcset=\"https:\/\/altisk-mlak.edu.hu\/wp-content\/uploads\/2021\/11\/mezesnap4-225x300.jpg 225w, https:\/\/altisk-mlak.edu.hu\/wp-content\/uploads\/2021\/11\/mezesnap4.jpg 707w\" sizes=\"(max-width: 225px) 100vw, 225px\" \/><\/p>\n<p style=\"text-align: justify;\">Az adom\u00e1nyoz\u00e1s ut\u00e1n a \u201eM\u00e9hek, m\u00e9z, eg\u00e9szs\u00e9g\u201d c. rajzp\u00e1ly\u00e1zat eredm\u00e9nyhirdet\u00e9se k\u00f6vetkezett.<\/p>\n<p style=\"text-align: justify;\">A zs\u0171ri tagjai: Kov\u00e1cs Zsuzsanna \u00e9s M\u00e9h\u00e9sz Zolt\u00e1n rajztan\u00e1rok \u00e9rt\u00e9kelt\u00e9k az alkot\u00e1sokat, \u00e9s fel\u00e1ll\u00edtott\u00e1k az al\u00e1bbi rangsort:<\/p>\n<p style=\"text-align: justify;\">Als\u00f3 tagozat: 1. Tak\u00e1cs D\u00e1vid, Racker Elizabet, 2. Magyar Levente, Horv\u00e1th Rafael, 3. Doncsecz Vanda, Horv\u00e1th Lilla<\/p>\n<p style=\"text-align: justify;\">Fels\u0151 tagozat: 1. Racker Karolina, 2. Doncsecz Vikt\u00f3ria, J\u00f3zsi J\u00e1zmin, 3. Horv\u00e1th Judit<\/p>\n<p style=\"text-align: justify;\">R\u00e1bagyarmati telephely: 1. Kov\u00e1cs R\u00e9ka, 2. Eszterg\u00e1lyos Benett, 3. Tak\u00e1cs L\u00e9na<\/p>\n<p style=\"text-align: justify;\">Minden p\u00e1lyamunk\u00e1t k\u00e9sz\u00edt\u0151 gyermek \u201em\u00e9hes\u201d vagy \u201em\u00e9zes\u201d aj\u00e1nd\u00e9kban r\u00e9szes\u00fclt.<\/p>\n<p><img loading=\"lazy\" decoding=\"async\" class=\"size-medium wp-image-838 aligncenter\" src=\"https:\/\/altisk-mlak.edu.hu\/wp-content\/uploads\/2021\/11\/mezesnap5-225x300.jpg\" alt=\"\" width=\"225\" height=\"300\" srcset=\"https:\/\/altisk-mlak.edu.hu\/wp-content\/uploads\/2021\/11\/mezesnap5-225x300.jpg 225w, https:\/\/altisk-mlak.edu.hu\/wp-content\/uploads\/2021\/11\/mezesnap5.jpg 649w\" sizes=\"(max-width: 225px) 100vw, 225px\" \/><\/p>\n<p style=\"text-align: justify;\">A d\u00edjaz\u00e1st k\u00f6vet\u0151en Galambos Gyula mesterm\u00e9h\u00e9sz \u00e9s Gyenes Csilla fito- \u00e9s apiterapeuta interakt\u00edv el\u0151ad\u00e1st tartottak a m\u00e9hekr\u0151l \u00e9s a m\u00e9zr\u0151l k\u00e9t csoportban. A gyermekek k\u00f6zelr\u0151l is megismerhett\u00e9k a m\u00e9h\u00e9szeti eszk\u00f6z\u00f6ket, s\u0151t a bev\u00e1llal\u00f3sabbak m\u00e9h\u00e9szruh\u00e1ba is b\u00fajhattak.<\/p>\n<p><img loading=\"lazy\" decoding=\"async\" class=\"aligncenter wp-image-839\" src=\"https:\/\/altisk-mlak.edu.hu\/wp-content\/uploads\/2021\/11\/mezesnap6-300x225.jpg\" alt=\"\" width=\"500\" height=\"375\" srcset=\"https:\/\/altisk-mlak.edu.hu\/wp-content\/uploads\/2021\/11\/mezesnap6-300x225.jpg 300w, https:\/\/altisk-mlak.edu.hu\/wp-content\/uploads\/2021\/11\/mezesnap6-1024x768.jpg 1024w, https:\/\/altisk-mlak.edu.hu\/wp-content\/uploads\/2021\/11\/mezesnap6-768x576.jpg 768w, https:\/\/altisk-mlak.edu.hu\/wp-content\/uploads\/2021\/11\/mezesnap6.jpg 1053w\" sizes=\"(max-width: 500px) 100vw, 500px\" \/><\/p>\n<p style=\"text-align: justify;\">\u00a0A projektnapot t\u00f6bb k\u00eds\u00e9r\u0151program is gazdag\u00edtotta: k\u00e9zm\u0171ves foglalkoz\u00e1sok, kv\u00edz-feladatok, m\u00e9zes reggeli, tanul\u00e1si \u00f6sv\u00e9ny, k\u00f6z\u00f6s l\u00e9p k\u00e9sz\u00edt\u00e9se.<\/p>\n<p><img loading=\"lazy\" decoding=\"async\" class=\"aligncenter wp-image-840\" src=\"https:\/\/altisk-mlak.edu.hu\/wp-content\/uploads\/2021\/11\/mezesnap7-300x228.jpg\" alt=\"\" width=\"499\" height=\"380\" srcset=\"https:\/\/altisk-mlak.edu.hu\/wp-content\/uploads\/2021\/11\/mezesnap7-300x228.jpg 300w, https:\/\/altisk-mlak.edu.hu\/wp-content\/uploads\/2021\/11\/mezesnap7.jpg 736w\" sizes=\"(max-width: 499px) 100vw, 499px\" \/><\/p>\n<p style=\"text-align: justify;\">A rendezv\u00e9nyen r\u00e9szt vettek a magyarlaki \u00f3vod\u00e1sok \u00e9s a r\u00e1bagyarmati telephely tanul\u00f3i is.<br \/>\nEml\u00edt\u00e9sre m\u00e9lt\u00f3, hogy a nap a pedag\u00f3gusok, a gyermekek \u00e9s a sz\u00fcl\u0151k k\u00f6z\u00f6s szervez\u00e9s\u00e9ben val\u00f3sult meg. Szorgos kis kezek k\u00e9sz\u00edtett\u00e9k a dekor\u00e1ci\u00f3kat, s\u00fct\u00f6tt\u00e9k a finom m\u00e9zes s\u00fctiket, kent\u00e9k a kal\u00e1csot, festett\u00e9k a csodasz\u00e9p molin\u00f3t. Ez a nap az ismeretszerz\u00e9s mellett a k\u00f6z\u00f6ss\u00e9gform\u00e1l\u00e1st is hat\u00e9konyan szolg\u00e1lta.<br \/>\nH\u00e1l\u00e1san k\u00f6sz\u00f6nj\u00fck az Egy\u00fctt a Gyermekek\u00e9rt K\u00f6zalap\u00edtv\u00e1ny, az Orsz\u00e1gos Magyar M\u00e9h\u00e9szeti Egyes\u00fclet \u00e9s a Sz\u00fcl\u0151i Munkak\u00f6z\u00f6ss\u00e9g t\u00e1mogat\u00e1s\u00e1t, akik nagyban seg\u00edtett\u00e9k a program l\u00e9trej\u00f6tt\u00e9t.<\/p>\n","protected":false},"excerpt":{"rendered":"<p>Iskol\u00e1nkban minden \u00e9v november\u00e9ben Eg\u00e9szs\u00e9gnapot szervez\u00fcnk. A kor\u00e1bbi \u00e9vekben eg\u00e9szs\u00e9gt\u00far\u00e1kon vett\u00fcnk r\u00e9szt, j\u00e1rtunk a cs\u00f6r\u00f6tneki sz\u0151l\u0151hegyen \u00e9s t\u00f3n\u00e1l, nagyszab\u00e1s\u00fa zumba\u00f3r\u00e1t tartottunk, vagy teah\u00e1zz\u00e1, sal\u00e1tab\u00e1rr\u00e1, fitot\u00e9k\u00e1v\u00e1 var\u00e1zsoltuk az oszt\u00e1ly-termeket. Az id\u00e9n november 5-\u00e9n<a class=\"moretag\" href=\"https:\/\/altisk-mlak.edu.hu\/index.php\/mezesnap\/\">Read More&#8230;<\/a><\/p>\n","protected":false},"author":3,"featured_media":0,"comment_status":"closed","ping_status":"closed","sticky":false,"template":"","format":"standard","meta":{"two_page_speed":[],"footnotes":""},"categories":[1],"tags":[],"class_list":["post-833","post","type-post","status-publish","format-standard","hentry","category-egyeb"],"_links":{"self":[{"href":"https:\/\/altisk-mlak.edu.hu\/index.php\/wp-json\/wp\/v2\/posts\/833","targetHints":{"allow":["GET"]}}],"collection":[{"href":"https:\/\/altisk-mlak.edu.hu\/index.php\/wp-json\/wp\/v2\/posts"}],"about":[{"href":"https:\/\/altisk-mlak.edu.hu\/index.php\/wp-json\/wp\/v2\/types\/post"}],"author":[{"embeddable":true,"href":"https:\/\/altisk-mlak.edu.hu\/index.php\/wp-json\/wp\/v2\/users\/3"}],"replies":[{"embeddable":true,"href":"https:\/\/altisk-mlak.edu.hu\/index.php\/wp-json\/wp\/v2\/comments?post=833"}],"version-history":[{"count":1,"href":"https:\/\/altisk-mlak.edu.hu\/index.php\/wp-json\/wp\/v2\/posts\/833\/revisions"}],"predecessor-version":[{"id":841,"href":"https:\/\/altisk-mlak.edu.hu\/index.php\/wp-json\/wp\/v2\/posts\/833\/revisions\/841"}],"wp:attachment":[{"href":"https:\/\/altisk-mlak.edu.hu\/index.php\/wp-json\/wp\/v2\/media?parent=833"}],"wp:term":[{"taxonomy":"category","embeddable":true,"href":"https:\/\/altisk-mlak.edu.hu\/index.php\/wp-json\/wp\/v2\/categories?post=833"},{"taxonomy":"post_tag","embeddable":true,"href":"https:\/\/altisk-mlak.edu.hu\/index.php\/wp-json\/wp\/v2\/tags?post=833"}],"curies":[{"name":"wp","href":"https:\/\/api.w.org\/{rel}","templated":true}]}}