{"id":842,"date":"2021-11-15T07:50:01","date_gmt":"2021-11-15T07:50:01","guid":{"rendered":"http:\/\/altisk-mlak.edu.hu\/?p=842"},"modified":"2021-11-15T07:50:01","modified_gmt":"2021-11-15T07:50:01","slug":"iskolakorus-alakult","status":"publish","type":"post","link":"https:\/\/altisk-mlak.edu.hu\/index.php\/iskolakorus-alakult\/","title":{"rendered":"Iskolak\u00f3rus alakult"},"content":{"rendered":"<p style=\"text-align: justify;\">2021 \u0151sz\u00e9n a Magyarlak-Cs\u00f6r\u00f6tnek \u00c1ltal\u00e1nos Iskol\u00e1ban iskolak\u00f3rus alakult 8 lelkes taggal. A dalk\u00f6rt Deutsch Szilvia tan\u00edt\u00f3 vezeti. Reperto\u00e1rjukban \u2013 egyh\u00e1zi iskola l\u00e9v\u00e9n- f\u0151leg vall\u00e1si t\u00e9m\u00e1j\u00fa \u00e9nekek szerepelnek, de a gyermekek sz\u00edvesen elsaj\u00e1t\u00edtanak egy\u00e9b alkalmakhoz k\u00f6t\u0151d\u0151 dalokat is. Az \u00e9nekkar els\u0151sorban a di\u00e1kmis\u00e9ken \u00e9s a nagy \u00fcnnepeken ny\u00fajt egyh\u00e1zi \u00e9s vil\u00e1gi szolg\u00e1latot. November 7-\u00e9n (vas\u00e1rnap) \u2013 Dr. Tak\u00e1cs Gyula iskolalelk\u00e9sz felk\u00e9r\u00e9s\u00e9re \u2013 R\u00f6n\u00f6k\u00f6n l\u00e9pett fel a k\u00f3rus a Szent Imre-templom b\u00facs\u00fai mis\u00e9j\u00e9n, valamint az egyh\u00e1zi k\u00f6z\u00f6ss\u00e9gi h\u00e1z avat\u00f3j\u00e1n. Dics\u00e9ret illeti a k\u00f3rustagokat \u00e9s a vezet\u0151t a sz\u00e9p \u00e9nekl\u00e9s\u00e9rt \u00e9s iskol\u00e1nk h\u00edrnev\u00e9nek \u00f6regb\u00edt\u00e9s\u00e9\u00e9rt!<\/p>\n<p><img fetchpriority=\"high\" decoding=\"async\" class=\"wp-image-843 aligncenter\" src=\"https:\/\/altisk-mlak.edu.hu\/wp-content\/uploads\/2021\/11\/iskolakorus-e1636962571495-300x225.jpg\" alt=\"\" width=\"607\" height=\"455\" srcset=\"https:\/\/altisk-mlak.edu.hu\/wp-content\/uploads\/2021\/11\/iskolakorus-e1636962571495-300x225.jpg 300w, https:\/\/altisk-mlak.edu.hu\/wp-content\/uploads\/2021\/11\/iskolakorus-e1636962571495-1024x768.jpg 1024w, https:\/\/altisk-mlak.edu.hu\/wp-content\/uploads\/2021\/11\/iskolakorus-e1636962571495-768x576.jpg 768w, https:\/\/altisk-mlak.edu.hu\/wp-content\/uploads\/2021\/11\/iskolakorus-e1636962571495.jpg 1386w\" sizes=\"(max-width: 607px) 100vw, 607px\" \/><\/p>\n","protected":false},"excerpt":{"rendered":"<p>2021 \u0151sz\u00e9n a Magyarlak-Cs\u00f6r\u00f6tnek \u00c1ltal\u00e1nos Iskol\u00e1ban iskolak\u00f3rus alakult 8 lelkes taggal. A dalk\u00f6rt Deutsch Szilvia tan\u00edt\u00f3 vezeti. Reperto\u00e1rjukban \u2013 egyh\u00e1zi iskola l\u00e9v\u00e9n- f\u0151leg vall\u00e1si t\u00e9m\u00e1j\u00fa \u00e9nekek szerepelnek, de a gyermekek sz\u00edvesen elsaj\u00e1t\u00edtanak<a class=\"moretag\" href=\"https:\/\/altisk-mlak.edu.hu\/index.php\/iskolakorus-alakult\/\">Read More&#8230;<\/a><\/p>\n","protected":false},"author":3,"featured_media":0,"comment_status":"closed","ping_status":"closed","sticky":false,"template":"","format":"standard","meta":{"two_page_speed":[],"footnotes":""},"categories":[1],"tags":[],"class_list":["post-842","post","type-post","status-publish","format-standard","hentry","category-egyeb"],"_links":{"self":[{"href":"https:\/\/altisk-mlak.edu.hu\/index.php\/wp-json\/wp\/v2\/posts\/842","targetHints":{"allow":["GET"]}}],"collection":[{"href":"https:\/\/altisk-mlak.edu.hu\/index.php\/wp-json\/wp\/v2\/posts"}],"about":[{"href":"https:\/\/altisk-mlak.edu.hu\/index.php\/wp-json\/wp\/v2\/types\/post"}],"author":[{"embeddable":true,"href":"https:\/\/altisk-mlak.edu.hu\/index.php\/wp-json\/wp\/v2\/users\/3"}],"replies":[{"embeddable":true,"href":"https:\/\/altisk-mlak.edu.hu\/index.php\/wp-json\/wp\/v2\/comments?post=842"}],"version-history":[{"count":1,"href":"https:\/\/altisk-mlak.edu.hu\/index.php\/wp-json\/wp\/v2\/posts\/842\/revisions"}],"predecessor-version":[{"id":844,"href":"https:\/\/altisk-mlak.edu.hu\/index.php\/wp-json\/wp\/v2\/posts\/842\/revisions\/844"}],"wp:attachment":[{"href":"https:\/\/altisk-mlak.edu.hu\/index.php\/wp-json\/wp\/v2\/media?parent=842"}],"wp:term":[{"taxonomy":"category","embeddable":true,"href":"https:\/\/altisk-mlak.edu.hu\/index.php\/wp-json\/wp\/v2\/categories?post=842"},{"taxonomy":"post_tag","embeddable":true,"href":"https:\/\/altisk-mlak.edu.hu\/index.php\/wp-json\/wp\/v2\/tags?post=842"}],"curies":[{"name":"wp","href":"https:\/\/api.w.org\/{rel}","templated":true}]}}