{"id":845,"date":"2021-11-15T07:53:10","date_gmt":"2021-11-15T07:53:10","guid":{"rendered":"http:\/\/altisk-mlak.edu.hu\/?p=845"},"modified":"2021-11-15T07:53:10","modified_gmt":"2021-11-15T07:53:10","slug":"megtanultak-uszni","status":"publish","type":"post","link":"https:\/\/altisk-mlak.edu.hu\/index.php\/megtanultak-uszni\/","title":{"rendered":"Megtanultak \u00faszni!"},"content":{"rendered":"<p style=\"text-align: justify; line-height: 150%;\"><span style=\"font-family: 'Arial',sans-serif;\">Hossz\u00fa kihagy\u00e1s ut\u00e1n ism\u00e9t lehet\u0151s\u00e9get kaptak a Szent Gotth\u00e1rd \u00c1ltal\u00e1nos Iskola \u00e9s Gimn\u00e1zium Magyarlak-Cs\u00f6r\u00f6tnek \u00c1ltal\u00e1nos Iskola tanul\u00f3i az \u00fasz\u00e1s elsaj\u00e1t\u00edt\u00e1s\u00e1hoz. 2021. szeptember 3-\u00e1n indult a Szentgotth\u00e1rdi Eg\u00e9szs\u00e9gfejleszt\u00e9si Iroda (EFI) t\u00e1mogat\u00e1s\u00e1val a hatodik \u00e9vfolyamos tanul\u00f3k \u00fasz\u00e1soktat\u00e1sa a szentgotth\u00e1rdi f\u00fcrd\u0151ben. A gyermekek Kov\u00e1cs Attila testnevel\u0151tan\u00e1r k\u00eds\u00e9ret\u00e9ben jutnak el a magyarlaki \u00e9s a cs\u00f6r\u00f6tneki \u00f6nkorm\u00e1nyzat seg\u00edts\u00e9g\u00e9vel az uszod\u00e1ba. A program tizenkett\u0151 alkalmat \u00f6lel fel, heti k\u00e9t \u00f3r\u00e1ban zajlik, \u00e9s december elej\u00e9n z\u00e1rul.<\/span><\/p>\n<p style=\"text-align: justify; line-height: 150%;\"><span style=\"font-family: 'Arial',sans-serif;\">\u00d6r\u00f6mmel sz\u00e1molunk be, hogy a tizedik foglalkoz\u00e1son minden gyermek bemutatta, mennyire magabiztosan mozog a vizes k\u00f6zegben, milyen hossz\u00fa t\u00e1vot k\u00e9pes le\u00faszni egyhuzamban, \u00e9s j\u00f3n\u00e9h\u00e1nyuk m\u00e1r a m\u00e9lyebb medenc\u00e9ben is \u00fcgyesen remekel. J\u00f3 \u00e9rz\u00e9s volt l\u00e1tni a mosolyt az arcukon, a csillog\u00e1st a szem\u00fckben.<\/span><\/p>\n<p style=\"text-align: justify; line-height: 150%;\"><span style=\"font-family: 'Arial',sans-serif;\">K\u00f6sz\u00f6net illeti Tassn\u00e9 Kov\u00e1cs Di\u00e1n\u00e1t, az EFI munkat\u00e1rs\u00e1t az oktat\u00e1s l\u00e9trej\u00f6tt\u00e9\u00e9rt \u00e9s kiv\u00e1l\u00f3 szervez\u0151 munk\u00e1j\u00e1\u00e9rt, valamint Koz\u00e1r Kevin \u00fasz\u00f3mestert kiemelked\u0151 szakmai munk\u00e1j\u00e1\u00e9rt \u00e9s empatikus hozz\u00e1\u00e1ll\u00e1s\u00e1\u00e9rt!<\/span><\/p>\n<p><img fetchpriority=\"high\" decoding=\"async\" class=\"wp-image-846 aligncenter\" src=\"https:\/\/altisk-mlak.edu.hu\/wp-content\/uploads\/2021\/11\/uszas-e1636962741912-300x225.jpg\" alt=\"\" width=\"601\" height=\"451\" srcset=\"https:\/\/altisk-mlak.edu.hu\/wp-content\/uploads\/2021\/11\/uszas-e1636962741912-300x225.jpg 300w, https:\/\/altisk-mlak.edu.hu\/wp-content\/uploads\/2021\/11\/uszas-e1636962741912-1024x768.jpg 1024w, https:\/\/altisk-mlak.edu.hu\/wp-content\/uploads\/2021\/11\/uszas-e1636962741912-768x576.jpg 768w, https:\/\/altisk-mlak.edu.hu\/wp-content\/uploads\/2021\/11\/uszas-e1636962741912.jpg 1386w\" sizes=\"(max-width: 601px) 100vw, 601px\" \/><\/p>\n","protected":false},"excerpt":{"rendered":"<p>Hossz\u00fa kihagy\u00e1s ut\u00e1n ism\u00e9t lehet\u0151s\u00e9get kaptak a Szent Gotth\u00e1rd \u00c1ltal\u00e1nos Iskola \u00e9s Gimn\u00e1zium Magyarlak-Cs\u00f6r\u00f6tnek \u00c1ltal\u00e1nos Iskola tanul\u00f3i az \u00fasz\u00e1s elsaj\u00e1t\u00edt\u00e1s\u00e1hoz. 2021. szeptember 3-\u00e1n indult a Szentgotth\u00e1rdi Eg\u00e9szs\u00e9gfejleszt\u00e9si Iroda (EFI) t\u00e1mogat\u00e1s\u00e1val a hatodik<a class=\"moretag\" href=\"https:\/\/altisk-mlak.edu.hu\/index.php\/megtanultak-uszni\/\">Read More&#8230;<\/a><\/p>\n","protected":false},"author":3,"featured_media":0,"comment_status":"closed","ping_status":"closed","sticky":false,"template":"","format":"standard","meta":{"two_page_speed":[],"footnotes":""},"categories":[1],"tags":[],"class_list":["post-845","post","type-post","status-publish","format-standard","hentry","category-egyeb"],"_links":{"self":[{"href":"https:\/\/altisk-mlak.edu.hu\/index.php\/wp-json\/wp\/v2\/posts\/845","targetHints":{"allow":["GET"]}}],"collection":[{"href":"https:\/\/altisk-mlak.edu.hu\/index.php\/wp-json\/wp\/v2\/posts"}],"about":[{"href":"https:\/\/altisk-mlak.edu.hu\/index.php\/wp-json\/wp\/v2\/types\/post"}],"author":[{"embeddable":true,"href":"https:\/\/altisk-mlak.edu.hu\/index.php\/wp-json\/wp\/v2\/users\/3"}],"replies":[{"embeddable":true,"href":"https:\/\/altisk-mlak.edu.hu\/index.php\/wp-json\/wp\/v2\/comments?post=845"}],"version-history":[{"count":1,"href":"https:\/\/altisk-mlak.edu.hu\/index.php\/wp-json\/wp\/v2\/posts\/845\/revisions"}],"predecessor-version":[{"id":847,"href":"https:\/\/altisk-mlak.edu.hu\/index.php\/wp-json\/wp\/v2\/posts\/845\/revisions\/847"}],"wp:attachment":[{"href":"https:\/\/altisk-mlak.edu.hu\/index.php\/wp-json\/wp\/v2\/media?parent=845"}],"wp:term":[{"taxonomy":"category","embeddable":true,"href":"https:\/\/altisk-mlak.edu.hu\/index.php\/wp-json\/wp\/v2\/categories?post=845"},{"taxonomy":"post_tag","embeddable":true,"href":"https:\/\/altisk-mlak.edu.hu\/index.php\/wp-json\/wp\/v2\/tags?post=845"}],"curies":[{"name":"wp","href":"https:\/\/api.w.org\/{rel}","templated":true}]}}