{"id":849,"date":"2021-12-03T07:42:06","date_gmt":"2021-12-03T07:42:06","guid":{"rendered":"http:\/\/altisk-mlak.edu.hu\/?p=849"},"modified":"2021-12-03T07:42:20","modified_gmt":"2021-12-03T07:42:20","slug":"porci-berci-komplex-testtartas-korrekcios-program","status":"publish","type":"post","link":"https:\/\/altisk-mlak.edu.hu\/index.php\/porci-berci-komplex-testtartas-korrekcios-program\/","title":{"rendered":"Porci Berci komplex testtart\u00e1s-korrekci\u00f3s program"},"content":{"rendered":"<p><span style=\"font-size: medium;\"><img fetchpriority=\"high\" decoding=\"async\" class=\"alignleft wp-image-851 size-medium\" src=\"https:\/\/altisk-mlak.edu.hu\/wp-content\/uploads\/2021\/12\/Porci-Berci1-224x300.jpg\" alt=\"\" width=\"224\" height=\"300\" srcset=\"https:\/\/altisk-mlak.edu.hu\/wp-content\/uploads\/2021\/12\/Porci-Berci1-224x300.jpg 224w, https:\/\/altisk-mlak.edu.hu\/wp-content\/uploads\/2021\/12\/Porci-Berci1.jpg 561w\" sizes=\"(max-width: 224px) 100vw, 224px\" \/><\/span><\/p>\n<p align=\"justify\">A Rendel\u0151int\u00e9zet Szentgotth\u00e1rd b\u00e1zis\u00e1n m\u0171k\u00f6d\u0151 Eg\u00e9szs\u00e9gfejleszt\u00e9si Iroda (EFI) j\u00f3volt\u00e1b\u00f3l az idei tan\u00e9vben is elindult a \u201ePorci Berci komplex testtart\u00e1s-korrekci\u00f3s program\u201d a Magyarlak-Cs\u00f6r\u00f6tnek \u00c1ltal\u00e1nos Iskol\u00e1j\u00e1ban.<\/p>\n<p><img decoding=\"async\" class=\"alignright size-medium wp-image-850\" src=\"https:\/\/altisk-mlak.edu.hu\/wp-content\/uploads\/2021\/12\/Porci-Berci2-224x300.jpg\" alt=\"\" width=\"224\" height=\"300\" srcset=\"https:\/\/altisk-mlak.edu.hu\/wp-content\/uploads\/2021\/12\/Porci-Berci2-224x300.jpg 224w, https:\/\/altisk-mlak.edu.hu\/wp-content\/uploads\/2021\/12\/Porci-Berci2.jpg 561w\" sizes=\"(max-width: 224px) 100vw, 224px\" \/><\/p>\n<p align=\"justify\"><span style=\"font-size: medium;\">A foglalkoz\u00e1sokat cs\u00fct\u00f6rt\u00f6k\u00f6nk\u00e9nt dr. Kl\u00f3sz Be\u00e1ta gy\u00f3gytorn\u00e1sz tartja a 2-3-4. oszt\u00e1lyos tanul\u00f3k sz\u00e1m\u00e1ra. Az eg\u00e9szs\u00e9gmeg\u0151rz\u0151 oktat\u00e1si program c\u00e9lja, hogy a gyermekek j\u00e1t\u00e9kos form\u00e1ban saj\u00e1t\u00edtj\u00e1k el a helyes tart\u00e1st \u00e9s a gerincv\u00e9d\u0151 \u00e9letm\u00f3d elemeit. <\/span><\/p>\n","protected":false},"excerpt":{"rendered":"<p>A Rendel\u0151int\u00e9zet Szentgotth\u00e1rd b\u00e1zis\u00e1n m\u0171k\u00f6d\u0151 Eg\u00e9szs\u00e9gfejleszt\u00e9si Iroda (EFI) j\u00f3volt\u00e1b\u00f3l az idei tan\u00e9vben is elindult a \u201ePorci Berci komplex testtart\u00e1s-korrekci\u00f3s program\u201d a Magyarlak-Cs\u00f6r\u00f6tnek \u00c1ltal\u00e1nos Iskol\u00e1j\u00e1ban. A foglalkoz\u00e1sokat cs\u00fct\u00f6rt\u00f6k\u00f6nk\u00e9nt dr. Kl\u00f3sz Be\u00e1ta gy\u00f3gytorn\u00e1sz tartja<a class=\"moretag\" href=\"https:\/\/altisk-mlak.edu.hu\/index.php\/porci-berci-komplex-testtartas-korrekcios-program\/\">Read More&#8230;<\/a><\/p>\n","protected":false},"author":3,"featured_media":0,"comment_status":"closed","ping_status":"closed","sticky":false,"template":"","format":"standard","meta":{"two_page_speed":[],"footnotes":""},"categories":[1],"tags":[],"class_list":["post-849","post","type-post","status-publish","format-standard","hentry","category-egyeb"],"_links":{"self":[{"href":"https:\/\/altisk-mlak.edu.hu\/index.php\/wp-json\/wp\/v2\/posts\/849","targetHints":{"allow":["GET"]}}],"collection":[{"href":"https:\/\/altisk-mlak.edu.hu\/index.php\/wp-json\/wp\/v2\/posts"}],"about":[{"href":"https:\/\/altisk-mlak.edu.hu\/index.php\/wp-json\/wp\/v2\/types\/post"}],"author":[{"embeddable":true,"href":"https:\/\/altisk-mlak.edu.hu\/index.php\/wp-json\/wp\/v2\/users\/3"}],"replies":[{"embeddable":true,"href":"https:\/\/altisk-mlak.edu.hu\/index.php\/wp-json\/wp\/v2\/comments?post=849"}],"version-history":[{"count":2,"href":"https:\/\/altisk-mlak.edu.hu\/index.php\/wp-json\/wp\/v2\/posts\/849\/revisions"}],"predecessor-version":[{"id":853,"href":"https:\/\/altisk-mlak.edu.hu\/index.php\/wp-json\/wp\/v2\/posts\/849\/revisions\/853"}],"wp:attachment":[{"href":"https:\/\/altisk-mlak.edu.hu\/index.php\/wp-json\/wp\/v2\/media?parent=849"}],"wp:term":[{"taxonomy":"category","embeddable":true,"href":"https:\/\/altisk-mlak.edu.hu\/index.php\/wp-json\/wp\/v2\/categories?post=849"},{"taxonomy":"post_tag","embeddable":true,"href":"https:\/\/altisk-mlak.edu.hu\/index.php\/wp-json\/wp\/v2\/tags?post=849"}],"curies":[{"name":"wp","href":"https:\/\/api.w.org\/{rel}","templated":true}]}}