{"id":854,"date":"2021-12-03T07:46:34","date_gmt":"2021-12-03T07:46:34","guid":{"rendered":"http:\/\/altisk-mlak.edu.hu\/?p=854"},"modified":"2021-12-03T07:46:34","modified_gmt":"2021-12-03T07:46:34","slug":"szent-erzsebet-napi-program","status":"publish","type":"post","link":"https:\/\/altisk-mlak.edu.hu\/index.php\/szent-erzsebet-napi-program\/","title":{"rendered":"Szent Erzs\u00e9bet-napi program"},"content":{"rendered":"<p align=\"justify\"><span style=\"font-size: medium;\"><img fetchpriority=\"high\" decoding=\"async\" class=\"size-medium wp-image-856 aligncenter\" src=\"https:\/\/altisk-mlak.edu.hu\/wp-content\/uploads\/2021\/12\/Szent-Erzsebet-nap-1-225x300.jpg\" alt=\"\" width=\"225\" height=\"300\" srcset=\"https:\/\/altisk-mlak.edu.hu\/wp-content\/uploads\/2021\/12\/Szent-Erzsebet-nap-1-225x300.jpg 225w, https:\/\/altisk-mlak.edu.hu\/wp-content\/uploads\/2021\/12\/Szent-Erzsebet-nap-1-768x1024.jpg 768w, https:\/\/altisk-mlak.edu.hu\/wp-content\/uploads\/2021\/12\/Szent-Erzsebet-nap-1-1152x1536.jpg 1152w, https:\/\/altisk-mlak.edu.hu\/wp-content\/uploads\/2021\/12\/Szent-Erzsebet-nap-1.jpg 1536w\" sizes=\"(max-width: 225px) 100vw, 225px\" \/><\/span><\/p>\n<p align=\"justify\"><span style=\"font-size: medium;\">November 19-\u00e9n egyh\u00e1zi iskol\u00e1nk megeml\u00e9kez\u00e9st tartott Szent Erzs\u00e9betr\u0151l. Bevezet\u00e9sk\u00e9nt az als\u00f3 tagozatos tanul\u00f3k el\u0151adt\u00e1k \u00c1rp\u00e1d-h\u00e1zi Szent Erzs\u00e9bet dal\u00e1t, majd Mezein\u00e9 Kiss Katalin tagint\u00e9zm\u00e9ny-vezet\u0151 ismertette a t\u00fcringiai hercegn\u0151 \u00e9let\u00fatj\u00e1t \u00e9s j\u00f3t\u00e9tem\u00e9nyeit, \u00e9s arra k\u00e9rte a di\u00e1ks\u00e1got, hogy legyenek \u0151k is Szent Erzs\u00e9bet \u00e9s a felebar\u00e1ti szeretet k\u00f6vet\u0151i. Dr. Tak\u00e1cs Gyula iskolalelk\u00e9sz im\u00e1ba foglalta a nap \u00fczenet\u00e9t, \u00e9s a j\u00f3s\u00e1gra, \u00f6nzetlens\u00e9gre, j\u00f3cselekedetekre buzd\u00edtotta a gyermekeket. Ezt k\u00f6vet\u0151en izgalmas pillanatok k\u00f6vetkeztek. Kov\u00e1cs Zsuzsanna munkak\u00f6z\u00f6ss\u00e9g-vezet\u0151, rajztan\u00e1r \u00e9rt\u00e9kelte a Szent-Erzs\u00e9bet alkot\u00f3- \u00e9s rajzp\u00e1ly\u00e1zatra beny\u00fajtott alkot\u00e1sokat, majd kihirdette az eredm\u00e9nyt:<\/span><\/p>\n<ol>\n<li><span style=\"font-size: medium;\">Doncsecz Vikt\u00f3ria<\/span><\/li>\n<li><span style=\"font-size: medium;\">T\u00f6r\u00f6k S\u00e1ndor<\/span><\/li>\n<li><span style=\"font-size: medium;\">Kakas Kriszti\u00e1n<\/span><\/li>\n<li><span style=\"font-size: medium;\">Horv\u00e1th Anna<\/span><\/li>\n<\/ol>\n<p align=\"justify\"><span style=\"font-size: medium;\">A p\u00e1ly\u00e1zaton r\u00e9sztvev\u0151 tanul\u00f3k vall\u00e1si t\u00e9m\u00e1j\u00fa matric\u00e1t \u00e9s csokit, a helyez\u00e9st el\u00e9r\u0151 tanul\u00f3k aj\u00e1nd\u00e9kcsomagot kaptak jutalmul. Erzs\u00e9bet-nap alkalm\u00e1b\u00f3l a Cs\u00f6r\u00f6tneki Egyh\u00e1zk\u00f6zs\u00e9g minden tanul\u00f3nak \u00e9dess\u00e9get adom\u00e1nyozott. <\/span><\/p>\n<p align=\"justify\"><img decoding=\"async\" class=\"aligncenter size-medium wp-image-855\" src=\"https:\/\/altisk-mlak.edu.hu\/wp-content\/uploads\/2021\/12\/Szent-Erzsebet-nap-2-225x300.jpg\" alt=\"\" width=\"225\" height=\"300\" srcset=\"https:\/\/altisk-mlak.edu.hu\/wp-content\/uploads\/2021\/12\/Szent-Erzsebet-nap-2-225x300.jpg 225w, https:\/\/altisk-mlak.edu.hu\/wp-content\/uploads\/2021\/12\/Szent-Erzsebet-nap-2-768x1024.jpg 768w, https:\/\/altisk-mlak.edu.hu\/wp-content\/uploads\/2021\/12\/Szent-Erzsebet-nap-2-1152x1536.jpg 1152w, https:\/\/altisk-mlak.edu.hu\/wp-content\/uploads\/2021\/12\/Szent-Erzsebet-nap-2.jpg 1536w\" sizes=\"(max-width: 225px) 100vw, 225px\" \/><\/p>\n","protected":false},"excerpt":{"rendered":"<p>November 19-\u00e9n egyh\u00e1zi iskol\u00e1nk megeml\u00e9kez\u00e9st tartott Szent Erzs\u00e9betr\u0151l. Bevezet\u00e9sk\u00e9nt az als\u00f3 tagozatos tanul\u00f3k el\u0151adt\u00e1k \u00c1rp\u00e1d-h\u00e1zi Szent Erzs\u00e9bet dal\u00e1t, majd Mezein\u00e9 Kiss Katalin tagint\u00e9zm\u00e9ny-vezet\u0151 ismertette a t\u00fcringiai hercegn\u0151 \u00e9let\u00fatj\u00e1t \u00e9s j\u00f3t\u00e9tem\u00e9nyeit, \u00e9s arra<a class=\"moretag\" href=\"https:\/\/altisk-mlak.edu.hu\/index.php\/szent-erzsebet-napi-program\/\">Read More&#8230;<\/a><\/p>\n","protected":false},"author":3,"featured_media":0,"comment_status":"closed","ping_status":"closed","sticky":false,"template":"","format":"standard","meta":{"two_page_speed":[],"footnotes":""},"categories":[1],"tags":[],"class_list":["post-854","post","type-post","status-publish","format-standard","hentry","category-egyeb"],"_links":{"self":[{"href":"https:\/\/altisk-mlak.edu.hu\/index.php\/wp-json\/wp\/v2\/posts\/854","targetHints":{"allow":["GET"]}}],"collection":[{"href":"https:\/\/altisk-mlak.edu.hu\/index.php\/wp-json\/wp\/v2\/posts"}],"about":[{"href":"https:\/\/altisk-mlak.edu.hu\/index.php\/wp-json\/wp\/v2\/types\/post"}],"author":[{"embeddable":true,"href":"https:\/\/altisk-mlak.edu.hu\/index.php\/wp-json\/wp\/v2\/users\/3"}],"replies":[{"embeddable":true,"href":"https:\/\/altisk-mlak.edu.hu\/index.php\/wp-json\/wp\/v2\/comments?post=854"}],"version-history":[{"count":1,"href":"https:\/\/altisk-mlak.edu.hu\/index.php\/wp-json\/wp\/v2\/posts\/854\/revisions"}],"predecessor-version":[{"id":857,"href":"https:\/\/altisk-mlak.edu.hu\/index.php\/wp-json\/wp\/v2\/posts\/854\/revisions\/857"}],"wp:attachment":[{"href":"https:\/\/altisk-mlak.edu.hu\/index.php\/wp-json\/wp\/v2\/media?parent=854"}],"wp:term":[{"taxonomy":"category","embeddable":true,"href":"https:\/\/altisk-mlak.edu.hu\/index.php\/wp-json\/wp\/v2\/categories?post=854"},{"taxonomy":"post_tag","embeddable":true,"href":"https:\/\/altisk-mlak.edu.hu\/index.php\/wp-json\/wp\/v2\/tags?post=854"}],"curies":[{"name":"wp","href":"https:\/\/api.w.org\/{rel}","templated":true}]}}