{"id":858,"date":"2021-12-03T07:48:56","date_gmt":"2021-12-03T07:48:56","guid":{"rendered":"http:\/\/altisk-mlak.edu.hu\/?p=858"},"modified":"2021-12-03T08:08:05","modified_gmt":"2021-12-03T08:08:05","slug":"reszt-vettunk-a-mora-versmondo-versenyen","status":"publish","type":"post","link":"https:\/\/altisk-mlak.edu.hu\/index.php\/reszt-vettunk-a-mora-versmondo-versenyen\/","title":{"rendered":"R\u00e9szt vett\u00fcnk a M\u00f3ra versmond\u00f3 versenyen"},"content":{"rendered":"<p align=\"justify\"><span style=\"color: #050505;\"><span style=\"font-size: medium;\"><img fetchpriority=\"high\" decoding=\"async\" class=\"aligncenter size-medium wp-image-860\" src=\"https:\/\/altisk-mlak.edu.hu\/wp-content\/uploads\/2021\/12\/Mora-szavaloverseny-1-177x300.jpg\" alt=\"\" width=\"177\" height=\"300\" srcset=\"https:\/\/altisk-mlak.edu.hu\/wp-content\/uploads\/2021\/12\/Mora-szavaloverseny-1-177x300.jpg 177w, https:\/\/altisk-mlak.edu.hu\/wp-content\/uploads\/2021\/12\/Mora-szavaloverseny-1-603x1024.jpg 603w, https:\/\/altisk-mlak.edu.hu\/wp-content\/uploads\/2021\/12\/Mora-szavaloverseny-1-768x1305.jpg 768w, https:\/\/altisk-mlak.edu.hu\/wp-content\/uploads\/2021\/12\/Mora-szavaloverseny-1-904x1536.jpg 904w, https:\/\/altisk-mlak.edu.hu\/wp-content\/uploads\/2021\/12\/Mora-szavaloverseny-1.jpg 1080w\" sizes=\"(max-width: 177px) 100vw, 177px\" \/>November 19-\u00e9n rendezt\u00e9k meg a M\u00f3ra versmond\u00f3 versenyt fels\u0151 tagozatos \u00e9s k\u00f6z\u00e9piskolai di\u00e1koknak Szentgotth\u00e1rdon. Iskol\u00e1nkat 3 tanul\u00f3 k\u00e9pviselte: Doncsecz Vikt\u00f3ria 5. oszt\u00e1lyos tanul\u00f3, Horv\u00e1th R\u00e9ka 8. oszt\u00e1lyos tanul\u00f3 \u00e9s N\u00e9meth Zs\u00f3fia 8. oszt\u00e1lyos tanul\u00f3.<\/span><\/span><\/p>\n<p align=\"justify\"><img decoding=\"async\" class=\"aligncenter size-medium wp-image-859\" src=\"https:\/\/altisk-mlak.edu.hu\/wp-content\/uploads\/2021\/12\/Mora-szavaloverseny-2-168x300.jpg\" alt=\"\" width=\"168\" height=\"300\" srcset=\"https:\/\/altisk-mlak.edu.hu\/wp-content\/uploads\/2021\/12\/Mora-szavaloverseny-2-168x300.jpg 168w, https:\/\/altisk-mlak.edu.hu\/wp-content\/uploads\/2021\/12\/Mora-szavaloverseny-2-575x1024.jpg 575w, https:\/\/altisk-mlak.edu.hu\/wp-content\/uploads\/2021\/12\/Mora-szavaloverseny-2-768x1368.jpg 768w, https:\/\/altisk-mlak.edu.hu\/wp-content\/uploads\/2021\/12\/Mora-szavaloverseny-2-862x1536.jpg 862w, https:\/\/altisk-mlak.edu.hu\/wp-content\/uploads\/2021\/12\/Mora-szavaloverseny-2.jpg 1080w\" sizes=\"(max-width: 168px) 100vw, 168px\" \/><\/p>\n<p align=\"justify\"><span style=\"color: #050505;\"><span style=\"font-size: medium;\">B\u00e1r helyez\u00e9st most nem hoztunk el, de b\u00fcszk\u00e9k vagyunk r\u00e1juk, mert r\u00f6vid felk\u00e9sz\u00fcl\u00e9si id\u0151 alatt teljesen \u00faj verssel indult mindh\u00e1rom di\u00e1kunk. K\u00f6sz\u00f6nj\u00fck, hogy vitt\u00e9tek iskol\u00e1nk j\u00f3 h\u00edrnev\u00e9t!<\/span><\/span><\/p>\n<p align=\"justify\"><span style=\"color: #050505;\"><span style=\"font-size: medium;\">A felk\u00e9sz\u00edt\u0151 tan\u00e1rn\u0151: T\u00f3thn\u00e9 Tak\u00e1cs Hajnalka Etelka volt. K\u00f6sz\u00f6nj\u00fck munk\u00e1j\u00e1t!<\/span><\/span><\/p>\n","protected":false},"excerpt":{"rendered":"<p>November 19-\u00e9n rendezt\u00e9k meg a M\u00f3ra versmond\u00f3 versenyt fels\u0151 tagozatos \u00e9s k\u00f6z\u00e9piskolai di\u00e1koknak Szentgotth\u00e1rdon. Iskol\u00e1nkat 3 tanul\u00f3 k\u00e9pviselte: Doncsecz Vikt\u00f3ria 5. oszt\u00e1lyos tanul\u00f3, Horv\u00e1th R\u00e9ka 8. oszt\u00e1lyos tanul\u00f3 \u00e9s N\u00e9meth Zs\u00f3fia 8.<a class=\"moretag\" href=\"https:\/\/altisk-mlak.edu.hu\/index.php\/reszt-vettunk-a-mora-versmondo-versenyen\/\">Read More&#8230;<\/a><\/p>\n","protected":false},"author":3,"featured_media":0,"comment_status":"closed","ping_status":"closed","sticky":false,"template":"","format":"standard","meta":{"two_page_speed":[],"footnotes":""},"categories":[1],"tags":[],"class_list":["post-858","post","type-post","status-publish","format-standard","hentry","category-egyeb"],"_links":{"self":[{"href":"https:\/\/altisk-mlak.edu.hu\/index.php\/wp-json\/wp\/v2\/posts\/858","targetHints":{"allow":["GET"]}}],"collection":[{"href":"https:\/\/altisk-mlak.edu.hu\/index.php\/wp-json\/wp\/v2\/posts"}],"about":[{"href":"https:\/\/altisk-mlak.edu.hu\/index.php\/wp-json\/wp\/v2\/types\/post"}],"author":[{"embeddable":true,"href":"https:\/\/altisk-mlak.edu.hu\/index.php\/wp-json\/wp\/v2\/users\/3"}],"replies":[{"embeddable":true,"href":"https:\/\/altisk-mlak.edu.hu\/index.php\/wp-json\/wp\/v2\/comments?post=858"}],"version-history":[{"count":2,"href":"https:\/\/altisk-mlak.edu.hu\/index.php\/wp-json\/wp\/v2\/posts\/858\/revisions"}],"predecessor-version":[{"id":862,"href":"https:\/\/altisk-mlak.edu.hu\/index.php\/wp-json\/wp\/v2\/posts\/858\/revisions\/862"}],"wp:attachment":[{"href":"https:\/\/altisk-mlak.edu.hu\/index.php\/wp-json\/wp\/v2\/media?parent=858"}],"wp:term":[{"taxonomy":"category","embeddable":true,"href":"https:\/\/altisk-mlak.edu.hu\/index.php\/wp-json\/wp\/v2\/categories?post=858"},{"taxonomy":"post_tag","embeddable":true,"href":"https:\/\/altisk-mlak.edu.hu\/index.php\/wp-json\/wp\/v2\/tags?post=858"}],"curies":[{"name":"wp","href":"https:\/\/api.w.org\/{rel}","templated":true}]}}