{"id":863,"date":"2021-12-03T08:11:28","date_gmt":"2021-12-03T08:11:28","guid":{"rendered":"http:\/\/altisk-mlak.edu.hu\/?p=863"},"modified":"2021-12-03T08:11:28","modified_gmt":"2021-12-03T08:11:28","slug":"adventi-keszulodes-a-mora-ferenc-konyvtarban","status":"publish","type":"post","link":"https:\/\/altisk-mlak.edu.hu\/index.php\/adventi-keszulodes-a-mora-ferenc-konyvtarban\/","title":{"rendered":"Adventi k\u00e9sz\u00fcl\u0151d\u00e9s a M\u00f3ra Ferenc K\u00f6nyvt\u00e1rban"},"content":{"rendered":"<p><img fetchpriority=\"high\" decoding=\"async\" class=\"aligncenter size-medium wp-image-866\" src=\"https:\/\/altisk-mlak.edu.hu\/wp-content\/uploads\/2021\/12\/Konyvtari-foglalkozas-1-300x204.jpg\" alt=\"\" width=\"300\" height=\"204\" srcset=\"https:\/\/altisk-mlak.edu.hu\/wp-content\/uploads\/2021\/12\/Konyvtari-foglalkozas-1-300x204.jpg 300w, https:\/\/altisk-mlak.edu.hu\/wp-content\/uploads\/2021\/12\/Konyvtari-foglalkozas-1-768x522.jpg 768w, https:\/\/altisk-mlak.edu.hu\/wp-content\/uploads\/2021\/12\/Konyvtari-foglalkozas-1.jpg 949w\" sizes=\"(max-width: 300px) 100vw, 300px\" \/><\/p>\n<p align=\"justify\"><span style=\"font-family: Times New Roman, serif;\"><span style=\"font-size: medium;\"><span style=\"font-family: Calibri, serif;\">November 22-\u00e9n iskol\u00e1nk negyedik oszt\u00e1lyos tanul\u00f3i k\u00f6nyv\u00e1rhaszn\u00e1lati \u00f3r\u00e1n vettek r\u00e9szt a szentgotth\u00e1rdi M\u00f3ra Ferenc K\u00f6nyvt\u00e1rban. A foglalkoz\u00e1s t\u00e9m\u00e1ja az advent volt. A gyerekek megismerkedtek az \u00fcnnepk\u00f6r t\u00f6rt\u00e9net\u00e9vel, a k\u00f6nyvt\u00e1r gy\u0171jtem\u00e9ny\u00e9ben megtal\u00e1lhat\u00f3 adventi t\u00e9m\u00e1j\u00fa k\u00f6nyvekkel. Emellett j\u00e1t\u00e9kos feladatokat oldottak meg, hangs\u00falyt fektetve a bet\u0171rend gyakorl\u00e1s\u00e1ra. Elmondhat\u00f3, hogy a di\u00e1kok hasznosan t\u00f6lt\u00f6tt\u00e9k el idej\u00fcket a k\u00f6nyvt\u00e1rban, \u00e9s nagyon sz\u00edvesen vesznek r\u00e9szt a k\u00f6nyvt\u00e1r \u00e1ltal szervezett \u00e9rdekes programokon.<\/span><\/span><\/span><\/p>\n","protected":false},"excerpt":{"rendered":"<p>November 22-\u00e9n iskol\u00e1nk negyedik oszt\u00e1lyos tanul\u00f3i k\u00f6nyv\u00e1rhaszn\u00e1lati \u00f3r\u00e1n vettek r\u00e9szt a szentgotth\u00e1rdi M\u00f3ra Ferenc K\u00f6nyvt\u00e1rban. A foglalkoz\u00e1s t\u00e9m\u00e1ja az advent volt. A gyerekek megismerkedtek az \u00fcnnepk\u00f6r t\u00f6rt\u00e9net\u00e9vel, a k\u00f6nyvt\u00e1r gy\u0171jtem\u00e9ny\u00e9ben megtal\u00e1lhat\u00f3 adventi<a class=\"moretag\" href=\"https:\/\/altisk-mlak.edu.hu\/index.php\/adventi-keszulodes-a-mora-ferenc-konyvtarban\/\">Read More&#8230;<\/a><\/p>\n","protected":false},"author":3,"featured_media":0,"comment_status":"closed","ping_status":"closed","sticky":false,"template":"","format":"standard","meta":{"two_page_speed":[],"footnotes":""},"categories":[1],"tags":[],"class_list":["post-863","post","type-post","status-publish","format-standard","hentry","category-egyeb"],"_links":{"self":[{"href":"https:\/\/altisk-mlak.edu.hu\/index.php\/wp-json\/wp\/v2\/posts\/863","targetHints":{"allow":["GET"]}}],"collection":[{"href":"https:\/\/altisk-mlak.edu.hu\/index.php\/wp-json\/wp\/v2\/posts"}],"about":[{"href":"https:\/\/altisk-mlak.edu.hu\/index.php\/wp-json\/wp\/v2\/types\/post"}],"author":[{"embeddable":true,"href":"https:\/\/altisk-mlak.edu.hu\/index.php\/wp-json\/wp\/v2\/users\/3"}],"replies":[{"embeddable":true,"href":"https:\/\/altisk-mlak.edu.hu\/index.php\/wp-json\/wp\/v2\/comments?post=863"}],"version-history":[{"count":1,"href":"https:\/\/altisk-mlak.edu.hu\/index.php\/wp-json\/wp\/v2\/posts\/863\/revisions"}],"predecessor-version":[{"id":867,"href":"https:\/\/altisk-mlak.edu.hu\/index.php\/wp-json\/wp\/v2\/posts\/863\/revisions\/867"}],"wp:attachment":[{"href":"https:\/\/altisk-mlak.edu.hu\/index.php\/wp-json\/wp\/v2\/media?parent=863"}],"wp:term":[{"taxonomy":"category","embeddable":true,"href":"https:\/\/altisk-mlak.edu.hu\/index.php\/wp-json\/wp\/v2\/categories?post=863"},{"taxonomy":"post_tag","embeddable":true,"href":"https:\/\/altisk-mlak.edu.hu\/index.php\/wp-json\/wp\/v2\/tags?post=863"}],"curies":[{"name":"wp","href":"https:\/\/api.w.org\/{rel}","templated":true}]}}