{"id":868,"date":"2021-12-03T08:20:52","date_gmt":"2021-12-03T08:20:52","guid":{"rendered":"http:\/\/altisk-mlak.edu.hu\/?p=868"},"modified":"2021-12-03T08:20:52","modified_gmt":"2021-12-03T08:20:52","slug":"a-magyar-nyelv-napja","status":"publish","type":"post","link":"https:\/\/altisk-mlak.edu.hu\/index.php\/a-magyar-nyelv-napja\/","title":{"rendered":"A magyar nyelv napja"},"content":{"rendered":"<p align=\"justify\"><span style=\"color: #222222;\"><span style=\"font-size: medium;\">A magyar nyelv napj\u00e1t 2011 \u00f3ta november 13-\u00e1n \u00fcnnepelj\u00fck. 1844-ben ezen a napon lett a magyar nyelv hivatalos \u00e1llamnyelve haz\u00e1nknak. A hagyom\u00e1nyokhoz h\u00edven id\u00e9n is helyes\u00edr\u00e1si versennyel eml\u00e9kezt\u00fcnk meg err\u0151l a jeles napr\u00f3l. Fels\u0151 tagozatos di\u00e1kjaink egy tot\u00f3t t\u00f6lt\u00f6ttek ki, \u00e9s egy tollbamond\u00e1st is \u00edrtak, hogy kider\u00fclj\u00f6n, kinek a legjobb a helyes\u00edr\u00e1sa. Nagy \u00f6r\u00f6m\u00fcnkre a tot\u00f3 a t\u00f6bbs\u00e9gnek nem okozott probl\u00e9m\u00e1t, \u00edgy a tollbamond\u00e1s d\u00f6nt\u00f6tt a helyez\u00e9sekr\u0151l.\u00a0<\/span><\/span><\/p>\n<p align=\"justify\">Eredm\u00e9nyek:<\/p>\n<p align=\"justify\"><img fetchpriority=\"high\" decoding=\"async\" class=\"aligncenter size-medium wp-image-870\" src=\"https:\/\/altisk-mlak.edu.hu\/wp-content\/uploads\/2021\/12\/Magyar-nyelv-napja-1-300x225.jpg\" alt=\"\" width=\"300\" height=\"225\" srcset=\"https:\/\/altisk-mlak.edu.hu\/wp-content\/uploads\/2021\/12\/Magyar-nyelv-napja-1-300x225.jpg 300w, https:\/\/altisk-mlak.edu.hu\/wp-content\/uploads\/2021\/12\/Magyar-nyelv-napja-1-1024x768.jpg 1024w, https:\/\/altisk-mlak.edu.hu\/wp-content\/uploads\/2021\/12\/Magyar-nyelv-napja-1-768x576.jpg 768w, https:\/\/altisk-mlak.edu.hu\/wp-content\/uploads\/2021\/12\/Magyar-nyelv-napja-1.jpg 1160w\" sizes=\"(max-width: 300px) 100vw, 300px\" \/><\/p>\n<p align=\"justify\"><span style=\"color: #222222;\"><span style=\"font-size: medium;\">Az \u00f6t\u00f6dik \u00e9s hatodik oszt\u00e1lyosok<\/span><\/span>:<\/p>\n<p align=\"justify\">3. <span style=\"color: #222222;\"><span style=\"font-size: medium;\">helyez\u00e9st \u00e9rt el Horv\u00e1th J\u00e1zmin, Racker Karolina \u00e9s Petrovics Andr\u00e1s,<br \/>\n<\/span><\/span><span style=\"color: #222222;\"><span style=\"font-size: medium;\">2. helyezett Gratzl Marcell,<br \/>\n1. helyezett Doncsecz Vikt\u00f3ria.<br \/>\n<\/span><\/span><\/p>\n<p align=\"justify\"><img decoding=\"async\" class=\"aligncenter size-medium wp-image-869\" src=\"https:\/\/altisk-mlak.edu.hu\/wp-content\/uploads\/2021\/12\/Magyar-nyelv-napja-2-300x225.jpg\" alt=\"\" width=\"300\" height=\"225\" srcset=\"https:\/\/altisk-mlak.edu.hu\/wp-content\/uploads\/2021\/12\/Magyar-nyelv-napja-2-300x225.jpg 300w, https:\/\/altisk-mlak.edu.hu\/wp-content\/uploads\/2021\/12\/Magyar-nyelv-napja-2-1024x768.jpg 1024w, https:\/\/altisk-mlak.edu.hu\/wp-content\/uploads\/2021\/12\/Magyar-nyelv-napja-2-768x576.jpg 768w, https:\/\/altisk-mlak.edu.hu\/wp-content\/uploads\/2021\/12\/Magyar-nyelv-napja-2.jpg 1160w\" sizes=\"(max-width: 300px) 100vw, 300px\" \/><\/p>\n<p align=\"justify\">7.-8. \u00e9vfolyam:<\/p>\n<p align=\"justify\"><span style=\"color: #222222;\"><span style=\"font-size: medium;\">3. helyen v\u00e9gzett Berki Amanda,\u00a0 Doncsecz \u00c1d\u00e1m \u00e9s Horv\u00e1th Anna,<br \/>\n<\/span><\/span><span style=\"color: #222222;\"><span style=\"font-size: medium;\">2. helyezett Bed\u0151 N\u00f3ra,<br \/>\n1. helyezett T\u00f3th Bence.<br \/>\n<\/span><\/span><\/p>\n<p align=\"justify\">\n<p align=\"justify\">\n<p align=\"justify\"><span style=\"color: #222222;\"><span style=\"font-size: medium;\">\u00a0<\/span><\/span><\/p>\n<p align=\"justify\">\n","protected":false},"excerpt":{"rendered":"<p>A magyar nyelv napj\u00e1t 2011 \u00f3ta november 13-\u00e1n \u00fcnnepelj\u00fck. 1844-ben ezen a napon lett a magyar nyelv hivatalos \u00e1llamnyelve haz\u00e1nknak. A hagyom\u00e1nyokhoz h\u00edven id\u00e9n is helyes\u00edr\u00e1si versennyel eml\u00e9kezt\u00fcnk meg err\u0151l a jeles<a class=\"moretag\" href=\"https:\/\/altisk-mlak.edu.hu\/index.php\/a-magyar-nyelv-napja\/\">Read More&#8230;<\/a><\/p>\n","protected":false},"author":3,"featured_media":0,"comment_status":"closed","ping_status":"closed","sticky":false,"template":"","format":"standard","meta":{"two_page_speed":[],"footnotes":""},"categories":[1],"tags":[],"class_list":["post-868","post","type-post","status-publish","format-standard","hentry","category-egyeb"],"_links":{"self":[{"href":"https:\/\/altisk-mlak.edu.hu\/index.php\/wp-json\/wp\/v2\/posts\/868","targetHints":{"allow":["GET"]}}],"collection":[{"href":"https:\/\/altisk-mlak.edu.hu\/index.php\/wp-json\/wp\/v2\/posts"}],"about":[{"href":"https:\/\/altisk-mlak.edu.hu\/index.php\/wp-json\/wp\/v2\/types\/post"}],"author":[{"embeddable":true,"href":"https:\/\/altisk-mlak.edu.hu\/index.php\/wp-json\/wp\/v2\/users\/3"}],"replies":[{"embeddable":true,"href":"https:\/\/altisk-mlak.edu.hu\/index.php\/wp-json\/wp\/v2\/comments?post=868"}],"version-history":[{"count":1,"href":"https:\/\/altisk-mlak.edu.hu\/index.php\/wp-json\/wp\/v2\/posts\/868\/revisions"}],"predecessor-version":[{"id":871,"href":"https:\/\/altisk-mlak.edu.hu\/index.php\/wp-json\/wp\/v2\/posts\/868\/revisions\/871"}],"wp:attachment":[{"href":"https:\/\/altisk-mlak.edu.hu\/index.php\/wp-json\/wp\/v2\/media?parent=868"}],"wp:term":[{"taxonomy":"category","embeddable":true,"href":"https:\/\/altisk-mlak.edu.hu\/index.php\/wp-json\/wp\/v2\/categories?post=868"},{"taxonomy":"post_tag","embeddable":true,"href":"https:\/\/altisk-mlak.edu.hu\/index.php\/wp-json\/wp\/v2\/tags?post=868"}],"curies":[{"name":"wp","href":"https:\/\/api.w.org\/{rel}","templated":true}]}}