{"id":872,"date":"2021-12-03T08:25:21","date_gmt":"2021-12-03T08:25:21","guid":{"rendered":"http:\/\/altisk-mlak.edu.hu\/?p=872"},"modified":"2021-12-03T08:25:21","modified_gmt":"2021-12-03T08:25:21","slug":"adventi-gyertyagyujtas","status":"publish","type":"post","link":"https:\/\/altisk-mlak.edu.hu\/index.php\/adventi-gyertyagyujtas\/","title":{"rendered":"Adventi gyertyagy\u00fajt\u00e1s"},"content":{"rendered":"<p><img fetchpriority=\"high\" decoding=\"async\" class=\"aligncenter size-medium wp-image-865\" src=\"https:\/\/altisk-mlak.edu.hu\/wp-content\/uploads\/2021\/12\/Adventi-gyertyagyujtas-1-225x300.jpg\" alt=\"\" width=\"225\" height=\"300\" srcset=\"https:\/\/altisk-mlak.edu.hu\/wp-content\/uploads\/2021\/12\/Adventi-gyertyagyujtas-1-225x300.jpg 225w, https:\/\/altisk-mlak.edu.hu\/wp-content\/uploads\/2021\/12\/Adventi-gyertyagyujtas-1-768x1024.jpg 768w, https:\/\/altisk-mlak.edu.hu\/wp-content\/uploads\/2021\/12\/Adventi-gyertyagyujtas-1-1152x1536.jpg 1152w, https:\/\/altisk-mlak.edu.hu\/wp-content\/uploads\/2021\/12\/Adventi-gyertyagyujtas-1.jpg 1536w\" sizes=\"(max-width: 225px) 100vw, 225px\" \/><\/p>\n<p align=\"justify\"><span style=\"font-size: medium;\">A kar\u00e1csonyv\u00e1r\u00e1s id\u0151szak\u00e1ban \u00faj hagyom\u00e1ny sz\u00fcletett iskol\u00e1nkban. Az adventi vas\u00e1rnapokat k\u00f6vet\u0151 reggeleken \u00f6sszegy\u0171lik iskol\u00e1nk k\u00f6z\u00f6ss\u00e9ge a gyermekek \u00e1ltal k\u00e9sz\u00edtett adventi koszor\u00fa k\u00f6r\u00e9, \u00e9s<\/span> <span style=\"font-size: medium;\">egy\u00fctt k\u00e9sz\u00fcl csendben, b\u00e9k\u00e9ben \u00e9s im\u00e1ds\u00e1ggal a k\u00f6zelg\u0151 kar\u00e1csonyra. A gyertyagy\u00fajt\u00e1sok alkalm\u00e1b\u00f3l Dr. Tak\u00e1cs Gyula iskolalelk\u00e9sz elmondja adventi gondolatait, az iskolak\u00f3rus sz\u00e9p \u00fcnnepi \u00e9nekekkel szolg\u00e1l, majd a tanul\u00f3k k\u00f6z\u00f6s im\u00e1val kezdik a napot. Sz\u00e9p \u00e9s meghat\u00f3 pillanatokat \u00e9lnek \u00e1t a di\u00e1kok \u00e9s pedag\u00f3gusok egyar\u00e1nt. <\/span><\/p>\n<p align=\"justify\"><img decoding=\"async\" class=\"aligncenter size-medium wp-image-864\" src=\"https:\/\/altisk-mlak.edu.hu\/wp-content\/uploads\/2021\/12\/Adventi-gyertyagyujtas-2-225x300.jpg\" alt=\"\" width=\"225\" height=\"300\" srcset=\"https:\/\/altisk-mlak.edu.hu\/wp-content\/uploads\/2021\/12\/Adventi-gyertyagyujtas-2-225x300.jpg 225w, https:\/\/altisk-mlak.edu.hu\/wp-content\/uploads\/2021\/12\/Adventi-gyertyagyujtas-2-768x1024.jpg 768w, https:\/\/altisk-mlak.edu.hu\/wp-content\/uploads\/2021\/12\/Adventi-gyertyagyujtas-2-1152x1536.jpg 1152w, https:\/\/altisk-mlak.edu.hu\/wp-content\/uploads\/2021\/12\/Adventi-gyertyagyujtas-2.jpg 1536w\" sizes=\"(max-width: 225px) 100vw, 225px\" \/><\/p>\n<p align=\"justify\"><span style=\"font-size: medium;\">Az iskola adventi koszor\u00faja az 5. oszt\u00e1lyos tanul\u00f3k: Doncsecz Vikt\u00f3ria, Horv\u00e1th Judit, Horv\u00e1th Katinka, Horv\u00e1th Noel, J\u00f3zsi J\u00e1zmin, Kakas Vanessza Hajnalka \u00e9s oszt\u00e1lyf\u0151n\u00f6k\u00fck, Kov\u00e1cs Zsuzsanna szorgos keze munk\u00e1j\u00e1t dics\u00e9ri. <\/span><\/p>\n","protected":false},"excerpt":{"rendered":"<p>A kar\u00e1csonyv\u00e1r\u00e1s id\u0151szak\u00e1ban \u00faj hagyom\u00e1ny sz\u00fcletett iskol\u00e1nkban. Az adventi vas\u00e1rnapokat k\u00f6vet\u0151 reggeleken \u00f6sszegy\u0171lik iskol\u00e1nk k\u00f6z\u00f6ss\u00e9ge a gyermekek \u00e1ltal k\u00e9sz\u00edtett adventi koszor\u00fa k\u00f6r\u00e9, \u00e9s egy\u00fctt k\u00e9sz\u00fcl csendben, b\u00e9k\u00e9ben \u00e9s im\u00e1ds\u00e1ggal a k\u00f6zelg\u0151 kar\u00e1csonyra.<a class=\"moretag\" href=\"https:\/\/altisk-mlak.edu.hu\/index.php\/adventi-gyertyagyujtas\/\">Read More&#8230;<\/a><\/p>\n","protected":false},"author":3,"featured_media":0,"comment_status":"closed","ping_status":"closed","sticky":false,"template":"","format":"standard","meta":{"two_page_speed":[],"footnotes":""},"categories":[1],"tags":[],"class_list":["post-872","post","type-post","status-publish","format-standard","hentry","category-egyeb"],"_links":{"self":[{"href":"https:\/\/altisk-mlak.edu.hu\/index.php\/wp-json\/wp\/v2\/posts\/872","targetHints":{"allow":["GET"]}}],"collection":[{"href":"https:\/\/altisk-mlak.edu.hu\/index.php\/wp-json\/wp\/v2\/posts"}],"about":[{"href":"https:\/\/altisk-mlak.edu.hu\/index.php\/wp-json\/wp\/v2\/types\/post"}],"author":[{"embeddable":true,"href":"https:\/\/altisk-mlak.edu.hu\/index.php\/wp-json\/wp\/v2\/users\/3"}],"replies":[{"embeddable":true,"href":"https:\/\/altisk-mlak.edu.hu\/index.php\/wp-json\/wp\/v2\/comments?post=872"}],"version-history":[{"count":1,"href":"https:\/\/altisk-mlak.edu.hu\/index.php\/wp-json\/wp\/v2\/posts\/872\/revisions"}],"predecessor-version":[{"id":873,"href":"https:\/\/altisk-mlak.edu.hu\/index.php\/wp-json\/wp\/v2\/posts\/872\/revisions\/873"}],"wp:attachment":[{"href":"https:\/\/altisk-mlak.edu.hu\/index.php\/wp-json\/wp\/v2\/media?parent=872"}],"wp:term":[{"taxonomy":"category","embeddable":true,"href":"https:\/\/altisk-mlak.edu.hu\/index.php\/wp-json\/wp\/v2\/categories?post=872"},{"taxonomy":"post_tag","embeddable":true,"href":"https:\/\/altisk-mlak.edu.hu\/index.php\/wp-json\/wp\/v2\/tags?post=872"}],"curies":[{"name":"wp","href":"https:\/\/api.w.org\/{rel}","templated":true}]}}