{"id":885,"date":"2021-12-21T11:20:32","date_gmt":"2021-12-21T11:20:32","guid":{"rendered":"http:\/\/altisk-mlak.edu.hu\/?p=885"},"modified":"2021-12-21T11:20:32","modified_gmt":"2021-12-21T11:20:32","slug":"adtunk-es-kaptunk","status":"publish","type":"post","link":"https:\/\/altisk-mlak.edu.hu\/index.php\/adtunk-es-kaptunk\/","title":{"rendered":"Adtunk \u00e9s kaptunk"},"content":{"rendered":"<p style=\"text-align: justify;\"><strong><img fetchpriority=\"high\" decoding=\"async\" class=\"size-medium wp-image-886\" src=\"https:\/\/altisk-mlak.edu.hu\/wp-content\/uploads\/2021\/12\/Adtunk_es_kaptunk-300x225.jpg\" alt=\"\" width=\"300\" height=\"225\" srcset=\"https:\/\/altisk-mlak.edu.hu\/wp-content\/uploads\/2021\/12\/Adtunk_es_kaptunk-300x225.jpg 300w, https:\/\/altisk-mlak.edu.hu\/wp-content\/uploads\/2021\/12\/Adtunk_es_kaptunk-1024x768.jpg 1024w, https:\/\/altisk-mlak.edu.hu\/wp-content\/uploads\/2021\/12\/Adtunk_es_kaptunk-768x576.jpg 768w, https:\/\/altisk-mlak.edu.hu\/wp-content\/uploads\/2021\/12\/Adtunk_es_kaptunk.jpg 1107w\" sizes=\"(max-width: 300px) 100vw, 300px\" \/><\/strong><\/p>\n<p style=\"text-align: justify;\">Iskol\u00e1nk is csatlakozott az \u00c1gota Alap\u00edtv\u00e1ny \u201eV\u00e1lts egy csokit mosolyra!\u201d elnevez\u00e9s\u0171 j\u00f3t\u00e9konys\u00e1gi csokol\u00e1d\u00e9gy\u0171jt\u0151 akci\u00f3j\u00e1hoz. Az aul\u00e1ba kihelyezett adom\u00e1nygy\u0171jt\u0151 doboz hamar megtelt sok finom \u00e9dess\u00e9ggel a j\u00f3sz\u00edv\u0171 gyermekek \u00e9s pedag\u00f3gusok j\u00f3volt\u00e1b\u00f3l. Ismert, hogy minden 4. tanul\u00f3nk h\u00e1tr\u00e1nyos vagy halmozottan h\u00e1tr\u00e1nyos csal\u00e1dban \u00e9l, t\u00e1mogat\u00e1sra szorul, m\u00e9gis sz\u00edv\u00fcgy\u00fcknek tekintett\u00e9k az adakoz\u00e1st, mellyel az \u00e1llami gondoz\u00e1sban \u00e9l\u0151 gyermekeket seg\u00edtett\u00e9k. B\u00fcszk\u00e9k vagyunk gyermekeink j\u00f3t\u00e9tem\u00e9ny\u00e9re. <em>\u201eAki kev\u00e9sb\u0151l ad, minden\u00e9t odaadja, az \u00e9rt\u00e9kesebb Isten szem\u00e9ben, mint aki a sokb\u00f3l juttat egy kis morzs\u00e1t.\u201d (Mk 12,38-44)<\/em><\/p>\n<p style=\"text-align: justify;\">A Cs\u00f6r\u00f6tneki Roma Nemzetis\u00e9gi \u00d6nkorm\u00e1nyzat jelent\u0151s anyagi t\u00e1mogat\u00e1sban r\u00e9szes\u00edtette iskol\u00e1nk tanul\u00f3it. A 80.000 Ft-os adom\u00e1nyt december 13-\u00e1n Horv\u00e1th Bal\u00e1zs eln\u00f6k ny\u00fajtotta \u00e1t a tagint\u00e9zm\u00e9ny-vezet\u0151nek. A t\u00e1mogat\u00e1si szerz\u0151d\u00e9sben foglaltak szerint haszn\u00e1ltuk fel a kapott \u00f6sszeget: 5 db kos\u00e1rlabd\u00e1t, 3 db b\u0151r futball-labd\u00e1t, 6 db ping-pong \u00fct\u0151t \u00e9s 1 db tollas\u00fct\u0151 szettet v\u00e1s\u00e1roltunk a gyermekek sz\u00e1m\u00e1ra. H\u00e1l\u00e1san k\u00f6sz\u00f6nj\u00fck a sz\u00e9p aj\u00e1nd\u00e9kokat!<\/p>\n","protected":false},"excerpt":{"rendered":"<p>Iskol\u00e1nk is csatlakozott az \u00c1gota Alap\u00edtv\u00e1ny \u201eV\u00e1lts egy csokit mosolyra!\u201d elnevez\u00e9s\u0171 j\u00f3t\u00e9konys\u00e1gi csokol\u00e1d\u00e9gy\u0171jt\u0151 akci\u00f3j\u00e1hoz. Az aul\u00e1ba kihelyezett adom\u00e1nygy\u0171jt\u0151 doboz hamar megtelt sok finom \u00e9dess\u00e9ggel a j\u00f3sz\u00edv\u0171 gyermekek \u00e9s pedag\u00f3gusok j\u00f3volt\u00e1b\u00f3l. Ismert, hogy<a class=\"moretag\" href=\"https:\/\/altisk-mlak.edu.hu\/index.php\/adtunk-es-kaptunk\/\">Read More&#8230;<\/a><\/p>\n","protected":false},"author":3,"featured_media":0,"comment_status":"closed","ping_status":"closed","sticky":false,"template":"","format":"standard","meta":{"two_page_speed":[],"footnotes":""},"categories":[1],"tags":[],"class_list":["post-885","post","type-post","status-publish","format-standard","hentry","category-egyeb"],"_links":{"self":[{"href":"https:\/\/altisk-mlak.edu.hu\/index.php\/wp-json\/wp\/v2\/posts\/885","targetHints":{"allow":["GET"]}}],"collection":[{"href":"https:\/\/altisk-mlak.edu.hu\/index.php\/wp-json\/wp\/v2\/posts"}],"about":[{"href":"https:\/\/altisk-mlak.edu.hu\/index.php\/wp-json\/wp\/v2\/types\/post"}],"author":[{"embeddable":true,"href":"https:\/\/altisk-mlak.edu.hu\/index.php\/wp-json\/wp\/v2\/users\/3"}],"replies":[{"embeddable":true,"href":"https:\/\/altisk-mlak.edu.hu\/index.php\/wp-json\/wp\/v2\/comments?post=885"}],"version-history":[{"count":1,"href":"https:\/\/altisk-mlak.edu.hu\/index.php\/wp-json\/wp\/v2\/posts\/885\/revisions"}],"predecessor-version":[{"id":887,"href":"https:\/\/altisk-mlak.edu.hu\/index.php\/wp-json\/wp\/v2\/posts\/885\/revisions\/887"}],"wp:attachment":[{"href":"https:\/\/altisk-mlak.edu.hu\/index.php\/wp-json\/wp\/v2\/media?parent=885"}],"wp:term":[{"taxonomy":"category","embeddable":true,"href":"https:\/\/altisk-mlak.edu.hu\/index.php\/wp-json\/wp\/v2\/categories?post=885"},{"taxonomy":"post_tag","embeddable":true,"href":"https:\/\/altisk-mlak.edu.hu\/index.php\/wp-json\/wp\/v2\/tags?post=885"}],"curies":[{"name":"wp","href":"https:\/\/api.w.org\/{rel}","templated":true}]}}