{"id":888,"date":"2021-12-21T11:23:51","date_gmt":"2021-12-21T11:23:51","guid":{"rendered":"http:\/\/altisk-mlak.edu.hu\/?p=888"},"modified":"2021-12-21T11:23:51","modified_gmt":"2021-12-21T11:23:51","slug":"teli-vendegeink","status":"publish","type":"post","link":"https:\/\/altisk-mlak.edu.hu\/index.php\/teli-vendegeink\/","title":{"rendered":"T\u00e9li vend\u00e9geink"},"content":{"rendered":"<p style=\"text-align: justify;\"><strong> <img fetchpriority=\"high\" decoding=\"async\" class=\"aligncenter size-medium wp-image-889\" src=\"https:\/\/altisk-mlak.edu.hu\/wp-content\/uploads\/2021\/12\/Teli_vendegek-300x225.jpg\" alt=\"\" width=\"300\" height=\"225\" srcset=\"https:\/\/altisk-mlak.edu.hu\/wp-content\/uploads\/2021\/12\/Teli_vendegek-300x225.jpg 300w, https:\/\/altisk-mlak.edu.hu\/wp-content\/uploads\/2021\/12\/Teli_vendegek-1024x768.jpg 1024w, https:\/\/altisk-mlak.edu.hu\/wp-content\/uploads\/2021\/12\/Teli_vendegek-768x576.jpg 768w, https:\/\/altisk-mlak.edu.hu\/wp-content\/uploads\/2021\/12\/Teli_vendegek.jpg 1107w\" sizes=\"(max-width: 300px) 100vw, 300px\" \/><\/strong><\/p>\n<p style=\"text-align: justify;\">M\u00e1r bev\u00e1lt szok\u00e1s az \u00f6koiskol\u00e1ban, hogy a hideg id\u0151 bek\u00f6sz\u00f6nt\u00e9vel kihelyezz\u00fck a saj\u00e1t k\u00e9sz\u00edt\u00e9s\u0171 mad\u00e1retet\u0151ket, megt\u00f6ltj\u00fck napraforg\u00f3maggal, \u00e9s a f\u00e9mtart\u00f3kra is felker\u00fclnek a cinegegoly\u00f3k. Nem kellett sok\u00e1ig v\u00e1rnunk, mert j\u00f6ttek is a kis t\u00e9li vend\u00e9gek. Gyakori l\u00e1togat\u00f3k a sz\u00e9n- \u00e9s k\u00e9kcineg\u00e9k, verebek, kis fakop\u00e1ncs. Am\u00edg \u0151k lakm\u00e1roznak a mad\u00e1reles\u00e9gb\u0151l, mi megcsod\u00e1lhatjuk \u0151ket testk\u00f6zelb\u0151l, szem\u00fcgyre vehetj\u00fck csod\u00e1s k\u00fcllem\u00fcket, t\u00e1pl\u00e1lkoz\u00e1si \u00e9s viselked\u00e9si szok\u00e1saikat.<\/p>\n<p style=\"text-align: justify;\">Az \u0150rs\u00e9gi Nemzeti Park is seg\u00edti mad\u00e1rv\u00e9delmi tev\u00e9kenys\u00e9g\u00fcnket, Dr. Jandrasits L\u00e1szl\u00f3 term\u00e9szetv\u00e9delmi \u0151r egy zs\u00e1k napraforg\u00f3magot adott lelkes mad\u00e1rv\u00e9d\u0151inknek.<\/p>\n<p style=\"text-align: justify;\">\n","protected":false},"excerpt":{"rendered":"<p>M\u00e1r bev\u00e1lt szok\u00e1s az \u00f6koiskol\u00e1ban, hogy a hideg id\u0151 bek\u00f6sz\u00f6nt\u00e9vel kihelyezz\u00fck a saj\u00e1t k\u00e9sz\u00edt\u00e9s\u0171 mad\u00e1retet\u0151ket, megt\u00f6ltj\u00fck napraforg\u00f3maggal, \u00e9s a f\u00e9mtart\u00f3kra is felker\u00fclnek a cinegegoly\u00f3k. Nem kellett sok\u00e1ig v\u00e1rnunk, mert j\u00f6ttek is a<a class=\"moretag\" href=\"https:\/\/altisk-mlak.edu.hu\/index.php\/teli-vendegeink\/\">Read More&#8230;<\/a><\/p>\n","protected":false},"author":3,"featured_media":0,"comment_status":"closed","ping_status":"closed","sticky":false,"template":"","format":"standard","meta":{"two_page_speed":[],"footnotes":""},"categories":[1],"tags":[],"class_list":["post-888","post","type-post","status-publish","format-standard","hentry","category-egyeb"],"_links":{"self":[{"href":"https:\/\/altisk-mlak.edu.hu\/index.php\/wp-json\/wp\/v2\/posts\/888","targetHints":{"allow":["GET"]}}],"collection":[{"href":"https:\/\/altisk-mlak.edu.hu\/index.php\/wp-json\/wp\/v2\/posts"}],"about":[{"href":"https:\/\/altisk-mlak.edu.hu\/index.php\/wp-json\/wp\/v2\/types\/post"}],"author":[{"embeddable":true,"href":"https:\/\/altisk-mlak.edu.hu\/index.php\/wp-json\/wp\/v2\/users\/3"}],"replies":[{"embeddable":true,"href":"https:\/\/altisk-mlak.edu.hu\/index.php\/wp-json\/wp\/v2\/comments?post=888"}],"version-history":[{"count":1,"href":"https:\/\/altisk-mlak.edu.hu\/index.php\/wp-json\/wp\/v2\/posts\/888\/revisions"}],"predecessor-version":[{"id":890,"href":"https:\/\/altisk-mlak.edu.hu\/index.php\/wp-json\/wp\/v2\/posts\/888\/revisions\/890"}],"wp:attachment":[{"href":"https:\/\/altisk-mlak.edu.hu\/index.php\/wp-json\/wp\/v2\/media?parent=888"}],"wp:term":[{"taxonomy":"category","embeddable":true,"href":"https:\/\/altisk-mlak.edu.hu\/index.php\/wp-json\/wp\/v2\/categories?post=888"},{"taxonomy":"post_tag","embeddable":true,"href":"https:\/\/altisk-mlak.edu.hu\/index.php\/wp-json\/wp\/v2\/tags?post=888"}],"curies":[{"name":"wp","href":"https:\/\/api.w.org\/{rel}","templated":true}]}}