{"id":891,"date":"2021-12-21T11:27:14","date_gmt":"2021-12-21T11:27:14","guid":{"rendered":"http:\/\/altisk-mlak.edu.hu\/?p=891"},"modified":"2021-12-21T11:27:14","modified_gmt":"2021-12-21T11:27:14","slug":"okos-siker-kulondij","status":"publish","type":"post","link":"https:\/\/altisk-mlak.edu.hu\/index.php\/okos-siker-kulondij\/","title":{"rendered":"\u00d6kos siker- k\u00fcl\u00f6nd\u00edj"},"content":{"rendered":"<p><strong> <img fetchpriority=\"high\" decoding=\"async\" class=\"aligncenter size-medium wp-image-892\" src=\"https:\/\/altisk-mlak.edu.hu\/wp-content\/uploads\/2021\/12\/Okos_siker_2-300x225.jpg\" alt=\"\" width=\"300\" height=\"225\" srcset=\"https:\/\/altisk-mlak.edu.hu\/wp-content\/uploads\/2021\/12\/Okos_siker_2-300x225.jpg 300w, https:\/\/altisk-mlak.edu.hu\/wp-content\/uploads\/2021\/12\/Okos_siker_2-1024x768.jpg 1024w, https:\/\/altisk-mlak.edu.hu\/wp-content\/uploads\/2021\/12\/Okos_siker_2-768x576.jpg 768w, https:\/\/altisk-mlak.edu.hu\/wp-content\/uploads\/2021\/12\/Okos_siker_2.jpg 1107w\" sizes=\"(max-width: 300px) 100vw, 300px\" \/><\/strong><\/p>\n<p style=\"text-align: justify;\"><a href=\"https:\/\/www.facebook.com\/Szentgotth%C3%A1rdi-Arany-J%C3%A1nos-%C3%81ltal%C3%A1nos-Iskola-1610787419217281\/photos\/pcb.2678558529106826\/2678557745773571\/?__cft__%5b0%5d=AZWieEwh4wuYBJbl7JSiHs61mYVG74SGFc26jATdYNtiFs9HAIL13HSkMgy_xyp5nw7dvKZLf3DHItPqwvG0hwCUucoTvsqiMLCM7LFwhZuiRkDdWhfSL9f05v-RwbThVDEkx7bY-6uwiKvXjyDC8Ru9&amp;__tn__=*bH-R\">A Szombathelyi Erd\u00e9szeti Zrt. 2021 tavasz\u00e1n rajzp\u00e1ly\u00e1zatot hirdetett, melyre iskol\u00e1nk 10 tanul\u00f3ja egy k\u00f6z\u00f6sen k\u00e9sz\u00edtett p\u00e1lyam\u0171vel nevezett. A zs\u0171ri k\u00fcl\u00f6nd\u00edjjal jutalmazta h\u00e1romdimenzi\u00f3s alkot\u00e1sunkat, melynek t\u00e9m\u00e1ja az erdei \u00e9letk\u00f6z\u00f6ss\u00e9g, az ott el\u0151fordul\u00f3 \u00e1llatok, n\u00f6v\u00e9nyek \u00e9s gomb\u00e1k \u00e1br\u00e1zol\u00e1sa volt. (A p\u00e1ly\u00e1zatra 120 (!) m\u0171 \u00e9rkezett.) Varga P\u00e9ter k\u00f6zj\u00f3l\u00e9ti, term\u00e9szetv\u00e9delmi \u00e9s p\u00e1ly\u00e1zatkezel\u00e9si csoportvezet\u0151 szem\u00e9lyesen ell\u00e1togatott az \u00f6koiskol\u00e1ba, elismer\u00e9s\u00e9t fejezte ki a csodasz\u00e9p kompoz\u00edci\u00f3 k\u00e9sz\u00edt\u0151inek, megk\u00f6sz\u00f6nte kitart\u00e1sukat, szorgalmukat \u00e9s a term\u00e9szet ir\u00e1nti szeretet\u00fcket, valamint \u00e1tny\u00fajtotta a j\u00f3l meg\u00e9rdemelt nyerem\u00e9nyeket: a k\u00fcl\u00f6nd\u00edjat igazol\u00f3 oklevelet, valamint 100.000 Ft \u00e9rt\u00e9k\u0171 v\u00e1s\u00e1rl\u00e1si utalv\u00e1nyt. Gratul\u00e1lunk \u00fcgyes kez\u0171 tanul\u00f3inknak: Horv\u00e1th Lilla, Buz\u00e1s \u00c1rmin, Kakas Kriszti\u00e1n Armand\u00f3, Doncsecz Vikt\u00f3ria, Horv\u00e1th Judit, Kakas Vanessza Hajnalka, Horv\u00e1th Katinka, Horv\u00e1th Lionel, Horv\u00e1th Noel, J\u00f3zsi J\u00e1zmin, \u00e9s k\u00f6sz\u00f6nj\u00fck Stepics Zsanett tan\u00edt\u00f3n\u0151 felk\u00e9sz\u00edt\u0151 munk\u00e1j\u00e1t!<\/a><\/p>\n","protected":false},"excerpt":{"rendered":"<p>A Szombathelyi Erd\u00e9szeti Zrt. 2021 tavasz\u00e1n rajzp\u00e1ly\u00e1zatot hirdetett, melyre iskol\u00e1nk 10 tanul\u00f3ja egy k\u00f6z\u00f6sen k\u00e9sz\u00edtett p\u00e1lyam\u0171vel nevezett. A zs\u0171ri k\u00fcl\u00f6nd\u00edjjal jutalmazta h\u00e1romdimenzi\u00f3s alkot\u00e1sunkat, melynek t\u00e9m\u00e1ja az erdei \u00e9letk\u00f6z\u00f6ss\u00e9g, az ott el\u0151fordul\u00f3 \u00e1llatok,<a class=\"moretag\" href=\"https:\/\/altisk-mlak.edu.hu\/index.php\/okos-siker-kulondij\/\">Read More&#8230;<\/a><\/p>\n","protected":false},"author":3,"featured_media":0,"comment_status":"closed","ping_status":"closed","sticky":false,"template":"","format":"standard","meta":{"two_page_speed":[],"footnotes":""},"categories":[1],"tags":[],"class_list":["post-891","post","type-post","status-publish","format-standard","hentry","category-egyeb"],"_links":{"self":[{"href":"https:\/\/altisk-mlak.edu.hu\/index.php\/wp-json\/wp\/v2\/posts\/891","targetHints":{"allow":["GET"]}}],"collection":[{"href":"https:\/\/altisk-mlak.edu.hu\/index.php\/wp-json\/wp\/v2\/posts"}],"about":[{"href":"https:\/\/altisk-mlak.edu.hu\/index.php\/wp-json\/wp\/v2\/types\/post"}],"author":[{"embeddable":true,"href":"https:\/\/altisk-mlak.edu.hu\/index.php\/wp-json\/wp\/v2\/users\/3"}],"replies":[{"embeddable":true,"href":"https:\/\/altisk-mlak.edu.hu\/index.php\/wp-json\/wp\/v2\/comments?post=891"}],"version-history":[{"count":1,"href":"https:\/\/altisk-mlak.edu.hu\/index.php\/wp-json\/wp\/v2\/posts\/891\/revisions"}],"predecessor-version":[{"id":893,"href":"https:\/\/altisk-mlak.edu.hu\/index.php\/wp-json\/wp\/v2\/posts\/891\/revisions\/893"}],"wp:attachment":[{"href":"https:\/\/altisk-mlak.edu.hu\/index.php\/wp-json\/wp\/v2\/media?parent=891"}],"wp:term":[{"taxonomy":"category","embeddable":true,"href":"https:\/\/altisk-mlak.edu.hu\/index.php\/wp-json\/wp\/v2\/categories?post=891"},{"taxonomy":"post_tag","embeddable":true,"href":"https:\/\/altisk-mlak.edu.hu\/index.php\/wp-json\/wp\/v2\/tags?post=891"}],"curies":[{"name":"wp","href":"https:\/\/api.w.org\/{rel}","templated":true}]}}