{"id":894,"date":"2021-12-21T11:33:49","date_gmt":"2021-12-21T11:33:49","guid":{"rendered":"http:\/\/altisk-mlak.edu.hu\/?p=894"},"modified":"2021-12-21T11:36:04","modified_gmt":"2021-12-21T11:36:04","slug":"eremeso-az-europa-bajnoksagon","status":"publish","type":"post","link":"https:\/\/altisk-mlak.edu.hu\/index.php\/eremeso-az-europa-bajnoksagon\/","title":{"rendered":"\u00c9remes\u0151 az Eur\u00f3pa-bajnoks\u00e1gon"},"content":{"rendered":"<p><img fetchpriority=\"high\" decoding=\"async\" class=\"aligncenter wp-image-895\" src=\"https:\/\/altisk-mlak.edu.hu\/wp-content\/uploads\/2021\/12\/box1-300x225.jpg\" alt=\"\" width=\"600\" height=\"450\" srcset=\"https:\/\/altisk-mlak.edu.hu\/wp-content\/uploads\/2021\/12\/box1-300x225.jpg 300w, https:\/\/altisk-mlak.edu.hu\/wp-content\/uploads\/2021\/12\/box1.jpg 756w\" sizes=\"(max-width: 600px) 100vw, 600px\" \/><\/p>\n<p style=\"text-align: justify;\">2021. december 17-19. k\u00f6z\u00f6tt ker\u00fclt megrendez\u00e9sre az egyik legnagyobb k\u00fczd\u0151sportszervezet\u00a0hivatalos Eur\u00f3pa-bajnoks\u00e1ga, az ICO COMBAT SPORT EUROPEAN CHAMPIONSHIPS HUNGARY Zalaegerszegen. A versenyen gyermek, kadet, junior, feln\u0151tt n\u0151k-f\u00e9rfiak, valamint veter\u00e1n f\u00e9rfiak vettek r\u00e9szt. 12 orsz\u00e1gb\u00f3l (Anglia, Franciaorsz\u00e1g, Ciprus, N\u00e9metorsz\u00e1g, Ukrajna, Rom\u00e1nia, Feh\u00e9roroszorsz\u00e1g, G\u00f6r\u00f6gorsz\u00e1g stb.) 316 versenyz\u0151, f\u0151k\u00e9nt v\u00e1logatott \u00e9rkezett a megm\u00e9rettet\u00e9sre. Az \u0150rs\u00e9g-Box Klub 12 sportol\u00f3val indult, \u00e9s 13 \u00e9rmet szerzett: 4 bajnoki c\u00edmet, 5 ez\u00fcst- \u00e9s 4 bronz\u00e9rmet. TATAMI BOX kateg\u00f3ri\u00e1ban Horv\u00e1th Noel Eur\u00f3pa-bajnoki c\u00edmet szerzett. Horv\u00e1th Brendon 3 \u00e9rmet is begy\u0171jt\u00f6tt: TATAMI BOX-ban ez\u00fcst-, POINT FIGHT-ban ez\u00fcst-, SHADOWS BOX-ban arany\u00e9rmet \u00e9rdemelt ki, ezzel megszerezte az Eur\u00f3pa-bajnoki c\u00edmet is. Horv\u00e1th B\u00e1lint TATAMI BOX-ban a dobog\u00f3 m\u00e1sodik fok\u00e1ra \u00e1llhatott. Mindh\u00e1rom versenyz\u0151 cs\u00f6r\u00f6tneki k\u00f6t\u0151d\u00e9s\u0171, Noel \u00e9s Brendon a Szent Gotth\u00e1rd \u00c1ltal\u00e1nos Iskola \u00e9s Gimn\u00e1zium Magyarlak-Cs\u00f6r\u00f6tnek \u00c1ltal\u00e1nos Iskol\u00e1ja, B\u00e1lint a VMSZC III. B\u00e9la Technikum \u00e9s Koll\u00e9gium tanul\u00f3ja. Az arany\u00e9rmet szerzett gyermekek sz\u00e9p eredm\u00e9ny\u00fckkel kvalifik\u00e1lt\u00e1k magukat a j\u00f6v\u0151 \u00e9vi vil\u00e1gbajnoks\u00e1gra, melynek Ukrajna ad otthont, valamint bejutottak az olaszorsz\u00e1gi interkontinent\u00e1lis bajnoks\u00e1gra is.<\/p>\n<p style=\"text-align: justify;\">A h\u00e1rom roma sz\u00e1rmaz\u00e1s\u00fa fiatal kem\u00e9ny munk\u00e1t fektetett a felk\u00e9sz\u00fcl\u00e9sbe, heti 8 alkalommal j\u00e1rtak edz\u00e9sre, m\u00e9rhetetlen energi\u00e1val, hatalmas szorgalommal \u00e9s al\u00e1zattal harcoltak meg a sz\u00e9p eredm\u00e9nyek\u00e9rt. A fi\u00fak p\u00e9ld\u00e1t szeretn\u00e9nek mutatni t\u00e1rsaiknak, hogy kitart\u00f3 munk\u00e1val \u00e9s elsz\u00e1nts\u00e1ggal semmi sem lehetetlen, \u00e9s meg\u00e9ri k\u00fczdeni a v\u00e9gs\u0151kig. B\u00fcszk\u00e9k vagyunk R\u00e1tok: NOEL, BRENDON, B\u00c1LINT, \u00e9s tov\u00e1bbi sz\u00e9p sikereket k\u00edv\u00e1nunk az elk\u00f6vetkez\u0151kben! H\u00e1l\u00e1s k\u00f6sz\u00f6net illeti L\u0151rincz Lajos vezet\u0151edz\u0151t, az \u0150rs\u00e9g-Box Klub eln\u00f6k\u00e9t, valamint Horv\u00e1th Bal\u00e1zs m\u00e1sodedz\u0151t a lelkiismeretes \u00e9s magas sz\u00ednvonal\u00fa felk\u00e9sz\u00edt\u0151 munk\u00e1\u00e9rt.<\/p>\n<table style=\"border-collapse: collapse; width: 100%;\">\n<tbody>\n<tr>\n<td style=\"width: 50%;\"><img decoding=\"async\" class=\"aligncenter wp-image-896 size-large\" src=\"https:\/\/altisk-mlak.edu.hu\/wp-content\/uploads\/2021\/12\/Box2-485x1024.jpg\" alt=\"\" width=\"485\" height=\"1024\" srcset=\"https:\/\/altisk-mlak.edu.hu\/wp-content\/uploads\/2021\/12\/Box2-485x1024.jpg 485w, https:\/\/altisk-mlak.edu.hu\/wp-content\/uploads\/2021\/12\/Box2-142x300.jpg 142w, https:\/\/altisk-mlak.edu.hu\/wp-content\/uploads\/2021\/12\/Box2.jpg 640w\" sizes=\"(max-width: 485px) 100vw, 485px\" \/><\/td>\n<td style=\"width: 50%;\"><img decoding=\"async\" class=\"aligncenter wp-image-897 size-large\" src=\"https:\/\/altisk-mlak.edu.hu\/wp-content\/uploads\/2021\/12\/box3-1024x488.jpg\" alt=\"\" width=\"604\" height=\"288\" srcset=\"https:\/\/altisk-mlak.edu.hu\/wp-content\/uploads\/2021\/12\/box3-1024x488.jpg 1024w, https:\/\/altisk-mlak.edu.hu\/wp-content\/uploads\/2021\/12\/box3-300x143.jpg 300w, https:\/\/altisk-mlak.edu.hu\/wp-content\/uploads\/2021\/12\/box3-768x366.jpg 768w, https:\/\/altisk-mlak.edu.hu\/wp-content\/uploads\/2021\/12\/box3.jpg 1344w\" sizes=\"(max-width: 604px) 100vw, 604px\" \/><\/td>\n<\/tr>\n<\/tbody>\n<\/table>\n","protected":false},"excerpt":{"rendered":"<p>2021. december 17-19. k\u00f6z\u00f6tt ker\u00fclt megrendez\u00e9sre az egyik legnagyobb k\u00fczd\u0151sportszervezet\u00a0hivatalos Eur\u00f3pa-bajnoks\u00e1ga, az ICO COMBAT SPORT EUROPEAN CHAMPIONSHIPS HUNGARY Zalaegerszegen. A versenyen gyermek, kadet, junior, feln\u0151tt n\u0151k-f\u00e9rfiak, valamint veter\u00e1n f\u00e9rfiak vettek r\u00e9szt. 12<a class=\"moretag\" href=\"https:\/\/altisk-mlak.edu.hu\/index.php\/eremeso-az-europa-bajnoksagon\/\">Read More&#8230;<\/a><\/p>\n","protected":false},"author":3,"featured_media":0,"comment_status":"closed","ping_status":"closed","sticky":false,"template":"","format":"standard","meta":{"two_page_speed":[],"footnotes":""},"categories":[1],"tags":[],"class_list":["post-894","post","type-post","status-publish","format-standard","hentry","category-egyeb"],"_links":{"self":[{"href":"https:\/\/altisk-mlak.edu.hu\/index.php\/wp-json\/wp\/v2\/posts\/894","targetHints":{"allow":["GET"]}}],"collection":[{"href":"https:\/\/altisk-mlak.edu.hu\/index.php\/wp-json\/wp\/v2\/posts"}],"about":[{"href":"https:\/\/altisk-mlak.edu.hu\/index.php\/wp-json\/wp\/v2\/types\/post"}],"author":[{"embeddable":true,"href":"https:\/\/altisk-mlak.edu.hu\/index.php\/wp-json\/wp\/v2\/users\/3"}],"replies":[{"embeddable":true,"href":"https:\/\/altisk-mlak.edu.hu\/index.php\/wp-json\/wp\/v2\/comments?post=894"}],"version-history":[{"count":3,"href":"https:\/\/altisk-mlak.edu.hu\/index.php\/wp-json\/wp\/v2\/posts\/894\/revisions"}],"predecessor-version":[{"id":900,"href":"https:\/\/altisk-mlak.edu.hu\/index.php\/wp-json\/wp\/v2\/posts\/894\/revisions\/900"}],"wp:attachment":[{"href":"https:\/\/altisk-mlak.edu.hu\/index.php\/wp-json\/wp\/v2\/media?parent=894"}],"wp:term":[{"taxonomy":"category","embeddable":true,"href":"https:\/\/altisk-mlak.edu.hu\/index.php\/wp-json\/wp\/v2\/categories?post=894"},{"taxonomy":"post_tag","embeddable":true,"href":"https:\/\/altisk-mlak.edu.hu\/index.php\/wp-json\/wp\/v2\/tags?post=894"}],"curies":[{"name":"wp","href":"https:\/\/api.w.org\/{rel}","templated":true}]}}