{"id":906,"date":"2022-02-23T10:34:17","date_gmt":"2022-02-23T10:34:17","guid":{"rendered":"https:\/\/altisk-mlak.edu.hu\/?p=906"},"modified":"2022-02-23T10:34:55","modified_gmt":"2022-02-23T10:34:55","slug":"906","status":"publish","type":"post","link":"https:\/\/altisk-mlak.edu.hu\/index.php\/906\/","title":{"rendered":"Bemuatkoz\u00e1s"},"content":{"rendered":"<p><strong>Tisztelt Sz\u00fcl\u0151k! Kedves iskol\u00e1ba k\u00e9sz\u00fcl\u0151 Gyermek!<\/strong><\/p>\n<p><img fetchpriority=\"high\" decoding=\"async\" class=\"alignleft size-medium wp-image-907\" src=\"https:\/\/altisk-mlak.edu.hu\/wp-content\/uploads\/2022\/02\/diakok-300x225.jpg\" alt=\"\" width=\"300\" height=\"225\" srcset=\"https:\/\/altisk-mlak.edu.hu\/wp-content\/uploads\/2022\/02\/diakok-300x225.jpg 300w, https:\/\/altisk-mlak.edu.hu\/wp-content\/uploads\/2022\/02\/diakok-768x576.jpg 768w, https:\/\/altisk-mlak.edu.hu\/wp-content\/uploads\/2022\/02\/diakok.jpg 960w\" sizes=\"(max-width: 300px) 100vw, 300px\" \/>Jelen t\u00e1j\u00e9koztat\u00f3 level\u00fcnkben <strong>bemutatjuk<\/strong> a <strong>Szent Gotth\u00e1rd \u00c1ltal\u00e1nos Iskola \u00e9s Gimn\u00e1zium Magyarlak-Cs\u00f6r\u00f6tnek \u00c1ltal\u00e1nos Iskol\u00e1j\u00e1<\/strong>t, \u00e9s <strong>felk\u00edn\u00e1ljuk a leend\u0151 els\u0151s tanul\u00f3nak a katolikus kereszt\u00e9ny szellemis\u00e9g\u0171 nevel\u00e9s-oktat\u00e1s lehet\u0151s\u00e9g\u00e9t<\/strong>.<\/p>\n<p>&nbsp;<\/p>\n<p>Iskol\u00e1nk a magyarlaki tagint\u00e9zm\u00e9nyb\u0151l \u00e9s a r\u00e1bagyarmati telephelyb\u0151l \u00e1ll. Mindk\u00e9t nevel\u00e9si int\u00e9zm\u00e9nyben zajl\u00f3 pedag\u00f3giai munka a gyermekk\u00f6zpont\u00fas\u00e1gra \u00e9p\u00fcl. Kis l\u00e9tsz\u00e1m\u00fa oszt\u00e1lyokban, csal\u00e1dias l\u00e9gk\u00f6rben v\u00e9gezz\u00fck oktat\u00f3-nevel\u0151 tev\u00e9kenys\u00e9g\u00fcnket. Elk\u00f6telezett, tapasztalt pedag\u00f3gusokb\u00f3l \u00e9s hitoktat\u00f3kb\u00f3l \u00e1ll\u00f3 nevel\u0151test\u00fclettel b\u00edrunk. Katolikus egyh\u00e1zi iskol\u00e1nk a szaktud\u00e1s mellett kereszt\u00e9ny vil\u00e1gn\u00e9zetet, erk\u00f6lcsi tart\u00e1st is ad. Szeretetre, nagylelk\u0171s\u00e9gre, becs\u00fcletess\u00e9gre, hitre nevel\u00fcnk. C\u00e9lunk, hogy tanul\u00f3ink szeretetteljes l\u00e9gk\u00f6rben bontakoztathass\u00e1k ki k\u00e9pess\u00e9geiket.<\/p>\n<p><img decoding=\"async\" class=\"alignright size-full wp-image-908\" src=\"https:\/\/altisk-mlak.edu.hu\/wp-content\/uploads\/2022\/02\/katisk.gif\" alt=\"\" width=\"226\" height=\"177\">A katolikus iskol\u00e1ba j\u00e1r\u00f3 gyermekekt\u0151l az egyh\u00e1z nem k\u00e9r \u00e9s v\u00e1r m\u00e1st, mint egy hittanra j\u00e1r\u00f3 gyermekt\u0151l, vagyis vall\u00e1sunk alapvet\u0151 gyakorl\u00e1s\u00e1t: a hittan\u00f3r\u00e1kon val\u00f3 r\u00e9szv\u00e9telt, amihez szervesen kapcsol\u00f3dik a lak\u00f3helyen a vas\u00e1rnapi szentmis\u00e9ken val\u00f3 r\u00e9szv\u00e9tel. Az egyh\u00e1zi iskol\u00e1ban heti k\u00e9t hittan\u00f3ra van, k\u00f6z\u00f6s \u00e9vnyit\u00f3 \u00e9s \u00e9vz\u00e1r\u00f3 szentmise, havonta iskolamise, \u00e9s az eg\u00e9sz iskola l\u00e9gk\u00f6r\u00e9t, szellemis\u00e9g\u00e9t \u00e1tj\u00e1rja a kereszt\u00e9ny \u00e9letszeml\u00e9let.<\/p>\n<p>Int\u00e9zm\u00e9ny\u00fcnkben kiemelt hangs\u00fallyal szerepel:<\/p>\n<ul>\n<li>Tanul\u00f3ink tanulm\u00e1nyi munk\u00e1j\u00e1nak seg\u00edt\u00e9se: felz\u00e1rk\u00f3ztat\u00e1s, tehets\u00e9ggondoz\u00e1s<\/li>\n<li>K\u00f6rnyezeti nevel\u00e9s<\/li>\n<li>Szabadid\u0151 hasznos elt\u00f6lt\u00e9se<\/li>\n<li>Katolikus kereszt\u00e9ny szellemben t\u00f6rt\u00e9n\u0151 nevel\u00e9s<\/li>\n<li>Alapvet\u0151 emberi, nemzeti \u00e9s kereszt\u00e9ny \u00e9rt\u00e9kek tisztelet\u00e9re nevel\u00e9s<\/li>\n<li>Jeles napok meg\u00fcnnepl\u00e9se: a katolikus egyh\u00e1z \u00e9let\u00e9be \u00e9s \u00fcnnepeibe val\u00f3 bekapcsol\u00f3d\u00e1s \u00e9s a nemzeti hagyom\u00e1nyok \u00e1pol\u00e1sa<\/li>\n<\/ul>\n<p><strong>Iskol\u00e1nk jellemz\u0151i<\/strong><\/p>\n<ul>\n<li>Lak\u00f3helyhez val\u00f3 k\u00f6zels\u00e9g, j\u00f3 megk\u00f6zel\u00edthet\u0151s\u00e9g, ig\u00e9ny eset\u00e9n iskolabusz ind\u00edt\u00e1sa<img decoding=\"async\" class=\"alignright size-full wp-image-909\" src=\"https:\/\/altisk-mlak.edu.hu\/wp-content\/uploads\/2022\/02\/labda.png\" alt=\"\" width=\"140\" height=\"130\"><\/li>\n<li>A kis l\u00e9tsz\u00e1m\u00fa oszt\u00e1lyoknak k\u00f6sz\u00f6nhet\u0151en t\u00f6bb id\u0151 \u00e9s odafigyel\u00e9s jut egy tanul\u00f3ra<\/li>\n<li>Szorosabb kapcsolat a di\u00e1kokkal, t\u00f6bb \u00e9rintkez\u00e9s a sz\u00fcl\u0151kkel<\/li>\n<li>A kereszt\u00e9ny \u00e9letbe \u00e9s a katolikus vall\u00e1s gyakorlat\u00e1ba val\u00f3 bevezet\u00e9s: hittanoktat\u00e1s, havonta iskolamise, szents\u00e9gekre (els\u0151\u00e1ldoz\u00e1s, b\u00e9rm\u00e1l\u00e1s) val\u00f3 k\u00f6z\u00f6s felk\u00e9sz\u00fcl\u00e9s, ny\u00e1ri hittant\u00e1bor<img loading=\"lazy\" decoding=\"async\" class=\"alignright size-full wp-image-910\" src=\"https:\/\/altisk-mlak.edu.hu\/wp-content\/uploads\/2022\/02\/kotta.png\" alt=\"\" width=\"145\" height=\"101\"><\/li>\n<li>Folyamatosan meg\u00fajul\u00f3 iskola\u00e9p\u00fclet<\/li>\n<li>J\u00f3 t\u00e1rgyi felt\u00e9telek (projektor, laptop, interakt\u00edv t\u00e1bl\u00e1k)<\/li>\n<li>Gy\u00f3gypedag\u00f3gus, fejleszt\u0151 pedag\u00f3gus<\/li>\n<li>Sz\u00e9p, gondozott k\u00f6rnyezet, t\u00e1gas iskolaudvar<\/li>\n<li>Magas sz\u00ednvonal\u00fa \u00e9s gyakorlatias k\u00f6rnyezeti nevel\u00e9s:<img loading=\"lazy\" decoding=\"async\" class=\"alignright size-full wp-image-911\" src=\"https:\/\/altisk-mlak.edu.hu\/wp-content\/uploads\/2022\/02\/paletta.png\" alt=\"\" width=\"169\" height=\"173\">\n<ul>\n<li>\u00d6r\u00f6k\u00f6s \u00d6koiskola, T\u00fcnd\u00e9r- \u00e9s F\u00fcveskert, Iskolakert<\/li>\n<\/ul>\n<\/li>\n<\/ul>\n<ul>\n<li>N\u00e9met nyelv oktat\u00e1sa<\/li>\n<li>Iskolak\u00f3rus, irodalmi sz\u00ednpad<\/li>\n<li>Ingyenes szakk\u00f6r\u00f6k (k\u00e9zm\u0171ves, pingpong, idegen nyelvi)<\/li>\n<li>Szabadt\u00e9ri sportol\u00e1s, \u00fasz\u00e1soktat\u00e1s<img loading=\"lazy\" decoding=\"async\" class=\"alignright size-full wp-image-912\" src=\"https:\/\/altisk-mlak.edu.hu\/wp-content\/uploads\/2022\/02\/foldgomb.png\" alt=\"\" width=\"153\" height=\"180\"><\/li>\n<li>Iskolai k\u00f6nyvt\u00e1r, j\u00f3l felszerelt informatikaterem<\/li>\n<li>Tartalmas \u00e9s sz\u00ednes di\u00e1kprogramok<\/li>\n<li>Iskolai hagyom\u00e1nyok \u0151rz\u00e9se<\/li>\n<li>Tanulm\u00e1nyi kir\u00e1ndul\u00e1sok<\/li>\n<li>Napk\u00f6zi \u00e9s tanul\u00f3szoba seg\u00edti a d\u00e9lut\u00e1ni felk\u00e9sz\u00fcl\u00e9st<\/li>\n<li>\u00c9tkez\u00e9s biztos\u00edt\u00e1sa ig\u00e9ny szerint- menza, napk\u00f6zi<\/li>\n<\/ul>\n<p>H\u00e1l\u00e1san k\u00f6sz\u00f6nj\u00fck, hogy megtisztelt benn\u00fcnket azzal, hogy id\u0151t sz\u00e1nt level\u00fcnk elolvas\u00e1s\u00e1ra.<\/p>\n<p><strong>A ny\u00edlt napot a fenn\u00e1ll\u00f3 j\u00e1rv\u00e1ny\u00fcgyi helyzet miatt a k\u00e9s\u0151bbiekben tervezz\u00fck, de szeretettel h\u00edvjuk \u00e9s v\u00e1rjuk az \u00e9rdekl\u0151d\u0151ket iskol\u00e1nk megtekint\u00e9s\u00e9re egy\u00e9nileg. <\/strong>K\u00e9rj\u00fck, a l\u00e1togat\u00e1s el\u0151tt sz\u00edveskedjenek id\u0151pontot egyeztetni az al\u00e1bbi el\u00e9rhet\u0151s\u00e9geken:<\/p>\n<table width=\"100%\" border=\"0\">\n<tbody>\n<tr>\n<td style=\"text-align: center;\">e-mail: <a href=\"mailto:altiskmagyarlak@gmail.com\"><strong>altiskmagyarlak@gmail.com<\/strong><\/a><\/td>\n<td style=\"text-align: center;\"><strong>Telefon: (94) 541-003<br \/>\n(30) 311 6188<br \/>\n(20) 997 3810<\/strong><\/td>\n<\/tr>\n<tr>\n<td colspan=\"2\"><em>Magyarlak, 2022. janu\u00e1r 19.<\/em><\/td>\n<\/tr>\n<tr>\n<td style=\"text-align: center;\">Mezein\u00e9 Kiss Katalin Melinda<br \/>\ntagint\u00e9zm\u00e9ny-vezet\u0151<\/td>\n<td style=\"text-align: center;\">Dr. Tak\u00e1cs Gyula<br \/>\niskolalelk\u00e9sz<\/td>\n<\/tr>\n<\/tbody>\n<\/table>\n","protected":false},"excerpt":{"rendered":"<p>Tisztelt Sz\u00fcl\u0151k! Kedves iskol\u00e1ba k\u00e9sz\u00fcl\u0151 Gyermek! Jelen t\u00e1j\u00e9koztat\u00f3 level\u00fcnkben bemutatjuk a Szent Gotth\u00e1rd \u00c1ltal\u00e1nos Iskola \u00e9s Gimn\u00e1zium Magyarlak-Cs\u00f6r\u00f6tnek \u00c1ltal\u00e1nos Iskol\u00e1j\u00e1t, \u00e9s felk\u00edn\u00e1ljuk a leend\u0151 els\u0151s tanul\u00f3nak a katolikus kereszt\u00e9ny szellemis\u00e9g\u0171 nevel\u00e9s-oktat\u00e1s lehet\u0151s\u00e9g\u00e9t.<a class=\"moretag\" href=\"https:\/\/altisk-mlak.edu.hu\/index.php\/906\/\">Read More&#8230;<\/a><\/p>\n","protected":false},"author":3,"featured_media":0,"comment_status":"closed","ping_status":"closed","sticky":false,"template":"","format":"standard","meta":{"two_page_speed":[],"footnotes":""},"categories":[1],"tags":[],"class_list":["post-906","post","type-post","status-publish","format-standard","hentry","category-egyeb"],"_links":{"self":[{"href":"https:\/\/altisk-mlak.edu.hu\/index.php\/wp-json\/wp\/v2\/posts\/906","targetHints":{"allow":["GET"]}}],"collection":[{"href":"https:\/\/altisk-mlak.edu.hu\/index.php\/wp-json\/wp\/v2\/posts"}],"about":[{"href":"https:\/\/altisk-mlak.edu.hu\/index.php\/wp-json\/wp\/v2\/types\/post"}],"author":[{"embeddable":true,"href":"https:\/\/altisk-mlak.edu.hu\/index.php\/wp-json\/wp\/v2\/users\/3"}],"replies":[{"embeddable":true,"href":"https:\/\/altisk-mlak.edu.hu\/index.php\/wp-json\/wp\/v2\/comments?post=906"}],"version-history":[{"count":2,"href":"https:\/\/altisk-mlak.edu.hu\/index.php\/wp-json\/wp\/v2\/posts\/906\/revisions"}],"predecessor-version":[{"id":915,"href":"https:\/\/altisk-mlak.edu.hu\/index.php\/wp-json\/wp\/v2\/posts\/906\/revisions\/915"}],"wp:attachment":[{"href":"https:\/\/altisk-mlak.edu.hu\/index.php\/wp-json\/wp\/v2\/media?parent=906"}],"wp:term":[{"taxonomy":"category","embeddable":true,"href":"https:\/\/altisk-mlak.edu.hu\/index.php\/wp-json\/wp\/v2\/categories?post=906"},{"taxonomy":"post_tag","embeddable":true,"href":"https:\/\/altisk-mlak.edu.hu\/index.php\/wp-json\/wp\/v2\/tags?post=906"}],"curies":[{"name":"wp","href":"https:\/\/api.w.org\/{rel}","templated":true}]}}