{"id":930,"date":"2022-03-21T16:10:07","date_gmt":"2022-03-21T16:10:07","guid":{"rendered":"https:\/\/altisk-mlak.edu.hu\/?p=930"},"modified":"2022-03-21T16:29:09","modified_gmt":"2022-03-21T16:29:09","slug":"balazsaldas","status":"publish","type":"post","link":"https:\/\/altisk-mlak.edu.hu\/index.php\/balazsaldas\/","title":{"rendered":"Bal\u00e1zs\u00e1ld\u00e1s"},"content":{"rendered":"<p align=\"justify\"><img fetchpriority=\"high\" decoding=\"async\" class=\"aligncenter size-medium wp-image-949\" src=\"https:\/\/altisk-mlak.edu.hu\/wp-content\/uploads\/2022\/03\/Balazsaldas-225x300.jpg\" alt=\"\" width=\"225\" height=\"300\" srcset=\"https:\/\/altisk-mlak.edu.hu\/wp-content\/uploads\/2022\/03\/Balazsaldas-225x300.jpg 225w, https:\/\/altisk-mlak.edu.hu\/wp-content\/uploads\/2022\/03\/Balazsaldas-768x1024.jpg 768w, https:\/\/altisk-mlak.edu.hu\/wp-content\/uploads\/2022\/03\/Balazsaldas-1152x1536.jpg 1152w, https:\/\/altisk-mlak.edu.hu\/wp-content\/uploads\/2022\/03\/Balazsaldas.jpg 1536w\" sizes=\"(max-width: 225px) 100vw, 225px\" \/><\/p>\n<p style=\"text-align: justify;\" align=\"justify\"><span style=\"font-family: Times New Roman, serif;\"><span style=\"font-size: medium;\">Dr. Tak\u00e1cs Gyula iskolalelk\u00e9sz febru\u00e1r 8-\u00e1n bal\u00e1zs\u00e1ld\u00e1st tartott a helyi \u00e1ltal\u00e1nos iskol\u00e1ban.<\/span><\/span><\/p>\n<p style=\"text-align: justify;\" align=\"justify\"><span style=\"font-family: Times New Roman, serif;\"><span style=\"font-size: medium;\">A bal\u00e1zsol\u00e1s t\u00f6rt\u00e9nete: Szent Bal\u00e1zs v\u00e9rtan\u00fa a 3. sz\u00e1zad m\u00e1sodik fel\u00e9ben a kis-\u00e1zsiai Szebaszt\u00e9 v\u00e1ros p\u00fcsp\u00f6ke volt. Rendszeresen enyh\u00edtett a v\u00e1ros lak\u00f3inak baj\u00e1n. Egyszer megmentette egy asszony fi\u00e1nak \u00e9let\u00e9t, aki halsz\u00e1lk\u00e1t nyelt le. A csod\u00e1s eset ut\u00e1n a szent \u00e9let\u0171 p\u00fcsp\u00f6k\u00f6t a torokbetegs\u00e9gek gy\u00f3gy\u00edt\u00f3j\u00e1nak kezdt\u00e9k tisztelni. Bal\u00e1zs p\u00fcsp\u00f6k\u00f6t a k\u00f6z\u00e9pkor \u00f3ta a 14 seg\u00edt\u0151 szent k\u00f6z\u00e9 sorolj\u00e1k, \u0151 els\u0151sorban a kiki\u00e1lt\u00f3k, \u00e9nekesek v\u00e9d\u0151szentje.<\/span><\/span><\/p>\n<p style=\"text-align: justify;\" align=\"justify\"><a name=\"_GoBack\"><\/a> <span style=\"font-family: Times New Roman, serif;\"><span style=\"font-size: medium;\">Gyula atya k\u00e9t keresztalakba illesztett gyerty\u00e1t tartva v\u00e9gigj\u00e1rta az oszt\u00e1lytermeket, \u00e9s a gyermekek, dolgoz\u00f3k fel\u00e9 fordulva az al\u00e1bbi \u00e1ld\u00e1st mondta:<\/span><\/span><\/p>\n<p style=\"text-align: justify;\" align=\"justify\"><span style=\"font-family: Times New Roman, serif;\"><span style=\"font-size: medium;\">&#8222;Szent Bal\u00e1zs p\u00fcsp\u00f6k \u00e9s v\u00e9rtan\u00fa k\u00f6zbenj\u00e1r\u00e1s\u00e1ra \u0151rizzen meg t\u00e9ged Isten a torokbajt\u00f3l \u00e9s minden m\u00e1s betegs\u00e9gt\u0151l. Az Atya, a Fi\u00fa \u00e9s a Szentl\u00e9lek nev\u00e9ben. \u00c1men.&#8221;<\/span><\/span><\/p>\n<p style=\"text-align: right;\" align=\"justify\">Stepics Zsanett<\/p>\n","protected":false},"excerpt":{"rendered":"<p>Dr. Tak\u00e1cs Gyula iskolalelk\u00e9sz febru\u00e1r 8-\u00e1n bal\u00e1zs\u00e1ld\u00e1st tartott a helyi \u00e1ltal\u00e1nos iskol\u00e1ban. A bal\u00e1zsol\u00e1s t\u00f6rt\u00e9nete: Szent Bal\u00e1zs v\u00e9rtan\u00fa a 3. sz\u00e1zad m\u00e1sodik fel\u00e9ben a kis-\u00e1zsiai Szebaszt\u00e9 v\u00e1ros p\u00fcsp\u00f6ke volt. Rendszeresen enyh\u00edtett a<a class=\"moretag\" href=\"https:\/\/altisk-mlak.edu.hu\/index.php\/balazsaldas\/\">Read More&#8230;<\/a><\/p>\n","protected":false},"author":3,"featured_media":0,"comment_status":"closed","ping_status":"closed","sticky":false,"template":"","format":"standard","meta":{"two_page_speed":[],"footnotes":""},"categories":[1],"tags":[],"class_list":["post-930","post","type-post","status-publish","format-standard","hentry","category-egyeb"],"_links":{"self":[{"href":"https:\/\/altisk-mlak.edu.hu\/index.php\/wp-json\/wp\/v2\/posts\/930","targetHints":{"allow":["GET"]}}],"collection":[{"href":"https:\/\/altisk-mlak.edu.hu\/index.php\/wp-json\/wp\/v2\/posts"}],"about":[{"href":"https:\/\/altisk-mlak.edu.hu\/index.php\/wp-json\/wp\/v2\/types\/post"}],"author":[{"embeddable":true,"href":"https:\/\/altisk-mlak.edu.hu\/index.php\/wp-json\/wp\/v2\/users\/3"}],"replies":[{"embeddable":true,"href":"https:\/\/altisk-mlak.edu.hu\/index.php\/wp-json\/wp\/v2\/comments?post=930"}],"version-history":[{"count":2,"href":"https:\/\/altisk-mlak.edu.hu\/index.php\/wp-json\/wp\/v2\/posts\/930\/revisions"}],"predecessor-version":[{"id":951,"href":"https:\/\/altisk-mlak.edu.hu\/index.php\/wp-json\/wp\/v2\/posts\/930\/revisions\/951"}],"wp:attachment":[{"href":"https:\/\/altisk-mlak.edu.hu\/index.php\/wp-json\/wp\/v2\/media?parent=930"}],"wp:term":[{"taxonomy":"category","embeddable":true,"href":"https:\/\/altisk-mlak.edu.hu\/index.php\/wp-json\/wp\/v2\/categories?post=930"},{"taxonomy":"post_tag","embeddable":true,"href":"https:\/\/altisk-mlak.edu.hu\/index.php\/wp-json\/wp\/v2\/tags?post=930"}],"curies":[{"name":"wp","href":"https:\/\/api.w.org\/{rel}","templated":true}]}}