{"id":932,"date":"2022-03-21T16:11:59","date_gmt":"2022-03-21T16:11:59","guid":{"rendered":"https:\/\/altisk-mlak.edu.hu\/?p=932"},"modified":"2022-03-21T16:31:27","modified_gmt":"2022-03-21T16:31:27","slug":"farsang-az-also-tagozaton","status":"publish","type":"post","link":"https:\/\/altisk-mlak.edu.hu\/index.php\/farsang-az-also-tagozaton\/","title":{"rendered":"Farsang az als\u00f3 tagozaton"},"content":{"rendered":"<p align=\"justify\"><img fetchpriority=\"high\" decoding=\"async\" class=\"aligncenter wp-image-952 size-full\" src=\"https:\/\/altisk-mlak.edu.hu\/wp-content\/uploads\/2022\/03\/Farsang_foto.jpg\" alt=\"\" width=\"960\" height=\"720\" srcset=\"https:\/\/altisk-mlak.edu.hu\/wp-content\/uploads\/2022\/03\/Farsang_foto.jpg 960w, https:\/\/altisk-mlak.edu.hu\/wp-content\/uploads\/2022\/03\/Farsang_foto-300x225.jpg 300w, https:\/\/altisk-mlak.edu.hu\/wp-content\/uploads\/2022\/03\/Farsang_foto-768x576.jpg 768w\" sizes=\"(max-width: 960px) 100vw, 960px\" \/><\/p>\n<p style=\"text-align: justify;\" align=\"justify\"><span style=\"font-family: Times New Roman, serif;\"><span style=\"font-size: medium;\">Febru\u00e1r 25-\u00e9n (p\u00e9ntek) d\u00e9lut\u00e1n hangos mulats\u00e1ggal igyekezett az 1-3. oszt\u00e1ly el\u0171zni a telet. A jelmezes felvonul\u00e1s ut\u00e1n j\u00e1t\u00e9kos feladatokkal m\u00e9rt\u00e9k \u00f6ssze \u00fcgyess\u00e9g\u00fcket a tanul\u00f3k. Volt sz\u00e9kfoglal\u00f3 j\u00e1t\u00e9k, \u00fajs\u00e1gpap\u00edr-t\u00e1nc, van\u00edli\u00e1skarika-ev\u0151 \u00e9s lufif\u00faj\u00f3 verseny. Beindult a limb\u00f3-hint\u00f3, ezt k\u00f6vette a k\u00f6ly\u00f6kdiszk\u00f3. A sz\u00fcnetekben \u201efarsangi b\u00fcf\u00e9\u201d v\u00e1rta a gyerekeket. Ez\u00faton k\u00f6sz\u00f6nj\u00fck a sz\u00fcl\u0151knek a sok finom r\u00e1gcs\u00e1lnival\u00f3t. <\/span><\/span><\/p>\n<p style=\"text-align: justify;\" align=\"justify\">\u201e<span style=\"font-family: Times New Roman, serif;\"><span style=\"font-size: medium;\">Vesszen a t\u00e9l, j\u00f6jj\u00f6n a tavasz!\u201d rigmusokkal pr\u00f3b\u00e1ltuk a telet messzire kergetni. <\/span><\/span><\/p>\n<p style=\"text-align: justify;\" align=\"justify\"><span style=\"font-family: Times New Roman, serif;\"><span style=\"font-size: medium;\">Kedves Tavasz! Nagyon v\u00e1runk!<\/span><\/span><\/p>\n<p style=\"text-align: right;\">Stepics Zsanett<\/p>\n","protected":false},"excerpt":{"rendered":"<p>Febru\u00e1r 25-\u00e9n (p\u00e9ntek) d\u00e9lut\u00e1n hangos mulats\u00e1ggal igyekezett az 1-3. oszt\u00e1ly el\u0171zni a telet. A jelmezes felvonul\u00e1s ut\u00e1n j\u00e1t\u00e9kos feladatokkal m\u00e9rt\u00e9k \u00f6ssze \u00fcgyess\u00e9g\u00fcket a tanul\u00f3k. Volt sz\u00e9kfoglal\u00f3 j\u00e1t\u00e9k, \u00fajs\u00e1gpap\u00edr-t\u00e1nc, van\u00edli\u00e1skarika-ev\u0151 \u00e9s lufif\u00faj\u00f3 verseny.<a class=\"moretag\" href=\"https:\/\/altisk-mlak.edu.hu\/index.php\/farsang-az-also-tagozaton\/\">Read More&#8230;<\/a><\/p>\n","protected":false},"author":3,"featured_media":0,"comment_status":"closed","ping_status":"closed","sticky":false,"template":"","format":"standard","meta":{"two_page_speed":[],"footnotes":""},"categories":[1],"tags":[],"class_list":["post-932","post","type-post","status-publish","format-standard","hentry","category-egyeb"],"_links":{"self":[{"href":"https:\/\/altisk-mlak.edu.hu\/index.php\/wp-json\/wp\/v2\/posts\/932","targetHints":{"allow":["GET"]}}],"collection":[{"href":"https:\/\/altisk-mlak.edu.hu\/index.php\/wp-json\/wp\/v2\/posts"}],"about":[{"href":"https:\/\/altisk-mlak.edu.hu\/index.php\/wp-json\/wp\/v2\/types\/post"}],"author":[{"embeddable":true,"href":"https:\/\/altisk-mlak.edu.hu\/index.php\/wp-json\/wp\/v2\/users\/3"}],"replies":[{"embeddable":true,"href":"https:\/\/altisk-mlak.edu.hu\/index.php\/wp-json\/wp\/v2\/comments?post=932"}],"version-history":[{"count":2,"href":"https:\/\/altisk-mlak.edu.hu\/index.php\/wp-json\/wp\/v2\/posts\/932\/revisions"}],"predecessor-version":[{"id":954,"href":"https:\/\/altisk-mlak.edu.hu\/index.php\/wp-json\/wp\/v2\/posts\/932\/revisions\/954"}],"wp:attachment":[{"href":"https:\/\/altisk-mlak.edu.hu\/index.php\/wp-json\/wp\/v2\/media?parent=932"}],"wp:term":[{"taxonomy":"category","embeddable":true,"href":"https:\/\/altisk-mlak.edu.hu\/index.php\/wp-json\/wp\/v2\/categories?post=932"},{"taxonomy":"post_tag","embeddable":true,"href":"https:\/\/altisk-mlak.edu.hu\/index.php\/wp-json\/wp\/v2\/tags?post=932"}],"curies":[{"name":"wp","href":"https:\/\/api.w.org\/{rel}","templated":true}]}}